{"id":657174,"date":"2023-11-16T15:44:48","date_gmt":"2023-11-16T11:44:48","guid":{"rendered":"https:\/\/arantv.az\/?p=657174"},"modified":"2023-11-16T15:44:48","modified_gmt":"2023-11-16T11:44:48","slug":"turkiy%c9%99li-nazir-z%c9%99ng%c9%99zur-d%c9%99hlizi-turk-dunyasini-birl%c9%99sdir%c9%99c%c9%99k-muhum-bir-addimdir","status":"publish","type":"post","link":"https:\/\/arantv.az\/?p=657174","title":{"rendered":"T\u00fcrkiy\u0259li nazir: \u201cZ\u0259ng\u0259zur d\u0259hlizi t\u00fcrk d\u00fcnyas\u0131n\u0131 birl\u0259\u015fdir\u0259c\u0259k m\u00fch\u00fcm bir add\u0131md\u0131r\u201d"},"content":{"rendered":"<p>\u201cZ\u0259ng\u0259zur d\u0259hlizi t\u00fcrk d\u00fcnyas\u0131n\u0131 birl\u0259\u015fdir\u0259c\u0259k m\u00fch\u00fcm bir add\u0131md\u0131r\u201d.<\/p>\n<p>\u201cReport\u201d x\u0259b\u0259r verir ki, bunu T\u00fcrkiy\u0259nin n\u0259qliyyat v\u0259 infrastruktur naziri Abdulkadir Uralo\u011flu T\u00fcrk D\u00f6vl\u0259tl\u0259ri T\u0259\u015fkilat\u0131n\u0131n n\u0259qliyyat nazirl\u0259rinin Z\u0259ngilan \u015f\u0259h\u0259rind\u0259 ke\u00e7irilmi\u015f 7-ci iclas\u0131nda bildirib.<\/p>\n<p>\u201cT\u00fcrkiy\u0259 il\u0259 Az\u0259rbaycan aras\u0131nda birba\u015fa d\u0259mir yolu v\u0259 avtomobil n\u0259qliyyat\u0131n\u0131 t\u0259min ed\u0259c\u0259k bu d\u0259hlizin b\u00fct\u00fcn t\u00fcrk d\u00fcnyas\u0131n\u0131 birl\u0259\u015fdir\u0259c\u0259k m\u00fch\u00fcm add\u0131m oldu\u011funa inan\u0131ram. Z\u0259ng\u0259zur ba\u011flant\u0131s\u0131 Qafqazda normalla\u015fma \u00fc\u00e7\u00fcn h\u0259yati \u0259h\u0259miyy\u0259t k\u0259sb edir. Biz bu \u0259laq\u0259nin \u0259n q\u0131sa zamanda tamamlanmas\u0131 \u00fc\u00e7\u00fcn Az\u0259rbaycanla \u00e7ox yax\u0131ndan i\u015fl\u0259yirik. Bu, b\u00fct\u00fcn region \u00f6lk\u0259l\u0259rinin xeyrin\u0259 olacaq\u201d, &#8211; dey\u0259 o qeyd edib.<\/p>\n","protected":false},"excerpt":{"rendered":"<p>\u201cZ\u0259ng\u0259zur d\u0259hlizi t\u00fcrk d\u00fcnyas\u0131n\u0131 birl\u0259\u015fdir\u0259c\u0259k m\u00fch\u00fcm bir add\u0131md\u0131r\u201d. \u201cReport\u201d x\u0259b\u0259r verir ki, bunu T\u00fcrkiy\u0259nin n\u0259qliyyat v\u0259 infrastruktur naziri Abdulkadir Uralo\u011flu T\u00fcrk D\u00f6vl\u0259tl\u0259ri T\u0259\u015fkilat\u0131n\u0131n n\u0259qliyyat nazirl\u0259rinin Z\u0259ngilan \u015f\u0259h\u0259rind\u0259 ke\u00e7irilmi\u015f 7-ci iclas\u0131nda bildirib. \u201cT\u00fcrkiy\u0259 il\u0259 Az\u0259rbaycan aras\u0131nda birba\u015fa d\u0259mir yolu v\u0259 avtomobil n\u0259qliyyat\u0131n\u0131 t\u0259min ed\u0259c\u0259k bu d\u0259hlizin b\u00fct\u00fcn t\u00fcrk d\u00fcnyas\u0131n\u0131 birl\u0259\u015fdir\u0259c\u0259k m\u00fch\u00fcm add\u0131m oldu\u011funa inan\u0131ram. Z\u0259ng\u0259zur ba\u011flant\u0131s\u0131 Qafqazda normalla\u015fma \u00fc\u00e7\u00fcn h\u0259yati \u0259h\u0259miyy\u0259t k\u0259sb edir. Biz bu \u0259laq\u0259nin \u0259n q\u0131sa zamanda tamamlanmas\u0131 \u00fc\u00e7\u00fcn Az\u0259rbaycanla \u00e7ox yax\u0131ndan i\u015fl\u0259yirik. Bu, b\u00fct\u00fcn region \u00f6lk\u0259l\u0259rinin xeyrin\u0259 olacaq\u201d, &#8211; dey\u0259 o qeyd edib.<\/p>\n","protected":false},"author":2,"featured_media":657175,"comment_status":"closed","ping_status":"closed","sticky":false,"template":"","format":"standard","meta":{"om_disable_all_campaigns":false,"_monsterinsights_skip_tracking":false,"_monsterinsights_sitenote_active":false,"_monsterinsights_sitenote_note":"","_monsterinsights_sitenote_category":0},"categories":[4],"tags":[],"aioseo_notices":[],"gutentor_comment":0,"rttpg_featured_image_url":{"full":["https:\/\/arantv.az\/wp-content\/uploads\/2023\/11\/b6f12e72-0d5f-3fd0-99f0-f74ede8cf2c3_850.jpg",620,413,false],"landscape":["https:\/\/arantv.az\/wp-content\/uploads\/2023\/11\/b6f12e72-0d5f-3fd0-99f0-f74ede8cf2c3_850.jpg",620,413,false],"portraits":["https:\/\/arantv.az\/wp-content\/uploads\/2023\/11\/b6f12e72-0d5f-3fd0-99f0-f74ede8cf2c3_850.jpg",620,413,false],"thumbnail":["https:\/\/arantv.az\/wp-content\/uploads\/2023\/11\/b6f12e72-0d5f-3fd0-99f0-f74ede8cf2c3_850-500x280.jpg",500,280,true],"medium":["https:\/\/arantv.az\/wp-content\/uploads\/2023\/11\/b6f12e72-0d5f-3fd0-99f0-f74ede8cf2c3_850-548x365.jpg",548,365,true],"large":["https:\/\/arantv.az\/wp-content\/uploads\/2023\/11\/b6f12e72-0d5f-3fd0-99f0-f74ede8cf2c3_850.jpg",620,413,false],"1536x1536":["https:\/\/arantv.az\/wp-content\/uploads\/2023\/11\/b6f12e72-0d5f-3fd0-99f0-f74ede8cf2c3_850.jpg",620,413,false],"2048x2048":["https:\/\/arantv.az\/wp-content\/uploads\/2023\/11\/b6f12e72-0d5f-3fd0-99f0-f74ede8cf2c3_850.jpg",620,413,false],"post-thumbnail":["https:\/\/arantv.az\/wp-content\/uploads\/2023\/11\/b6f12e72-0d5f-3fd0-99f0-f74ede8cf2c3_850-240x172.jpg",240,172,true],"advps-thumb-one":["https:\/\/arantv.az\/wp-content\/uploads\/2023\/11\/b6f12e72-0d5f-3fd0-99f0-f74ede8cf2c3_850.jpg",620,413,false]},"rttpg_author":{"display_name":"V\u00fcsal Rafiqo\u011flu","author_link":"https:\/\/arantv.az\/?author=2"},"rttpg_comment":0,"rttpg_category":"<a href=\"https:\/\/arantv.az\/?cat=4\" rel=\"category\">Siyas\u0259t<\/a>","rttpg_excerpt":"\u201cZ\u0259ng\u0259zur d\u0259hlizi t\u00fcrk d\u00fcnyas\u0131n\u0131 birl\u0259\u015fdir\u0259c\u0259k m\u00fch\u00fcm bir add\u0131md\u0131r\u201d. \u201cReport\u201d x\u0259b\u0259r verir ki, bunu T\u00fcrkiy\u0259nin n\u0259qliyyat v\u0259 infrastruktur naziri Abdulkadir Uralo\u011flu T\u00fcrk D\u00f6vl\u0259tl\u0259ri T\u0259\u015fkilat\u0131n\u0131n n\u0259qliyyat nazirl\u0259rinin Z\u0259ngilan \u015f\u0259h\u0259rind\u0259 ke\u00e7irilmi\u015f 7-ci iclas\u0131nda bildirib. \u201cT\u00fcrkiy\u0259 il\u0259 Az\u0259rbaycan aras\u0131nda birba\u015fa d\u0259mir yolu v\u0259 avtomobil n\u0259qliyyat\u0131n\u0131 t\u0259min ed\u0259c\u0259k bu d\u0259hlizin b\u00fct\u00fcn t\u00fcrk d\u00fcnyas\u0131n\u0131 birl\u0259\u015fdir\u0259c\u0259k m\u00fch\u00fcm add\u0131m oldu\u011funa inan\u0131ram. Z\u0259ng\u0259zur ba\u011flant\u0131s\u0131&hellip;","_links":{"self":[{"href":"https:\/\/arantv.az\/index.php?rest_route=\/wp\/v2\/posts\/657174"}],"collection":[{"href":"https:\/\/arantv.az\/index.php?rest_route=\/wp\/v2\/posts"}],"about":[{"href":"https:\/\/arantv.az\/index.php?rest_route=\/wp\/v2\/types\/post"}],"author":[{"embeddable":true,"href":"https:\/\/arantv.az\/index.php?rest_route=\/wp\/v2\/users\/2"}],"replies":[{"embeddable":true,"href":"https:\/\/arantv.az\/index.php?rest_route=%2Fwp%2Fv2%2Fcomments&post=657174"}],"version-history":[{"count":0,"href":"https:\/\/arantv.az\/index.php?rest_route=\/wp\/v2\/posts\/657174\/revisions"}],"wp:featuredmedia":[{"embeddable":true,"href":"https:\/\/arantv.az\/index.php?rest_route=\/wp\/v2\/media\/657175"}],"wp:attachment":[{"href":"https:\/\/arantv.az\/index.php?rest_route=%2Fwp%2Fv2%2Fmedia&parent=657174"}],"wp:term":[{"taxonomy":"category","embeddable":true,"href":"https:\/\/arantv.az\/index.php?rest_route=%2Fwp%2Fv2%2Fcategories&post=657174"},{"taxonomy":"post_tag","embeddable":true,"href":"https:\/\/arantv.az\/index.php?rest_route=%2Fwp%2Fv2%2Ftags&post=657174"}],"curies":[{"name":"wp","href":"https:\/\/api.w.org\/{rel}","templated":true}]}}