{"id":657180,"date":"2023-11-16T15:45:45","date_gmt":"2023-11-16T11:45:45","guid":{"rendered":"https:\/\/arantv.az\/?p=657180"},"modified":"2023-11-16T15:45:45","modified_gmt":"2023-11-16T11:45:45","slug":"qubad-ibadoglunun-h%c9%99bs-mudd%c9%99ti-uzadildi","status":"publish","type":"post","link":"https:\/\/arantv.az\/?p=657180","title":{"rendered":"Qubad \u0130bado\u011flunun h\u0259bs m\u00fcdd\u0259ti uzad\u0131ld\u0131"},"content":{"rendered":"<p>Az\u0259rbaycan Demokratiya v\u0259 Rifah Partiyas\u0131n\u0131n s\u0259dri Qubad \u0130bado\u011flu bar\u0259sind\u0259 se\u00e7ilmi\u015f q\u0259timkan t\u0259dbirinin m\u00fcdd\u0259tinin uzad\u0131lmas\u0131 il\u0259 ba\u011fl\u0131 m\u0259hk\u0259m\u0259y\u0259 m\u00fcraci\u0259t edilib.<\/p>\n<p>Bu bar\u0259d\u0259 \u201cQafqazinfo\u201dya onun v\u0259kili Zibeyd\u0259 Sad\u0131qova m\u0259lumat verib.<\/p>\n<p>V\u0259kil deyib ki, N\u0259rimanov Rayon M\u0259hk\u0259m\u0259sind\u0259 ke\u00e7iril\u0259n iclasda t\u0259qdimata etiraz edib. Prokuror v\u0259 m\u00fcst\u0259ntiq is\u0259 h\u0259bs q\u0259timkan t\u0259dbirinin davam\u0131n\u0131n z\u0259ruri oldu\u011funu bildiribl\u0259r.<\/p>\n<p>Q\u0259rara \u0259sas\u0259n, Q.\u0130bado\u011flunun h\u0259bsd\u0259 saxlanma m\u00fcdd\u0259ti daha \u00fc\u00e7 ay uzad\u0131l\u0131b.<\/p>\n<p>Qeyd ed\u0259k ki, Qubad \u0130bado\u011flu Cinay\u0259t M\u0259c\u0259ll\u0259sinin 204.3.1 (saxta pul v\u0259 ya qiym\u0259tli ka\u011f\u0131zlar haz\u0131rlama, \u0259ld\u0259 etm\u0259 v\u0259 ya satma m\u00fct\u0259\u015f\u0259kkil d\u0259st\u0259 t\u0259r\u0259find\u0259n t\u00f6r\u0259dildikd\u0259) v\u0259 167-3.1-ci (dini ekstremist materiallar\u0131 haz\u0131rlama, saxlama v\u0259 ya yayma) madd\u0259l\u0259ri il\u0259 ittiham olunur.<\/p>\n","protected":false},"excerpt":{"rendered":"<p>Az\u0259rbaycan Demokratiya v\u0259 Rifah Partiyas\u0131n\u0131n s\u0259dri Qubad \u0130bado\u011flu bar\u0259sind\u0259 se\u00e7ilmi\u015f q\u0259timkan t\u0259dbirinin m\u00fcdd\u0259tinin uzad\u0131lmas\u0131 il\u0259 ba\u011fl\u0131 m\u0259hk\u0259m\u0259y\u0259 m\u00fcraci\u0259t edilib. Bu bar\u0259d\u0259 \u201cQafqazinfo\u201dya onun v\u0259kili Zibeyd\u0259 Sad\u0131qova m\u0259lumat verib. V\u0259kil deyib ki, N\u0259rimanov Rayon M\u0259hk\u0259m\u0259sind\u0259 ke\u00e7iril\u0259n iclasda t\u0259qdimata etiraz edib. Prokuror v\u0259 m\u00fcst\u0259ntiq is\u0259 h\u0259bs q\u0259timkan t\u0259dbirinin davam\u0131n\u0131n z\u0259ruri oldu\u011funu bildiribl\u0259r. Q\u0259rara \u0259sas\u0259n, Q.\u0130bado\u011flunun h\u0259bsd\u0259 saxlanma m\u00fcdd\u0259ti daha \u00fc\u00e7 ay uzad\u0131l\u0131b. Qeyd ed\u0259k ki, Qubad \u0130bado\u011flu Cinay\u0259t M\u0259c\u0259ll\u0259sinin 204.3.1 (saxta pul v\u0259 ya qiym\u0259tli ka\u011f\u0131zlar haz\u0131rlama, \u0259ld\u0259 etm\u0259 v\u0259 ya satma m\u00fct\u0259\u015f\u0259kkil d\u0259st\u0259 t\u0259r\u0259find\u0259n t\u00f6r\u0259dildikd\u0259) v\u0259 167-3.1-ci (dini ekstremist materiallar\u0131 haz\u0131rlama,&hellip;<\/p>\n","protected":false},"author":2,"featured_media":657181,"comment_status":"closed","ping_status":"closed","sticky":false,"template":"","format":"standard","meta":{"om_disable_all_campaigns":false,"_monsterinsights_skip_tracking":false,"_monsterinsights_sitenote_active":false,"_monsterinsights_sitenote_note":"","_monsterinsights_sitenote_category":0},"categories":[5],"tags":[],"aioseo_notices":[],"gutentor_comment":0,"rttpg_featured_image_url":{"full":["https:\/\/arantv.az\/wp-content\/uploads\/2023\/11\/375442797_1032836431189305_551336137357878471_n.jpg",620,413,false],"landscape":["https:\/\/arantv.az\/wp-content\/uploads\/2023\/11\/375442797_1032836431189305_551336137357878471_n.jpg",620,413,false],"portraits":["https:\/\/arantv.az\/wp-content\/uploads\/2023\/11\/375442797_1032836431189305_551336137357878471_n.jpg",620,413,false],"thumbnail":["https:\/\/arantv.az\/wp-content\/uploads\/2023\/11\/375442797_1032836431189305_551336137357878471_n-500x280.jpg",500,280,true],"medium":["https:\/\/arantv.az\/wp-content\/uploads\/2023\/11\/375442797_1032836431189305_551336137357878471_n-548x365.jpg",548,365,true],"large":["https:\/\/arantv.az\/wp-content\/uploads\/2023\/11\/375442797_1032836431189305_551336137357878471_n.jpg",620,413,false],"1536x1536":["https:\/\/arantv.az\/wp-content\/uploads\/2023\/11\/375442797_1032836431189305_551336137357878471_n.jpg",620,413,false],"2048x2048":["https:\/\/arantv.az\/wp-content\/uploads\/2023\/11\/375442797_1032836431189305_551336137357878471_n.jpg",620,413,false],"post-thumbnail":["https:\/\/arantv.az\/wp-content\/uploads\/2023\/11\/375442797_1032836431189305_551336137357878471_n-240x172.jpg",240,172,true],"advps-thumb-one":["https:\/\/arantv.az\/wp-content\/uploads\/2023\/11\/375442797_1032836431189305_551336137357878471_n.jpg",620,413,false]},"rttpg_author":{"display_name":"V\u00fcsal Rafiqo\u011flu","author_link":"https:\/\/arantv.az\/?author=2"},"rttpg_comment":0,"rttpg_category":"<a href=\"https:\/\/arantv.az\/?cat=5\" rel=\"category\">Hadis\u0259<\/a>","rttpg_excerpt":"Az\u0259rbaycan Demokratiya v\u0259 Rifah Partiyas\u0131n\u0131n s\u0259dri Qubad \u0130bado\u011flu bar\u0259sind\u0259 se\u00e7ilmi\u015f q\u0259timkan t\u0259dbirinin m\u00fcdd\u0259tinin uzad\u0131lmas\u0131 il\u0259 ba\u011fl\u0131 m\u0259hk\u0259m\u0259y\u0259 m\u00fcraci\u0259t edilib. Bu bar\u0259d\u0259 \u201cQafqazinfo\u201dya onun v\u0259kili Zibeyd\u0259 Sad\u0131qova m\u0259lumat verib. V\u0259kil deyib ki, N\u0259rimanov Rayon M\u0259hk\u0259m\u0259sind\u0259 ke\u00e7iril\u0259n iclasda t\u0259qdimata etiraz edib. Prokuror v\u0259 m\u00fcst\u0259ntiq is\u0259 h\u0259bs q\u0259timkan t\u0259dbirinin davam\u0131n\u0131n z\u0259ruri oldu\u011funu bildiribl\u0259r. Q\u0259rara \u0259sas\u0259n, Q.\u0130bado\u011flunun h\u0259bsd\u0259 saxlanma&hellip;","_links":{"self":[{"href":"https:\/\/arantv.az\/index.php?rest_route=\/wp\/v2\/posts\/657180"}],"collection":[{"href":"https:\/\/arantv.az\/index.php?rest_route=\/wp\/v2\/posts"}],"about":[{"href":"https:\/\/arantv.az\/index.php?rest_route=\/wp\/v2\/types\/post"}],"author":[{"embeddable":true,"href":"https:\/\/arantv.az\/index.php?rest_route=\/wp\/v2\/users\/2"}],"replies":[{"embeddable":true,"href":"https:\/\/arantv.az\/index.php?rest_route=%2Fwp%2Fv2%2Fcomments&post=657180"}],"version-history":[{"count":0,"href":"https:\/\/arantv.az\/index.php?rest_route=\/wp\/v2\/posts\/657180\/revisions"}],"wp:featuredmedia":[{"embeddable":true,"href":"https:\/\/arantv.az\/index.php?rest_route=\/wp\/v2\/media\/657181"}],"wp:attachment":[{"href":"https:\/\/arantv.az\/index.php?rest_route=%2Fwp%2Fv2%2Fmedia&parent=657180"}],"wp:term":[{"taxonomy":"category","embeddable":true,"href":"https:\/\/arantv.az\/index.php?rest_route=%2Fwp%2Fv2%2Fcategories&post=657180"},{"taxonomy":"post_tag","embeddable":true,"href":"https:\/\/arantv.az\/index.php?rest_route=%2Fwp%2Fv2%2Ftags&post=657180"}],"curies":[{"name":"wp","href":"https:\/\/api.w.org\/{rel}","templated":true}]}}