{"id":657186,"date":"2023-11-16T15:46:45","date_gmt":"2023-11-16T11:46:45","guid":{"rendered":"https:\/\/arantv.az\/?p=657186"},"modified":"2023-11-16T15:46:45","modified_gmt":"2023-11-16T11:46:45","slug":"ceyhun-bayramov-avrasiya-patent-idar%c9%99sinin-prezidentini-q%c9%99bul-edib-foto","status":"publish","type":"post","link":"https:\/\/arantv.az\/?p=657186","title":{"rendered":"Ceyhun Bayramov Avrasiya Patent \u0130dar\u0259sinin prezidentini q\u0259bul edib &#8211; FOTO"},"content":{"rendered":"<p>Az\u0259rbaycan\u0131n xarici i\u015fl\u0259r naziri Ceyhun Bayramov noyabr\u0131n 16-da Avrasiya Patent \u0130dar\u0259sinin prezidenti Qriqori \u0130vliyevi q\u0259bul edib.<\/p>\n<p>Bu bar\u0259d\u0259 Az\u0259rbaycan X\u0130N m\u0259lumat verib.<\/p>\n<p>Qeyd olunub ki, g\u00f6r\u00fc\u015f zaman\u0131 Az\u0259rbaycanda \u0259qli m\u00fclkiyy\u0259t institutunun inki\u015faf\u0131n\u0131n \u00f6lk\u0259 r\u0259hb\u0259rliyinin diqq\u0259t m\u0259rk\u0259zind\u0259 saxlan\u0131ld\u0131\u011f\u0131, s\u00f6z\u00fcged\u0259n sah\u0259d\u0259 geni\u015fmiqyasl\u0131 struktur islahatlar\u0131n\u0131n apar\u0131ld\u0131\u011f\u0131, idar\u0259\u00e7iliyin optimalla\u015fd\u0131r\u0131ld\u0131\u011f\u0131 qar\u015f\u0131 t\u0259r\u0259fin diqq\u0259tin\u0259 \u00e7atd\u0131r\u0131l\u0131b.<\/p>\n<p>\u201cAz\u0259rbaycan 2020: g\u0259l\u0259c\u0259y\u0259 bax\u0131\u015f inki\u015faf konsepsiyas\u0131\u201d, \u201cAz\u0259rbaycan 2030: sosial-iqtisadi inki\u015fafa dair milli prioritetl\u0259r\u201d v\u0259 \u201cAz\u0259rbaycan Respublikas\u0131n\u0131n 2022-26-c\u0131 ill\u0259rd\u0259 sosial-iqtisadi inki\u015faf strategiyas\u0131\u201d kimi d\u00f6vl\u0259t \u0259h\u0259miyy\u0259tli s\u0259n\u0259dl\u0259rd\u0259 \u0259qli m\u00fclkiyy\u0259t sah\u0259sinin inki\u015faf\u0131 istiqam\u0259tl\u0259rin\u0259 ayr\u0131ca yer verildiyi ifad\u0259 olunub.<\/p>\n<p>AR \u018fqli M\u00fclkiyy\u0259t Agentliyi il\u0259 APT-AP\u0130 aras\u0131nda \u0259m\u0259kda\u015fl\u0131q \u0259laq\u0259l\u0259rinin, habel\u0259, beyn\u0259lxalq t\u0259\u015fkilatlar \u00e7\u0259r\u00e7iv\u0259sind\u0259 qar\u015f\u0131l\u0131ql\u0131 faydal\u0131 f\u0259aliyy\u0259tl\u0259rin b\u00f6y\u00fck \u00f6n\u0259m k\u0259sb etdiyi vur\u011fulan\u0131b.<\/p>\n<p>AP\u0130-nin prezidenti Qriqori \u0130vliyev t\u0259r\u0259find\u0259n qeyd edil\u0259nl\u0259rl\u0259 h\u0259mfikirlik bildiril\u0259r\u0259k, \u0259qli m\u00fclkiyy\u0259t sah\u0259sind\u0259 m\u00fcmk\u00fcn \u0259m\u0259kda\u015fl\u0131\u011f\u0131n m\u00fcvafiq kadrlar\u0131n haz\u0131rlanmas\u0131, patentl\u0259rin r\u0259smil\u0259\u015fdirilm\u0259si, vahid standartlar\u0131n t\u0259tbiqi kimi geni\u015f \u0259hat\u0259 dair\u0259sin\u0259 malik oldu\u011fu diqq\u0259t\u0259 \u00e7atd\u0131r\u0131l\u0131b.<\/p>\n<p>\u018fqli m\u00fclkiyy\u0259t sah\u0259sind\u0259 \u0259laq\u0259l\u0259rin inki\u015faf\u0131na t\u00f6hf\u0259 verilm\u0259si m\u0259qs\u0259dil\u0259 r\u0259hb\u0259r v\u0259 i\u015f\u00e7i s\u0259viyy\u0259d\u0259 t\u0259maslar\u0131n davam etdirilm\u0259sinin, konfranslar, d\u0259yirmi masalar kimi t\u0259dbirl\u0259r vasit\u0259sil\u0259 bir araya g\u0259lin\u0259r\u0259k h\u0259m ikit\u0259r\u0259fli, h\u0259m d\u0259 \u00e7oxt\u0259r\u0259fli \u0259m\u0259kda\u015fl\u0131q m\u0259s\u0259l\u0259l\u0259rin m\u00fczakir\u0259sinin \u0259h\u0259miyy\u0259ti ifad\u0259 olunub.<\/p>\n<p>G\u00f6r\u00fc\u015f zaman\u0131, h\u0259m\u00e7inin, qar\u015f\u0131l\u0131ql\u0131 maraq do\u011furan dig\u0259r m\u0259s\u0259l\u0259l\u0259r, o c\u00fcml\u0259d\u0259n AP\u0130 il\u0259 dig\u0259r beyn\u0259lxalq t\u0259\u015fkilatlar aras\u0131nda \u0259m\u0259kda\u015fl\u0131q \u0259laq\u0259l\u0259ri, qlobal patent m\u00fcraci\u0259tl\u0259ri sah\u0259sind\u0259 son meyill\u0259r, AP\u0130-nin m\u00fcvafiq strukturlar\u0131na se\u00e7kil\u0259r bar\u0259d\u0259 fikir m\u00fcbadil\u0259si apar\u0131l\u0131b.<\/p>\n<p>&nbsp;<\/p>\n<div class=\"gallery\">\n<div class=\"gallery-i\"><img src=\"https:\/\/cdn.oxu.az\/uploads\/W1siZiIsIjIwMjMvMTEvMTYvMTUvMTUvMzYvZWYwOWZjMWYtMjQ5Mi00MWM0LTljM2MtNzk4NGY2NTYxZTQyLzA1NjJmN2M2LTg1NWEtMzM2MC1iN2VjLTNlY2FmMjRhNGNhYS5qcGciXSxbInAiLCJlbmNvZGUiLCJqcGciLCItcXVhbGl0eSA4MCJdLFsicCIsInRodW1iIiwiNTkweDU5MFx1MDAzZSJdXQ?sha=21f658bd4d2e3f69\" alt=\"\" \/><\/p>\n<div class=\"gallery-i-caption\"><\/div>\n<\/div>\n<div class=\"gallery-i\"><img src=\"https:\/\/cdn.oxu.az\/uploads\/W1siZiIsIjIwMjMvMTEvMTYvMTUvMTUvMzcvOTliMWVmOTYtYzMyZi00YjM5LTg1M2EtNDBmZjE0OWRlOWYxL2M2ODZhNzEwLTJhNGItM2NmNC1hOWQxLTE5NzkzYTllMWIyNi5qcGciXSxbInAiLCJlbmNvZGUiLCJqcGciLCItcXVhbGl0eSA4MCJdLFsicCIsInRodW1iIiwiNTkweDU5MFx1MDAzZSJdXQ?sha=c8b68076d8d50551\" alt=\"\" \/><\/div>\n<\/div>\n","protected":false},"excerpt":{"rendered":"<p>Az\u0259rbaycan\u0131n xarici i\u015fl\u0259r naziri Ceyhun Bayramov noyabr\u0131n 16-da Avrasiya Patent \u0130dar\u0259sinin prezidenti Qriqori \u0130vliyevi q\u0259bul edib. Bu bar\u0259d\u0259 Az\u0259rbaycan X\u0130N m\u0259lumat verib. Qeyd olunub ki, g\u00f6r\u00fc\u015f zaman\u0131 Az\u0259rbaycanda \u0259qli m\u00fclkiyy\u0259t institutunun inki\u015faf\u0131n\u0131n \u00f6lk\u0259 r\u0259hb\u0259rliyinin diqq\u0259t m\u0259rk\u0259zind\u0259 saxlan\u0131ld\u0131\u011f\u0131, s\u00f6z\u00fcged\u0259n sah\u0259d\u0259 geni\u015fmiqyasl\u0131 struktur islahatlar\u0131n\u0131n apar\u0131ld\u0131\u011f\u0131, idar\u0259\u00e7iliyin optimalla\u015fd\u0131r\u0131ld\u0131\u011f\u0131 qar\u015f\u0131 t\u0259r\u0259fin diqq\u0259tin\u0259 \u00e7atd\u0131r\u0131l\u0131b. \u201cAz\u0259rbaycan 2020: g\u0259l\u0259c\u0259y\u0259 bax\u0131\u015f inki\u015faf konsepsiyas\u0131\u201d, \u201cAz\u0259rbaycan 2030: sosial-iqtisadi inki\u015fafa dair milli prioritetl\u0259r\u201d v\u0259 \u201cAz\u0259rbaycan Respublikas\u0131n\u0131n 2022-26-c\u0131 ill\u0259rd\u0259 sosial-iqtisadi inki\u015faf strategiyas\u0131\u201d kimi d\u00f6vl\u0259t \u0259h\u0259miyy\u0259tli s\u0259n\u0259dl\u0259rd\u0259 \u0259qli m\u00fclkiyy\u0259t sah\u0259sinin inki\u015faf\u0131 istiqam\u0259tl\u0259rin\u0259 ayr\u0131ca yer verildiyi ifad\u0259 olunub. AR \u018fqli M\u00fclkiyy\u0259t Agentliyi il\u0259 APT-AP\u0130&hellip;<\/p>\n","protected":false},"author":2,"featured_media":657187,"comment_status":"closed","ping_status":"closed","sticky":false,"template":"","format":"standard","meta":{"om_disable_all_campaigns":false,"_monsterinsights_skip_tracking":false,"_monsterinsights_sitenote_active":false,"_monsterinsights_sitenote_note":"","_monsterinsights_sitenote_category":0},"categories":[4],"tags":[],"aioseo_notices":[],"gutentor_comment":0,"rttpg_featured_image_url":{"full":["https:\/\/arantv.az\/wp-content\/uploads\/2023\/11\/858a2fab-5015-371b-a2d4-5f4889751c9f_850.jpg",620,413,false],"landscape":["https:\/\/arantv.az\/wp-content\/uploads\/2023\/11\/858a2fab-5015-371b-a2d4-5f4889751c9f_850.jpg",620,413,false],"portraits":["https:\/\/arantv.az\/wp-content\/uploads\/2023\/11\/858a2fab-5015-371b-a2d4-5f4889751c9f_850.jpg",620,413,false],"thumbnail":["https:\/\/arantv.az\/wp-content\/uploads\/2023\/11\/858a2fab-5015-371b-a2d4-5f4889751c9f_850-500x280.jpg",500,280,true],"medium":["https:\/\/arantv.az\/wp-content\/uploads\/2023\/11\/858a2fab-5015-371b-a2d4-5f4889751c9f_850-548x365.jpg",548,365,true],"large":["https:\/\/arantv.az\/wp-content\/uploads\/2023\/11\/858a2fab-5015-371b-a2d4-5f4889751c9f_850.jpg",620,413,false],"1536x1536":["https:\/\/arantv.az\/wp-content\/uploads\/2023\/11\/858a2fab-5015-371b-a2d4-5f4889751c9f_850.jpg",620,413,false],"2048x2048":["https:\/\/arantv.az\/wp-content\/uploads\/2023\/11\/858a2fab-5015-371b-a2d4-5f4889751c9f_850.jpg",620,413,false],"post-thumbnail":["https:\/\/arantv.az\/wp-content\/uploads\/2023\/11\/858a2fab-5015-371b-a2d4-5f4889751c9f_850-240x172.jpg",240,172,true],"advps-thumb-one":["https:\/\/arantv.az\/wp-content\/uploads\/2023\/11\/858a2fab-5015-371b-a2d4-5f4889751c9f_850.jpg",620,413,false]},"rttpg_author":{"display_name":"V\u00fcsal Rafiqo\u011flu","author_link":"https:\/\/arantv.az\/?author=2"},"rttpg_comment":0,"rttpg_category":"<a href=\"https:\/\/arantv.az\/?cat=4\" rel=\"category\">Siyas\u0259t<\/a>","rttpg_excerpt":"Az\u0259rbaycan\u0131n xarici i\u015fl\u0259r naziri Ceyhun Bayramov noyabr\u0131n 16-da Avrasiya Patent \u0130dar\u0259sinin prezidenti Qriqori \u0130vliyevi q\u0259bul edib. Bu bar\u0259d\u0259 Az\u0259rbaycan X\u0130N m\u0259lumat verib. Qeyd olunub ki, g\u00f6r\u00fc\u015f zaman\u0131 Az\u0259rbaycanda \u0259qli m\u00fclkiyy\u0259t institutunun inki\u015faf\u0131n\u0131n \u00f6lk\u0259 r\u0259hb\u0259rliyinin diqq\u0259t m\u0259rk\u0259zind\u0259 saxlan\u0131ld\u0131\u011f\u0131, s\u00f6z\u00fcged\u0259n sah\u0259d\u0259 geni\u015fmiqyasl\u0131 struktur islahatlar\u0131n\u0131n apar\u0131ld\u0131\u011f\u0131, idar\u0259\u00e7iliyin optimalla\u015fd\u0131r\u0131ld\u0131\u011f\u0131 qar\u015f\u0131 t\u0259r\u0259fin diqq\u0259tin\u0259 \u00e7atd\u0131r\u0131l\u0131b. \u201cAz\u0259rbaycan 2020: g\u0259l\u0259c\u0259y\u0259 bax\u0131\u015f inki\u015faf konsepsiyas\u0131\u201d,&hellip;","_links":{"self":[{"href":"https:\/\/arantv.az\/index.php?rest_route=\/wp\/v2\/posts\/657186"}],"collection":[{"href":"https:\/\/arantv.az\/index.php?rest_route=\/wp\/v2\/posts"}],"about":[{"href":"https:\/\/arantv.az\/index.php?rest_route=\/wp\/v2\/types\/post"}],"author":[{"embeddable":true,"href":"https:\/\/arantv.az\/index.php?rest_route=\/wp\/v2\/users\/2"}],"replies":[{"embeddable":true,"href":"https:\/\/arantv.az\/index.php?rest_route=%2Fwp%2Fv2%2Fcomments&post=657186"}],"version-history":[{"count":0,"href":"https:\/\/arantv.az\/index.php?rest_route=\/wp\/v2\/posts\/657186\/revisions"}],"wp:featuredmedia":[{"embeddable":true,"href":"https:\/\/arantv.az\/index.php?rest_route=\/wp\/v2\/media\/657187"}],"wp:attachment":[{"href":"https:\/\/arantv.az\/index.php?rest_route=%2Fwp%2Fv2%2Fmedia&parent=657186"}],"wp:term":[{"taxonomy":"category","embeddable":true,"href":"https:\/\/arantv.az\/index.php?rest_route=%2Fwp%2Fv2%2Fcategories&post=657186"},{"taxonomy":"post_tag","embeddable":true,"href":"https:\/\/arantv.az\/index.php?rest_route=%2Fwp%2Fv2%2Ftags&post=657186"}],"curies":[{"name":"wp","href":"https:\/\/api.w.org\/{rel}","templated":true}]}}