{"id":657189,"date":"2023-11-16T15:47:29","date_gmt":"2023-11-16T11:47:29","guid":{"rendered":"https:\/\/arantv.az\/?p=657189"},"modified":"2023-11-16T15:47:29","modified_gmt":"2023-11-16T11:47:29","slug":"r%c9%99smi-baki-regionda-yeni-32-%c9%99m%c9%99kdasliq-formati-elan-etdi","status":"publish","type":"post","link":"https:\/\/arantv.az\/?p=657189","title":{"rendered":"R\u0259smi Bak\u0131 regionda yeni \u201c3+2\u201d \u0259m\u0259kda\u015fl\u0131q format\u0131 elan etdi"},"content":{"rendered":"<p>R\u0259smi Bak\u0131 regionda yeni \u0259m\u0259kda\u015fl\u0131q format\u0131n\u0131 elan edib. \u0130ndiy\u0259d\u0259k \u201c3+3\u201d\u00a0(Az\u0259rbaycan-G\u00fcrc\u00fcstan-Erm\u0259nistan-T\u00fcrkiy\u0259-Rusiya-\u0130ran) olan format bundan sonra \u201c3+2\u201d\u00a0(Az\u0259rbaycan-Erm\u0259nistan-T\u00fcrkiy\u0259-Rusiya-\u0130ran) \u015f\u0259klind\u0259 olacaq.<\/p>\n<p>Bu m\u0259lumat Az\u0259rbaycan Xarici \u0130\u015fl\u0259r Nazirliyinin AB\u015e d\u00f6vl\u0259t katibinin k\u00f6m\u0259k\u00e7isi Ceyms O\u2019Brayn\u0131n N\u00fcmay\u0259nd\u0259l\u0259r Palatas\u0131n\u0131n Xarici \u0130\u015fl\u0259r Komit\u0259sinin Avropa \u00fczr\u0259 alt komit\u0259sinin dinl\u0259m\u0259l\u0259rind\u0259 verdiyi a\u00e7\u0131qlamalar\u0131na dair \u015f\u0259rhind\u0259 yer al\u0131b.<\/p>\n<p>Bildirilib ki, region \u00f6lk\u0259si olmayan AB\u015e \u00f6z add\u0131mlar\u0131 v\u0259 b\u0259yanatlar\u0131 il\u0259 b\u00f6lg\u0259 \u00f6lk\u0259l\u0259rinin n\u0259qliyyat t\u0259hl\u00fck\u0259sizliyi s\u0259yl\u0259rin\u0259 z\u0259rb\u0259 vurur:<\/p>\n<p>\u201cAB\u015e t\u0259r\u0259fin\u0259 yax\u015f\u0131 m\u0259lumdur ki, Erm\u0259nistan\u0131n 2020-ci il \u00dc\u00e7t\u0259r\u0259fli B\u0259yanat\u0131n 9-cu b\u0259ndind\u0259n ir\u0259li g\u0259l\u0259n \u00f6hd\u0259likl\u0259rini yerin\u0259 yetirm\u0259m\u0259si Az\u0259rbaycan\u0131 alternativ yollar\u0131n tikintisi il\u0259 ba\u011fl\u0131 q\u0259rar q\u0259bul etm\u0259y\u0259 s\u00f6vq edib. Qon\u015fu d\u00f6vl\u0259tl\u0259rl\u0259 kommunikasiya x\u0259tl\u0259rinin \u00e7\u0259kilm\u0259si qaydas\u0131n\u0131n raz\u0131la\u015fd\u0131r\u0131lmas\u0131, o c\u00fcml\u0259d\u0259n \u0130ranla Nax\u00e7\u0131van Muxtar Respublikas\u0131na mar\u015frutla ba\u011fl\u0131 m\u00fcqavil\u0259 Az\u0259rbaycan\u0131n suveren h\u00fcququdur. Bunun fonunda, Az\u0259rbaycan da regionun t\u0259hl\u00fck\u0259sizliyi \u00fc\u00e7\u00fcn \u201c3+2\u201d format\u0131n\u0131n (Az\u0259rbaycan-Erm\u0259nistan-T\u00fcrkiy\u0259-Rusiya-\u0130ran) prioritet oldu\u011funu bir daha t\u0259sdiql\u0259yir. Bu istiqam\u0259td\u0259, s\u00f6z\u00fcged\u0259n s\u0259yl\u0259r\u0259 x\u0259l\u0259l g\u0259tir\u0259n h\u0259r hans\u0131 bir \u015f\u0259rh yersizdir\u201d.<\/p>\n","protected":false},"excerpt":{"rendered":"<p>R\u0259smi Bak\u0131 regionda yeni \u0259m\u0259kda\u015fl\u0131q format\u0131n\u0131 elan edib. \u0130ndiy\u0259d\u0259k \u201c3+3\u201d\u00a0(Az\u0259rbaycan-G\u00fcrc\u00fcstan-Erm\u0259nistan-T\u00fcrkiy\u0259-Rusiya-\u0130ran) olan format bundan sonra \u201c3+2\u201d\u00a0(Az\u0259rbaycan-Erm\u0259nistan-T\u00fcrkiy\u0259-Rusiya-\u0130ran) \u015f\u0259klind\u0259 olacaq. Bu m\u0259lumat Az\u0259rbaycan Xarici \u0130\u015fl\u0259r Nazirliyinin AB\u015e d\u00f6vl\u0259t katibinin k\u00f6m\u0259k\u00e7isi Ceyms O\u2019Brayn\u0131n N\u00fcmay\u0259nd\u0259l\u0259r Palatas\u0131n\u0131n Xarici \u0130\u015fl\u0259r Komit\u0259sinin Avropa \u00fczr\u0259 alt komit\u0259sinin dinl\u0259m\u0259l\u0259rind\u0259 verdiyi a\u00e7\u0131qlamalar\u0131na dair \u015f\u0259rhind\u0259 yer al\u0131b. Bildirilib ki, region \u00f6lk\u0259si olmayan AB\u015e \u00f6z add\u0131mlar\u0131 v\u0259 b\u0259yanatlar\u0131 il\u0259 b\u00f6lg\u0259 \u00f6lk\u0259l\u0259rinin n\u0259qliyyat t\u0259hl\u00fck\u0259sizliyi s\u0259yl\u0259rin\u0259 z\u0259rb\u0259 vurur: \u201cAB\u015e t\u0259r\u0259fin\u0259 yax\u015f\u0131 m\u0259lumdur ki, Erm\u0259nistan\u0131n 2020-ci il \u00dc\u00e7t\u0259r\u0259fli B\u0259yanat\u0131n 9-cu b\u0259ndind\u0259n ir\u0259li g\u0259l\u0259n \u00f6hd\u0259likl\u0259rini yerin\u0259 yetirm\u0259m\u0259si Az\u0259rbaycan\u0131 alternativ yollar\u0131n tikintisi il\u0259 ba\u011fl\u0131 q\u0259rar q\u0259bul etm\u0259y\u0259 s\u00f6vq&hellip;<\/p>\n","protected":false},"author":2,"featured_media":657190,"comment_status":"closed","ping_status":"closed","sticky":false,"template":"","format":"standard","meta":{"om_disable_all_campaigns":false,"_monsterinsights_skip_tracking":false,"_monsterinsights_sitenote_active":false,"_monsterinsights_sitenote_note":"","_monsterinsights_sitenote_category":0},"categories":[4],"tags":[],"aioseo_notices":[],"gutentor_comment":0,"rttpg_featured_image_url":{"full":["https:\/\/arantv.az\/wp-content\/uploads\/2023\/11\/FotoJet-61-1.jpg",620,413,false],"landscape":["https:\/\/arantv.az\/wp-content\/uploads\/2023\/11\/FotoJet-61-1.jpg",620,413,false],"portraits":["https:\/\/arantv.az\/wp-content\/uploads\/2023\/11\/FotoJet-61-1.jpg",620,413,false],"thumbnail":["https:\/\/arantv.az\/wp-content\/uploads\/2023\/11\/FotoJet-61-1-500x280.jpg",500,280,true],"medium":["https:\/\/arantv.az\/wp-content\/uploads\/2023\/11\/FotoJet-61-1-548x365.jpg",548,365,true],"large":["https:\/\/arantv.az\/wp-content\/uploads\/2023\/11\/FotoJet-61-1.jpg",620,413,false],"1536x1536":["https:\/\/arantv.az\/wp-content\/uploads\/2023\/11\/FotoJet-61-1.jpg",620,413,false],"2048x2048":["https:\/\/arantv.az\/wp-content\/uploads\/2023\/11\/FotoJet-61-1.jpg",620,413,false],"post-thumbnail":["https:\/\/arantv.az\/wp-content\/uploads\/2023\/11\/FotoJet-61-1-240x172.jpg",240,172,true],"advps-thumb-one":["https:\/\/arantv.az\/wp-content\/uploads\/2023\/11\/FotoJet-61-1.jpg",620,413,false]},"rttpg_author":{"display_name":"V\u00fcsal Rafiqo\u011flu","author_link":"https:\/\/arantv.az\/?author=2"},"rttpg_comment":0,"rttpg_category":"<a href=\"https:\/\/arantv.az\/?cat=4\" rel=\"category\">Siyas\u0259t<\/a>","rttpg_excerpt":"R\u0259smi Bak\u0131 regionda yeni \u0259m\u0259kda\u015fl\u0131q format\u0131n\u0131 elan edib. \u0130ndiy\u0259d\u0259k \u201c3+3\u201d\u00a0(Az\u0259rbaycan-G\u00fcrc\u00fcstan-Erm\u0259nistan-T\u00fcrkiy\u0259-Rusiya-\u0130ran) olan format bundan sonra \u201c3+2\u201d\u00a0(Az\u0259rbaycan-Erm\u0259nistan-T\u00fcrkiy\u0259-Rusiya-\u0130ran) \u015f\u0259klind\u0259 olacaq. Bu m\u0259lumat Az\u0259rbaycan Xarici \u0130\u015fl\u0259r Nazirliyinin AB\u015e d\u00f6vl\u0259t katibinin k\u00f6m\u0259k\u00e7isi Ceyms O\u2019Brayn\u0131n N\u00fcmay\u0259nd\u0259l\u0259r Palatas\u0131n\u0131n Xarici \u0130\u015fl\u0259r Komit\u0259sinin Avropa \u00fczr\u0259 alt komit\u0259sinin dinl\u0259m\u0259l\u0259rind\u0259 verdiyi a\u00e7\u0131qlamalar\u0131na dair \u015f\u0259rhind\u0259 yer al\u0131b. Bildirilib ki, region \u00f6lk\u0259si olmayan AB\u015e \u00f6z add\u0131mlar\u0131 v\u0259 b\u0259yanatlar\u0131&hellip;","_links":{"self":[{"href":"https:\/\/arantv.az\/index.php?rest_route=\/wp\/v2\/posts\/657189"}],"collection":[{"href":"https:\/\/arantv.az\/index.php?rest_route=\/wp\/v2\/posts"}],"about":[{"href":"https:\/\/arantv.az\/index.php?rest_route=\/wp\/v2\/types\/post"}],"author":[{"embeddable":true,"href":"https:\/\/arantv.az\/index.php?rest_route=\/wp\/v2\/users\/2"}],"replies":[{"embeddable":true,"href":"https:\/\/arantv.az\/index.php?rest_route=%2Fwp%2Fv2%2Fcomments&post=657189"}],"version-history":[{"count":0,"href":"https:\/\/arantv.az\/index.php?rest_route=\/wp\/v2\/posts\/657189\/revisions"}],"wp:featuredmedia":[{"embeddable":true,"href":"https:\/\/arantv.az\/index.php?rest_route=\/wp\/v2\/media\/657190"}],"wp:attachment":[{"href":"https:\/\/arantv.az\/index.php?rest_route=%2Fwp%2Fv2%2Fmedia&parent=657189"}],"wp:term":[{"taxonomy":"category","embeddable":true,"href":"https:\/\/arantv.az\/index.php?rest_route=%2Fwp%2Fv2%2Fcategories&post=657189"},{"taxonomy":"post_tag","embeddable":true,"href":"https:\/\/arantv.az\/index.php?rest_route=%2Fwp%2Fv2%2Ftags&post=657189"}],"curies":[{"name":"wp","href":"https:\/\/api.w.org\/{rel}","templated":true}]}}