{"id":657193,"date":"2023-11-16T15:48:05","date_gmt":"2023-11-16T11:48:05","guid":{"rendered":"https:\/\/arantv.az\/?p=657193"},"modified":"2023-11-16T15:48:05","modified_gmt":"2023-11-16T11:48:05","slug":"az%c9%99rbaycan-xin-abs-separatci-rejimi-d%c9%99st%c9%99kl%c9%99yir","status":"publish","type":"post","link":"https:\/\/arantv.az\/?p=657193","title":{"rendered":"Az\u0259rbaycan X\u0130N: \u201cAB\u015e separat\u00e7\u0131 rejimi d\u0259st\u0259kl\u0259yir\u201d"},"content":{"rendered":"<p>\u201cAB\u015e separat\u00e7\u0131 rejimi d\u0259st\u0259kl\u0259y\u0259n t\u0259r\u0259f olaraq ikili standart yana\u015fmas\u0131n\u0131n qar\u015f\u0131s\u0131n\u0131 almama\u011fa g\u00f6r\u0259 d\u0259 cavabdehdir\u201d.<\/p>\n<p><strong>ARANTV.AZ <\/strong>\u00a0x\u0259b\u0259r verir x\u0259b\u0259r verir ki, bu fikir Az\u0259rbaycan Xarici \u0130\u015fl\u0259r Nazirliyinin (X\u0130N) AB\u015e d\u00f6vl\u0259t katibinin k\u00f6m\u0259k\u00e7isi Ceyms O\u2019Brayn\u0131n N\u00fcmay\u0259nd\u0259l\u0259r Palatas\u0131n\u0131n Xarici \u0130\u015fl\u0259r Komit\u0259sinin Avropa \u00fczr\u0259 altkomit\u0259sinin dinl\u0259m\u0259l\u0259rind\u0259 verdiyi \u0259sass\u0131z a\u00e7\u0131qlamalar\u0131na dair \u015f\u0259rhind\u0259 yer al\u0131b.<\/p>\n<p>Bildirilib ki, Az\u0259rbaycan n\u0259inki 2020-ci ilin 44 g\u00fcnl\u00fck m\u00fcharib\u0259sind\u0259n sonra, h\u0259tta \u0259razil\u0259rinin i\u015f\u011fal olundu\u011fu 30 il\u0259 yax\u0131n m\u00fcdd\u0259t \u0259rzind\u0259 d\u0259 beyn\u0259lxalq h\u00fcququn norma v\u0259 prinsipl\u0259rin\u0259, o c\u00fcml\u0259d\u0259n s\u00fclh prosesin\u0259 sadiq olub:<\/p>\n<p>\u201c\u018fksin\u0259, vasit\u0259\u00e7il\u0259rd\u0259n biri olan AB\u015e t\u0259r\u0259fi, t\u0259cav\u00fczkar v\u0259 regionda sabitliyin pozulmas\u0131na s\u0259b\u0259b olan Erm\u0259nistana beyn\u0259lxalq h\u00fcquqa uy\u011fun davranmas\u0131 il\u0259 ba\u011fl\u0131 he\u00e7 vaxt \u00e7a\u011f\u0131r\u0131\u015f etm\u0259m\u0259kl\u0259 ba\u011fl\u0131 da m\u0259suliyy\u0259t da\u015f\u0131y\u0131r. Bundan \u0259lav\u0259, AB\u015e, separat\u00e7\u0131 rejimi d\u0259st\u0259kl\u0259y\u0259n t\u0259r\u0259f olaraq, s\u00f6z\u00fcged\u0259n rejimi r\u0259smi olaraq maliyy\u0259l\u0259\u015fdir\u0259n v\u0259 m\u00fcnt\u0259z\u0259m \u015f\u0259kild\u0259 onlar\u0131n AB\u015e-y\u0259 s\u0259yah\u0259tl\u0259rini v\u0259 AB\u015e r\u0259smil\u0259ri il\u0259 g\u00f6r\u00fc\u015fl\u0259rini t\u0259\u015fkil ed\u0259n yegan\u0259 \u00f6lk\u0259 olmaqla, ikili standart yana\u015fmas\u0131n\u0131n qar\u015f\u0131s\u0131n\u0131 almama\u011fa g\u00f6r\u0259 d\u0259 cavabdehdir\u201d.<\/p>\n","protected":false},"excerpt":{"rendered":"<p>\u201cAB\u015e separat\u00e7\u0131 rejimi d\u0259st\u0259kl\u0259y\u0259n t\u0259r\u0259f olaraq ikili standart yana\u015fmas\u0131n\u0131n qar\u015f\u0131s\u0131n\u0131 almama\u011fa g\u00f6r\u0259 d\u0259 cavabdehdir\u201d. ARANTV.AZ \u00a0x\u0259b\u0259r verir x\u0259b\u0259r verir ki, bu fikir Az\u0259rbaycan Xarici \u0130\u015fl\u0259r Nazirliyinin (X\u0130N) AB\u015e d\u00f6vl\u0259t katibinin k\u00f6m\u0259k\u00e7isi Ceyms O\u2019Brayn\u0131n N\u00fcmay\u0259nd\u0259l\u0259r Palatas\u0131n\u0131n Xarici \u0130\u015fl\u0259r Komit\u0259sinin Avropa \u00fczr\u0259 altkomit\u0259sinin dinl\u0259m\u0259l\u0259rind\u0259 verdiyi \u0259sass\u0131z a\u00e7\u0131qlamalar\u0131na dair \u015f\u0259rhind\u0259 yer al\u0131b. Bildirilib ki, Az\u0259rbaycan n\u0259inki 2020-ci ilin 44 g\u00fcnl\u00fck m\u00fcharib\u0259sind\u0259n sonra, h\u0259tta \u0259razil\u0259rinin i\u015f\u011fal olundu\u011fu 30 il\u0259 yax\u0131n m\u00fcdd\u0259t \u0259rzind\u0259 d\u0259 beyn\u0259lxalq h\u00fcququn norma v\u0259 prinsipl\u0259rin\u0259, o c\u00fcml\u0259d\u0259n s\u00fclh prosesin\u0259 sadiq olub: \u201c\u018fksin\u0259, vasit\u0259\u00e7il\u0259rd\u0259n biri olan AB\u015e t\u0259r\u0259fi, t\u0259cav\u00fczkar v\u0259 regionda sabitliyin&hellip;<\/p>\n","protected":false},"author":2,"featured_media":657194,"comment_status":"closed","ping_status":"closed","sticky":false,"template":"","format":"standard","meta":{"om_disable_all_campaigns":false,"_monsterinsights_skip_tracking":false,"_monsterinsights_sitenote_active":false,"_monsterinsights_sitenote_note":"","_monsterinsights_sitenote_category":0},"categories":[4],"tags":[],"aioseo_notices":[],"gutentor_comment":0,"rttpg_featured_image_url":{"full":["https:\/\/arantv.az\/wp-content\/uploads\/2023\/11\/ABS.jpg",620,413,false],"landscape":["https:\/\/arantv.az\/wp-content\/uploads\/2023\/11\/ABS.jpg",620,413,false],"portraits":["https:\/\/arantv.az\/wp-content\/uploads\/2023\/11\/ABS.jpg",620,413,false],"thumbnail":["https:\/\/arantv.az\/wp-content\/uploads\/2023\/11\/ABS-500x280.jpg",500,280,true],"medium":["https:\/\/arantv.az\/wp-content\/uploads\/2023\/11\/ABS-548x365.jpg",548,365,true],"large":["https:\/\/arantv.az\/wp-content\/uploads\/2023\/11\/ABS.jpg",620,413,false],"1536x1536":["https:\/\/arantv.az\/wp-content\/uploads\/2023\/11\/ABS.jpg",620,413,false],"2048x2048":["https:\/\/arantv.az\/wp-content\/uploads\/2023\/11\/ABS.jpg",620,413,false],"post-thumbnail":["https:\/\/arantv.az\/wp-content\/uploads\/2023\/11\/ABS-240x172.jpg",240,172,true],"advps-thumb-one":["https:\/\/arantv.az\/wp-content\/uploads\/2023\/11\/ABS.jpg",620,413,false]},"rttpg_author":{"display_name":"V\u00fcsal Rafiqo\u011flu","author_link":"https:\/\/arantv.az\/?author=2"},"rttpg_comment":0,"rttpg_category":"<a href=\"https:\/\/arantv.az\/?cat=4\" rel=\"category\">Siyas\u0259t<\/a>","rttpg_excerpt":"\u201cAB\u015e separat\u00e7\u0131 rejimi d\u0259st\u0259kl\u0259y\u0259n t\u0259r\u0259f olaraq ikili standart yana\u015fmas\u0131n\u0131n qar\u015f\u0131s\u0131n\u0131 almama\u011fa g\u00f6r\u0259 d\u0259 cavabdehdir\u201d. ARANTV.AZ \u00a0x\u0259b\u0259r verir x\u0259b\u0259r verir ki, bu fikir Az\u0259rbaycan Xarici \u0130\u015fl\u0259r Nazirliyinin (X\u0130N) AB\u015e d\u00f6vl\u0259t katibinin k\u00f6m\u0259k\u00e7isi Ceyms O\u2019Brayn\u0131n N\u00fcmay\u0259nd\u0259l\u0259r Palatas\u0131n\u0131n Xarici \u0130\u015fl\u0259r Komit\u0259sinin Avropa \u00fczr\u0259 altkomit\u0259sinin dinl\u0259m\u0259l\u0259rind\u0259 verdiyi \u0259sass\u0131z a\u00e7\u0131qlamalar\u0131na dair \u015f\u0259rhind\u0259 yer al\u0131b. Bildirilib ki, Az\u0259rbaycan n\u0259inki 2020-ci ilin&hellip;","_links":{"self":[{"href":"https:\/\/arantv.az\/index.php?rest_route=\/wp\/v2\/posts\/657193"}],"collection":[{"href":"https:\/\/arantv.az\/index.php?rest_route=\/wp\/v2\/posts"}],"about":[{"href":"https:\/\/arantv.az\/index.php?rest_route=\/wp\/v2\/types\/post"}],"author":[{"embeddable":true,"href":"https:\/\/arantv.az\/index.php?rest_route=\/wp\/v2\/users\/2"}],"replies":[{"embeddable":true,"href":"https:\/\/arantv.az\/index.php?rest_route=%2Fwp%2Fv2%2Fcomments&post=657193"}],"version-history":[{"count":0,"href":"https:\/\/arantv.az\/index.php?rest_route=\/wp\/v2\/posts\/657193\/revisions"}],"wp:featuredmedia":[{"embeddable":true,"href":"https:\/\/arantv.az\/index.php?rest_route=\/wp\/v2\/media\/657194"}],"wp:attachment":[{"href":"https:\/\/arantv.az\/index.php?rest_route=%2Fwp%2Fv2%2Fmedia&parent=657193"}],"wp:term":[{"taxonomy":"category","embeddable":true,"href":"https:\/\/arantv.az\/index.php?rest_route=%2Fwp%2Fv2%2Fcategories&post=657193"},{"taxonomy":"post_tag","embeddable":true,"href":"https:\/\/arantv.az\/index.php?rest_route=%2Fwp%2Fv2%2Ftags&post=657193"}],"curies":[{"name":"wp","href":"https:\/\/api.w.org\/{rel}","templated":true}]}}