{"id":657199,"date":"2023-11-16T15:49:31","date_gmt":"2023-11-16T11:49:31","guid":{"rendered":"https:\/\/arantv.az\/?p=657199"},"modified":"2023-11-16T15:49:31","modified_gmt":"2023-11-16T11:49:31","slug":"az%c9%99rbaycan-vasinqtonda-erm%c9%99nistanla-keciril%c9%99c%c9%99k-gorusd%c9%99n-imtina-edib","status":"publish","type":"post","link":"https:\/\/arantv.az\/?p=657199","title":{"rendered":"Az\u0259rbaycan Va\u015finqtonda Erm\u0259nistanla ke\u00e7iril\u0259c\u0259k g\u00f6r\u00fc\u015fd\u0259n imtina edib"},"content":{"rendered":"<p>AB\u015e-\u0131n birt\u0259r\u0259fli yana\u015fmas\u0131 AB\u015e-\u0131n vasit\u0259\u00e7ilik rolunu itirm\u0259sin\u0259 g\u0259tirib \u00e7\u0131xara bil\u0259r.<\/p>\n<p>Bu bar\u0259d\u0259 X\u0130N-in AB\u015e d\u00f6vl\u0259t katibinin k\u00f6m\u0259k\u00e7isi Ceyms O\u2019Brayn\u0131n N\u00fcmay\u0259nd\u0259l\u0259r Palatas\u0131n\u0131n Xarici \u0130\u015fl\u0259r Komit\u0259sinin Avropa \u00fczr\u0259 alt komit\u0259sinin dinl\u0259m\u0259l\u0259rind\u0259 verdiyi \u0259sass\u0131z a\u00e7\u0131qlamalar\u0131na dair \u015f\u0259rhind\u0259 deyilir.<\/p>\n<p>\u201cBu \u015f\u0259rtl\u0259r alt\u0131nda bizim 20 noyabr 2023-c\u00fc ild\u0259 Va\u015finqtonda Az\u0259rbaycan v\u0259 Erm\u0259nistan xarici i\u015fl\u0259r nazirl\u0259ri s\u0259viyy\u0259sind\u0259 ke\u00e7irilm\u0259si t\u0259klif olunan g\u00f6r\u00fc\u015f\u00fcn ba\u015f tutmas\u0131n\u0131 m\u00fcmk\u00fcn hesab etm\u0259diyimizi qeyd etm\u0259k vacibdir\u201d, &#8211; dey\u0259 qeyd olunub.<\/p>\n","protected":false},"excerpt":{"rendered":"<p>AB\u015e-\u0131n birt\u0259r\u0259fli yana\u015fmas\u0131 AB\u015e-\u0131n vasit\u0259\u00e7ilik rolunu itirm\u0259sin\u0259 g\u0259tirib \u00e7\u0131xara bil\u0259r. Bu bar\u0259d\u0259 X\u0130N-in AB\u015e d\u00f6vl\u0259t katibinin k\u00f6m\u0259k\u00e7isi Ceyms O\u2019Brayn\u0131n N\u00fcmay\u0259nd\u0259l\u0259r Palatas\u0131n\u0131n Xarici \u0130\u015fl\u0259r Komit\u0259sinin Avropa \u00fczr\u0259 alt komit\u0259sinin dinl\u0259m\u0259l\u0259rind\u0259 verdiyi \u0259sass\u0131z a\u00e7\u0131qlamalar\u0131na dair \u015f\u0259rhind\u0259 deyilir. \u201cBu \u015f\u0259rtl\u0259r alt\u0131nda bizim 20 noyabr 2023-c\u00fc ild\u0259 Va\u015finqtonda Az\u0259rbaycan v\u0259 Erm\u0259nistan xarici i\u015fl\u0259r nazirl\u0259ri s\u0259viyy\u0259sind\u0259 ke\u00e7irilm\u0259si t\u0259klif olunan g\u00f6r\u00fc\u015f\u00fcn ba\u015f tutmas\u0131n\u0131 m\u00fcmk\u00fcn hesab etm\u0259diyimizi qeyd etm\u0259k vacibdir\u201d, &#8211; dey\u0259 qeyd olunub.<\/p>\n","protected":false},"author":2,"featured_media":454322,"comment_status":"closed","ping_status":"closed","sticky":false,"template":"","format":"standard","meta":{"om_disable_all_campaigns":false,"_monsterinsights_skip_tracking":false,"_monsterinsights_sitenote_active":false,"_monsterinsights_sitenote_note":"","_monsterinsights_sitenote_category":0},"categories":[4],"tags":[],"aioseo_notices":[],"gutentor_comment":0,"rttpg_featured_image_url":{"full":["https:\/\/arantv.az\/wp-content\/uploads\/2022\/03\/xin_28476.jpg",800,600,false],"landscape":["https:\/\/arantv.az\/wp-content\/uploads\/2022\/03\/xin_28476.jpg",800,600,false],"portraits":["https:\/\/arantv.az\/wp-content\/uploads\/2022\/03\/xin_28476.jpg",800,600,false],"thumbnail":["https:\/\/arantv.az\/wp-content\/uploads\/2022\/03\/xin_28476-500x280.jpg",500,280,true],"medium":["https:\/\/arantv.az\/wp-content\/uploads\/2022\/03\/xin_28476-487x365.jpg",487,365,true],"large":["https:\/\/arantv.az\/wp-content\/uploads\/2022\/03\/xin_28476.jpg",640,480,false],"1536x1536":["https:\/\/arantv.az\/wp-content\/uploads\/2022\/03\/xin_28476.jpg",800,600,false],"2048x2048":["https:\/\/arantv.az\/wp-content\/uploads\/2022\/03\/xin_28476.jpg",800,600,false],"post-thumbnail":["https:\/\/arantv.az\/wp-content\/uploads\/2022\/03\/xin_28476-240x172.jpg",240,172,true],"advps-thumb-one":["https:\/\/arantv.az\/wp-content\/uploads\/2022\/03\/xin_28476.jpg",800,600,false]},"rttpg_author":{"display_name":"V\u00fcsal Rafiqo\u011flu","author_link":"https:\/\/arantv.az\/?author=2"},"rttpg_comment":0,"rttpg_category":"<a href=\"https:\/\/arantv.az\/?cat=4\" rel=\"category\">Siyas\u0259t<\/a>","rttpg_excerpt":"AB\u015e-\u0131n birt\u0259r\u0259fli yana\u015fmas\u0131 AB\u015e-\u0131n vasit\u0259\u00e7ilik rolunu itirm\u0259sin\u0259 g\u0259tirib \u00e7\u0131xara bil\u0259r. Bu bar\u0259d\u0259 X\u0130N-in AB\u015e d\u00f6vl\u0259t katibinin k\u00f6m\u0259k\u00e7isi Ceyms O\u2019Brayn\u0131n N\u00fcmay\u0259nd\u0259l\u0259r Palatas\u0131n\u0131n Xarici \u0130\u015fl\u0259r Komit\u0259sinin Avropa \u00fczr\u0259 alt komit\u0259sinin dinl\u0259m\u0259l\u0259rind\u0259 verdiyi \u0259sass\u0131z a\u00e7\u0131qlamalar\u0131na dair \u015f\u0259rhind\u0259 deyilir. \u201cBu \u015f\u0259rtl\u0259r alt\u0131nda bizim 20 noyabr 2023-c\u00fc ild\u0259 Va\u015finqtonda Az\u0259rbaycan v\u0259 Erm\u0259nistan xarici i\u015fl\u0259r nazirl\u0259ri s\u0259viyy\u0259sind\u0259 ke\u00e7irilm\u0259si t\u0259klif olunan g\u00f6r\u00fc\u015f\u00fcn&hellip;","_links":{"self":[{"href":"https:\/\/arantv.az\/index.php?rest_route=\/wp\/v2\/posts\/657199"}],"collection":[{"href":"https:\/\/arantv.az\/index.php?rest_route=\/wp\/v2\/posts"}],"about":[{"href":"https:\/\/arantv.az\/index.php?rest_route=\/wp\/v2\/types\/post"}],"author":[{"embeddable":true,"href":"https:\/\/arantv.az\/index.php?rest_route=\/wp\/v2\/users\/2"}],"replies":[{"embeddable":true,"href":"https:\/\/arantv.az\/index.php?rest_route=%2Fwp%2Fv2%2Fcomments&post=657199"}],"version-history":[{"count":0,"href":"https:\/\/arantv.az\/index.php?rest_route=\/wp\/v2\/posts\/657199\/revisions"}],"wp:featuredmedia":[{"embeddable":true,"href":"https:\/\/arantv.az\/index.php?rest_route=\/wp\/v2\/media\/454322"}],"wp:attachment":[{"href":"https:\/\/arantv.az\/index.php?rest_route=%2Fwp%2Fv2%2Fmedia&parent=657199"}],"wp:term":[{"taxonomy":"category","embeddable":true,"href":"https:\/\/arantv.az\/index.php?rest_route=%2Fwp%2Fv2%2Fcategories&post=657199"},{"taxonomy":"post_tag","embeddable":true,"href":"https:\/\/arantv.az\/index.php?rest_route=%2Fwp%2Fv2%2Ftags&post=657199"}],"curies":[{"name":"wp","href":"https:\/\/api.w.org\/{rel}","templated":true}]}}