{"id":657201,"date":"2023-11-16T15:56:15","date_gmt":"2023-11-16T11:56:15","guid":{"rendered":"https:\/\/arantv.az\/?p=657201"},"modified":"2023-11-16T15:56:15","modified_gmt":"2023-11-16T11:56:15","slug":"evim%c9%99-dogma-yurduma-gedir%c9%99m-lacindan-videoreportaj-foto","status":"publish","type":"post","link":"https:\/\/arantv.az\/?p=657201","title":{"rendered":"\u201cEvim\u0259, do\u011fma yurduma gedir\u0259m\u201d &#8211; La\u00e7\u0131ndan V\u0130DEOREPORTAJ + FOTO"},"content":{"rendered":"<p>La\u00e7\u0131nda \u018fl\u00f6vs\u0259t day\u0131n\u0131n Qafqazinfo.az sayt\u0131na\u00a0s\u00f6hb\u0259ti zaman\u0131 telefonuna z\u0259ng g\u0259lir.<\/p>\n<p>Etika x\u0259trin\u0259 cavab verm\u0259k ist\u0259mir, amma d\u0259rhal bu m\u0259d\u0259niyy\u0259t n\u00fcmayi\u015finin qar\u015f\u0131s\u0131n\u0131 al\u0131ram:<\/p>\n<p>&#8211; Narahat olmay\u0131n, a\u00e7\u0131n, a\u00e7\u0131n&#8230;<\/p>\n<p>&#8211; Yolda\u015f\u0131md\u0131r, gedib i\u015fd\u0259n g\u00f6t\u00fcrm\u0259liy\u0259m, g\u00f6r\u00fcm n\u0259 deyir&#8230;<\/p>\n<p>Yolda\u015f\u0131 \u018fl\u00f6vs\u0259t day\u0131ya g\u0259lm\u0259sin\u0259 ehtiyac qalmad\u0131\u011f\u0131n\u0131, ev\u0259 qon\u015funun g\u0259lini il\u0259 birg\u0259 d\u00f6n\u0259c\u0259yini bildirir.<\/p>\n<p>92-ci ild\u0259n bu yana La\u00e7\u0131n\u0131n qaytar\u0131lmas\u0131 il\u0259 ba\u011fl\u0131 indiy\u0259d\u0259k \u00e7ox telefon dan\u0131\u015f\u0131\u011f\u0131 olmu\u015fdu. Amma ora h\u0259yat\u0131n qay\u0131td\u0131\u011f\u0131n\u0131 g\u00f6st\u0259r\u0259n telefon dan\u0131\u015f\u0131\u011f\u0131 m\u0259hz bu idi&#8230;<\/p>\n<p>Rayonun Qarakaha k\u0259ndind\u0259 at belind\u0259 sakinl\u0259 qar\u015f\u0131la\u015f\u0131r\u0131q. \u00d6t\u0259n g\u00fcnl\u0259rd\u0259 baxd\u0131\u011f\u0131m, r\u0259hm\u0259tlik \u00c7ingiz Mustafayevin i\u015f\u011fal zaman\u0131 La\u00e7\u0131ndan at belind\u0259 \u00e7\u0131xan ki\u015fid\u0259n ald\u0131\u011f\u0131 m\u00fcsahib\u0259 v\u0259 orada \u00fcnvanlad\u0131\u011f\u0131 sual yad\u0131ma d\u00fc\u015fd\u00fc.<\/p>\n<p>M\u0259n d\u0259 \u00c7ingizin o sual\u0131n\u0131 el\u0259 onun t\u0259rzind\u0259 t\u0259krarlay\u0131ram:<\/p>\n<p>&#8211; Hara gedirsiniz, ay day\u0131?<\/p>\n<p>Cavab 31 il sonra f\u0259rqlidir:<\/p>\n<p>&#8211; Evim\u0259, do\u011fma yurduma&#8230;<\/p>\n<p>&#8211; Ad\u0131n\u0131z n\u0259dir?<\/p>\n<p>&#8211; Qalib&#8230;<\/p>\n<p>&#8211; El\u0259 biz d\u0259&#8230;<\/p>\n<p>\u018fslind\u0259, \u201cEl\u0259 biz d\u0259\u201dni qalib \u00f6lk\u0259nin v\u0259t\u0259nda\u015f\u0131 kimi n\u0259z\u0259rd\u0259 tutub demi\u015fdim. Amma k\u0259nardan biri \u00e7\u0259kili\u015fin sonuna kimi m\u0259n\u0259 el\u0259 hey Qalib dedi&#8230;<\/p>\n<div><iframe loading=\"lazy\" src=\"https:\/\/baku.tv\/embed\/107374\" width=\"560\" height=\"315\" frameborder=\"0\" allowfullscreen=\"allowfullscreen\" data-mce-fragment=\"1\"><\/iframe><\/div>\n<p>&nbsp;<\/p>\n<div class=\"gallery\">\n<div class=\"gallery-i\"><img src=\"https:\/\/cdn.oxu.az\/uploads\/W1siZiIsIjIwMjMvMTEvMTYvMTMvNDQvNDMvZmMxN2NmZjYtMDA5YS00NjU0LWE5ODItOThlY2IxNTliYTk3LzYuanBnIl0sWyJwIiwiZW5jb2RlIiwianBnIiwiLXF1YWxpdHkgODAiXSxbInAiLCJ0aHVtYiIsIjU5MHg1OTBcdTAwM2UiXV0?sha=027d7332e65b0a4d\" alt=\"\" \/><\/p>\n<div class=\"gallery-i-caption\"><\/div>\n<\/div>\n<div class=\"gallery-i\"><img src=\"https:\/\/cdn.oxu.az\/uploads\/W1siZiIsIjIwMjMvMTEvMTYvMTMvNDQvNDMvYzk3MjhlMWUtMDljNC00NjA0LThkY2UtNjg4NWI2YzBlNDhiLzUuanBnIl0sWyJwIiwiZW5jb2RlIiwianBnIiwiLXF1YWxpdHkgODAiXSxbInAiLCJ0aHVtYiIsIjU5MHg1OTBcdTAwM2UiXV0?sha=52503dc8d17f4da3\" alt=\"\" \/><\/p>\n<div class=\"gallery-i-caption\"><\/div>\n<\/div>\n<div class=\"gallery-i\"><img src=\"https:\/\/cdn.oxu.az\/uploads\/W1siZiIsIjIwMjMvMTEvMTYvMTMvNDQvNDMvNTVmN2U1M2YtOGU1Zi00NDVmLWE3ZTgtMjdiNzhmY2I3ZjJiLzQgKDEpLmpwZyJdLFsicCIsImVuY29kZSIsImpwZyIsIi1xdWFsaXR5IDgwIl0sWyJwIiwidGh1bWIiLCI1OTB4NTkwXHUwMDNlIl1d?sha=f2041c099fa02d2e\" alt=\"\" \/><\/p>\n<div class=\"gallery-i-caption\"><\/div>\n<\/div>\n<div class=\"gallery-i\"><img src=\"https:\/\/cdn.oxu.az\/uploads\/W1siZiIsIjIwMjMvMTEvMTYvMTMvNDQvNDMvOWQzODNhMTktNTI4ZS00MjgwLTg3ODItNDMwOTEwNTBlZmVlLzMuanBnIl0sWyJwIiwiZW5jb2RlIiwianBnIiwiLXF1YWxpdHkgODAiXSxbInAiLCJ0aHVtYiIsIjU5MHg1OTBcdTAwM2UiXV0?sha=df56fa69b64ee377\" alt=\"\" \/><\/p>\n<div class=\"gallery-i-caption\"><\/div>\n<\/div>\n<div class=\"gallery-i\"><img src=\"https:\/\/cdn.oxu.az\/uploads\/W1siZiIsIjIwMjMvMTEvMTYvMTMvNDQvNDQvNGJmYTk1MTEtOGMyMi00M2YwLWEzNzEtNGMyYjExYjgyYmJlLzIuanBnIl0sWyJwIiwiZW5jb2RlIiwianBnIiwiLXF1YWxpdHkgODAiXSxbInAiLCJ0aHVtYiIsIjU5MHg1OTBcdTAwM2UiXV0?sha=40d47895ca417cbe\" alt=\"\" \/><\/p>\n<div class=\"gallery-i-caption\"><\/div>\n<\/div>\n<div class=\"gallery-i\"><img src=\"https:\/\/cdn.oxu.az\/uploads\/W1siZiIsIjIwMjMvMTEvMTYvMTMvNDQvNDQvNjJmYzQwZmQtNzJmOC00NDgwLTgzZGUtNDkzZGM1YWY1OGU4LzEuanBnIl0sWyJwIiwiZW5jb2RlIiwianBnIiwiLXF1YWxpdHkgODAiXSxbInAiLCJ0aHVtYiIsIjU5MHg1OTBcdTAwM2UiXV0?sha=01cbc28e66ea2169\" alt=\"\" \/><\/div>\n<\/div>\n","protected":false},"excerpt":{"rendered":"<p>La\u00e7\u0131nda \u018fl\u00f6vs\u0259t day\u0131n\u0131n Qafqazinfo.az sayt\u0131na\u00a0s\u00f6hb\u0259ti zaman\u0131 telefonuna z\u0259ng g\u0259lir. Etika x\u0259trin\u0259 cavab verm\u0259k ist\u0259mir, amma d\u0259rhal bu m\u0259d\u0259niyy\u0259t n\u00fcmayi\u015finin qar\u015f\u0131s\u0131n\u0131 al\u0131ram: &#8211; Narahat olmay\u0131n, a\u00e7\u0131n, a\u00e7\u0131n&#8230; &#8211; Yolda\u015f\u0131md\u0131r, gedib i\u015fd\u0259n g\u00f6t\u00fcrm\u0259liy\u0259m, g\u00f6r\u00fcm n\u0259 deyir&#8230; Yolda\u015f\u0131 \u018fl\u00f6vs\u0259t day\u0131ya g\u0259lm\u0259sin\u0259 ehtiyac qalmad\u0131\u011f\u0131n\u0131, ev\u0259 qon\u015funun g\u0259lini il\u0259 birg\u0259 d\u00f6n\u0259c\u0259yini bildirir. 92-ci ild\u0259n bu yana La\u00e7\u0131n\u0131n qaytar\u0131lmas\u0131 il\u0259 ba\u011fl\u0131 indiy\u0259d\u0259k \u00e7ox telefon dan\u0131\u015f\u0131\u011f\u0131 olmu\u015fdu. Amma ora h\u0259yat\u0131n qay\u0131td\u0131\u011f\u0131n\u0131 g\u00f6st\u0259r\u0259n telefon dan\u0131\u015f\u0131\u011f\u0131 m\u0259hz bu idi&#8230; Rayonun Qarakaha k\u0259ndind\u0259 at belind\u0259 sakinl\u0259 qar\u015f\u0131la\u015f\u0131r\u0131q. \u00d6t\u0259n g\u00fcnl\u0259rd\u0259 baxd\u0131\u011f\u0131m, r\u0259hm\u0259tlik \u00c7ingiz Mustafayevin i\u015f\u011fal zaman\u0131 La\u00e7\u0131ndan at belind\u0259 \u00e7\u0131xan ki\u015fid\u0259n&hellip;<\/p>\n","protected":false},"author":2,"featured_media":657202,"comment_status":"closed","ping_status":"closed","sticky":false,"template":"","format":"standard","meta":{"om_disable_all_campaigns":false,"_monsterinsights_skip_tracking":false,"_monsterinsights_sitenote_active":false,"_monsterinsights_sitenote_note":"","_monsterinsights_sitenote_category":0},"categories":[1],"tags":[],"aioseo_notices":[],"gutentor_comment":0,"rttpg_featured_image_url":{"full":["https:\/\/arantv.az\/wp-content\/uploads\/2023\/11\/lacin.jpg",620,413,false],"landscape":["https:\/\/arantv.az\/wp-content\/uploads\/2023\/11\/lacin.jpg",620,413,false],"portraits":["https:\/\/arantv.az\/wp-content\/uploads\/2023\/11\/lacin.jpg",620,413,false],"thumbnail":["https:\/\/arantv.az\/wp-content\/uploads\/2023\/11\/lacin-500x280.jpg",500,280,true],"medium":["https:\/\/arantv.az\/wp-content\/uploads\/2023\/11\/lacin-548x365.jpg",548,365,true],"large":["https:\/\/arantv.az\/wp-content\/uploads\/2023\/11\/lacin.jpg",620,413,false],"1536x1536":["https:\/\/arantv.az\/wp-content\/uploads\/2023\/11\/lacin.jpg",620,413,false],"2048x2048":["https:\/\/arantv.az\/wp-content\/uploads\/2023\/11\/lacin.jpg",620,413,false],"post-thumbnail":["https:\/\/arantv.az\/wp-content\/uploads\/2023\/11\/lacin-240x172.jpg",240,172,true],"advps-thumb-one":["https:\/\/arantv.az\/wp-content\/uploads\/2023\/11\/lacin.jpg",620,413,false]},"rttpg_author":{"display_name":"V\u00fcsal Rafiqo\u011flu","author_link":"https:\/\/arantv.az\/?author=2"},"rttpg_comment":0,"rttpg_category":"<a href=\"https:\/\/arantv.az\/?cat=1\" rel=\"category\">C\u0259miyy\u0259t<\/a>","rttpg_excerpt":"La\u00e7\u0131nda \u018fl\u00f6vs\u0259t day\u0131n\u0131n Qafqazinfo.az sayt\u0131na\u00a0s\u00f6hb\u0259ti zaman\u0131 telefonuna z\u0259ng g\u0259lir. Etika x\u0259trin\u0259 cavab verm\u0259k ist\u0259mir, amma d\u0259rhal bu m\u0259d\u0259niyy\u0259t n\u00fcmayi\u015finin qar\u015f\u0131s\u0131n\u0131 al\u0131ram: &#8211; Narahat olmay\u0131n, a\u00e7\u0131n, a\u00e7\u0131n&#8230; &#8211; Yolda\u015f\u0131md\u0131r, gedib i\u015fd\u0259n g\u00f6t\u00fcrm\u0259liy\u0259m, g\u00f6r\u00fcm n\u0259 deyir&#8230; Yolda\u015f\u0131 \u018fl\u00f6vs\u0259t day\u0131ya g\u0259lm\u0259sin\u0259 ehtiyac qalmad\u0131\u011f\u0131n\u0131, ev\u0259 qon\u015funun g\u0259lini il\u0259 birg\u0259 d\u00f6n\u0259c\u0259yini bildirir. 92-ci ild\u0259n bu yana La\u00e7\u0131n\u0131n qaytar\u0131lmas\u0131 il\u0259 ba\u011fl\u0131&hellip;","_links":{"self":[{"href":"https:\/\/arantv.az\/index.php?rest_route=\/wp\/v2\/posts\/657201"}],"collection":[{"href":"https:\/\/arantv.az\/index.php?rest_route=\/wp\/v2\/posts"}],"about":[{"href":"https:\/\/arantv.az\/index.php?rest_route=\/wp\/v2\/types\/post"}],"author":[{"embeddable":true,"href":"https:\/\/arantv.az\/index.php?rest_route=\/wp\/v2\/users\/2"}],"replies":[{"embeddable":true,"href":"https:\/\/arantv.az\/index.php?rest_route=%2Fwp%2Fv2%2Fcomments&post=657201"}],"version-history":[{"count":0,"href":"https:\/\/arantv.az\/index.php?rest_route=\/wp\/v2\/posts\/657201\/revisions"}],"wp:featuredmedia":[{"embeddable":true,"href":"https:\/\/arantv.az\/index.php?rest_route=\/wp\/v2\/media\/657202"}],"wp:attachment":[{"href":"https:\/\/arantv.az\/index.php?rest_route=%2Fwp%2Fv2%2Fmedia&parent=657201"}],"wp:term":[{"taxonomy":"category","embeddable":true,"href":"https:\/\/arantv.az\/index.php?rest_route=%2Fwp%2Fv2%2Fcategories&post=657201"},{"taxonomy":"post_tag","embeddable":true,"href":"https:\/\/arantv.az\/index.php?rest_route=%2Fwp%2Fv2%2Ftags&post=657201"}],"curies":[{"name":"wp","href":"https:\/\/api.w.org\/{rel}","templated":true}]}}