{"id":657204,"date":"2023-11-16T15:57:55","date_gmt":"2023-11-16T11:57:55","guid":{"rendered":"https:\/\/arantv.az\/?p=657204"},"modified":"2023-11-16T15:57:55","modified_gmt":"2023-11-16T11:57:55","slug":"sumqayitda-goz%c9%99llik-salonuna-getm%c9%99k-adi-il%c9%99-evd%c9%99n-cixan-ana-v%c9%99-qizi-itkin-dusubl%c9%99r","status":"publish","type":"post","link":"https:\/\/arantv.az\/?p=657204","title":{"rendered":"Sumqay\u0131tda g\u00f6z\u0259llik salonuna getm\u0259k ad\u0131 il\u0259 evd\u0259n \u00e7\u0131xan ana v\u0259 q\u0131z\u0131 itkin d\u00fc\u015f\u00fcbl\u0259r"},"content":{"rendered":"<p>Sumqay\u0131t \u015f\u0259h\u0259rind\u0259 ana v\u0259 q\u0131z\u0131 15 g\u00fcnd\u00fcr itkin d\u00fc\u015f\u00fcbl\u0259r.<\/p>\n<p>\u201cReport\u201dun yerli b\u00fcrosu m\u0259lumat verir ki, \u015f\u0259h\u0259r sakini, 1989-cu il t\u0259v\u0259ll\u00fcdl\u00fc Aysel Nizami q\u0131z\u0131 R\u0259c\u0259bova\u00a0v\u0259 \u00f6vlad\u0131 G\u00fclay Kamran q\u0131z\u0131 R\u0259c\u0259bova\u00a0noyabr\u0131n 1-d\u0259 g\u00f6z\u0259llik salonuna getm\u0259k ad\u0131 il\u0259 4-c\u00fc mikrorayonda ya\u015fad\u0131qlar\u0131 evd\u0259n \u00e7\u0131x\u0131blar v\u0259 geri qay\u0131tmay\u0131blar.<\/p>\n<p>Faktla ba\u011fl\u0131 polis\u0259 m\u0259lumat verilib.<\/p>\n","protected":false},"excerpt":{"rendered":"<p>Sumqay\u0131t \u015f\u0259h\u0259rind\u0259 ana v\u0259 q\u0131z\u0131 15 g\u00fcnd\u00fcr itkin d\u00fc\u015f\u00fcbl\u0259r. \u201cReport\u201dun yerli b\u00fcrosu m\u0259lumat verir ki, \u015f\u0259h\u0259r sakini, 1989-cu il t\u0259v\u0259ll\u00fcdl\u00fc Aysel Nizami q\u0131z\u0131 R\u0259c\u0259bova\u00a0v\u0259 \u00f6vlad\u0131 G\u00fclay Kamran q\u0131z\u0131 R\u0259c\u0259bova\u00a0noyabr\u0131n 1-d\u0259 g\u00f6z\u0259llik salonuna getm\u0259k ad\u0131 il\u0259 4-c\u00fc mikrorayonda ya\u015fad\u0131qlar\u0131 evd\u0259n \u00e7\u0131x\u0131blar v\u0259 geri qay\u0131tmay\u0131blar. Faktla ba\u011fl\u0131 polis\u0259 m\u0259lumat verilib.<\/p>\n","protected":false},"author":2,"featured_media":657205,"comment_status":"closed","ping_status":"closed","sticky":false,"template":"","format":"standard","meta":{"om_disable_all_campaigns":false,"_monsterinsights_skip_tracking":false,"_monsterinsights_sitenote_active":false,"_monsterinsights_sitenote_note":"","_monsterinsights_sitenote_category":0},"categories":[1],"tags":[],"aioseo_notices":[],"gutentor_comment":0,"rttpg_featured_image_url":{"full":["https:\/\/arantv.az\/wp-content\/uploads\/2023\/11\/FotoJet-2022-12-25T183342.254.jpg",620,413,false],"landscape":["https:\/\/arantv.az\/wp-content\/uploads\/2023\/11\/FotoJet-2022-12-25T183342.254.jpg",620,413,false],"portraits":["https:\/\/arantv.az\/wp-content\/uploads\/2023\/11\/FotoJet-2022-12-25T183342.254.jpg",620,413,false],"thumbnail":["https:\/\/arantv.az\/wp-content\/uploads\/2023\/11\/FotoJet-2022-12-25T183342.254-500x280.jpg",500,280,true],"medium":["https:\/\/arantv.az\/wp-content\/uploads\/2023\/11\/FotoJet-2022-12-25T183342.254-548x365.jpg",548,365,true],"large":["https:\/\/arantv.az\/wp-content\/uploads\/2023\/11\/FotoJet-2022-12-25T183342.254.jpg",620,413,false],"1536x1536":["https:\/\/arantv.az\/wp-content\/uploads\/2023\/11\/FotoJet-2022-12-25T183342.254.jpg",620,413,false],"2048x2048":["https:\/\/arantv.az\/wp-content\/uploads\/2023\/11\/FotoJet-2022-12-25T183342.254.jpg",620,413,false],"post-thumbnail":["https:\/\/arantv.az\/wp-content\/uploads\/2023\/11\/FotoJet-2022-12-25T183342.254-240x172.jpg",240,172,true],"advps-thumb-one":["https:\/\/arantv.az\/wp-content\/uploads\/2023\/11\/FotoJet-2022-12-25T183342.254.jpg",620,413,false]},"rttpg_author":{"display_name":"V\u00fcsal Rafiqo\u011flu","author_link":"https:\/\/arantv.az\/?author=2"},"rttpg_comment":0,"rttpg_category":"<a href=\"https:\/\/arantv.az\/?cat=1\" rel=\"category\">C\u0259miyy\u0259t<\/a>","rttpg_excerpt":"Sumqay\u0131t \u015f\u0259h\u0259rind\u0259 ana v\u0259 q\u0131z\u0131 15 g\u00fcnd\u00fcr itkin d\u00fc\u015f\u00fcbl\u0259r. \u201cReport\u201dun yerli b\u00fcrosu m\u0259lumat verir ki, \u015f\u0259h\u0259r sakini, 1989-cu il t\u0259v\u0259ll\u00fcdl\u00fc Aysel Nizami q\u0131z\u0131 R\u0259c\u0259bova\u00a0v\u0259 \u00f6vlad\u0131 G\u00fclay Kamran q\u0131z\u0131 R\u0259c\u0259bova\u00a0noyabr\u0131n 1-d\u0259 g\u00f6z\u0259llik salonuna getm\u0259k ad\u0131 il\u0259 4-c\u00fc mikrorayonda ya\u015fad\u0131qlar\u0131 evd\u0259n \u00e7\u0131x\u0131blar v\u0259 geri qay\u0131tmay\u0131blar. Faktla ba\u011fl\u0131 polis\u0259 m\u0259lumat verilib.","_links":{"self":[{"href":"https:\/\/arantv.az\/index.php?rest_route=\/wp\/v2\/posts\/657204"}],"collection":[{"href":"https:\/\/arantv.az\/index.php?rest_route=\/wp\/v2\/posts"}],"about":[{"href":"https:\/\/arantv.az\/index.php?rest_route=\/wp\/v2\/types\/post"}],"author":[{"embeddable":true,"href":"https:\/\/arantv.az\/index.php?rest_route=\/wp\/v2\/users\/2"}],"replies":[{"embeddable":true,"href":"https:\/\/arantv.az\/index.php?rest_route=%2Fwp%2Fv2%2Fcomments&post=657204"}],"version-history":[{"count":0,"href":"https:\/\/arantv.az\/index.php?rest_route=\/wp\/v2\/posts\/657204\/revisions"}],"wp:featuredmedia":[{"embeddable":true,"href":"https:\/\/arantv.az\/index.php?rest_route=\/wp\/v2\/media\/657205"}],"wp:attachment":[{"href":"https:\/\/arantv.az\/index.php?rest_route=%2Fwp%2Fv2%2Fmedia&parent=657204"}],"wp:term":[{"taxonomy":"category","embeddable":true,"href":"https:\/\/arantv.az\/index.php?rest_route=%2Fwp%2Fv2%2Fcategories&post=657204"},{"taxonomy":"post_tag","embeddable":true,"href":"https:\/\/arantv.az\/index.php?rest_route=%2Fwp%2Fv2%2Ftags&post=657204"}],"curies":[{"name":"wp","href":"https:\/\/api.w.org\/{rel}","templated":true}]}}