{"id":657213,"date":"2023-11-16T16:20:47","date_gmt":"2023-11-16T12:20:47","guid":{"rendered":"https:\/\/arantv.az\/?p=657213"},"modified":"2023-11-16T16:20:47","modified_gmt":"2023-11-16T12:20:47","slug":"siyasi-intriqalar-yuvasina-cevril%c9%99n-unesco-odri-azulenin-iflic-etdiyi-t%c9%99skilat-s%c9%99rh-foto","status":"publish","type":"post","link":"https:\/\/arantv.az\/?p=657213","title":{"rendered":"Siyasi intriqalar yuvas\u0131na \u00e7evril\u0259n UNESCO &#8211; Odri Azulenin iflic etdiyi t\u0259\u015fkilat &#8211; \u015e\u018fRH + FOTO"},"content":{"rendered":"<p>BMT-nin \u0259sas funksiyas\u0131 beyn\u0259lxalq m\u00fcnasib\u0259tl\u0259rin nizamlanmas\u0131na yard\u0131m etm\u0259kdir. Ancaq hadis\u0259l\u0259r onun bu v\u0259zif\u0259sinin \u00f6hd\u0259sind\u0259n g\u0259l\u0259 bilm\u0259diyini t\u0259sdiql\u0259yir. Yar\u0131tmaz f\u0259aliyy\u0259t onun elm, t\u0259hsil v\u0259 m\u0259d\u0259niyy\u0259t \u00fczr\u0259 ixtisasla\u015fm\u0131\u015f qurumu olan UNESCO-ya da aiddir.<\/p>\n<p>Bu qurumun \u0259sas m\u0259qs\u0259di\u00a0irqind\u0259n, cinsind\u0259n, dilind\u0259n v\u0259 dinind\u0259n as\u0131l\u0131 olmayaraq, t\u0259hsil, elm v\u0259 m\u0259d\u0259niyy\u0259t sah\u0259l\u0259ri \u00fczr\u0259 xalqlar\u0131n \u0259m\u0259kda\u015fl\u0131\u011f\u0131n\u0131 geni\u015fl\u0259ndirm\u0259k yolu il\u0259 s\u00fclh\u00fcn v\u0259 t\u0259hl\u00fck\u0259sizliyin m\u00f6hk\u0259ml\u0259nm\u0259sin\u0259 k\u00f6m\u0259k etm\u0259kdir.<\/p>\n<p>Ancaq t\u0259\u015fkilat nizamnam\u0259sind\u0259 n\u0259z\u0259rd\u0259 tutulan bu kimi humanitar funksiyalar\u0131ndan daha \u00e7ox Fransa hakimiyy\u0259tinin siyas\u0259tini h\u0259yata ke\u00e7ir\u0259n orqana \u00e7evrilib. H\u0259r k\u0259s\u0259 m\u0259lum bir h\u0259qiq\u0259t var \u2013 yuxar\u0131da adlar\u0131 \u00e7\u0259kil\u0259n humanitar sah\u0259l\u0259r s\u0259rh\u0259d tan\u0131m\u0131r, onlar b\u0259\u015f\u0259ridirl\u0259r. Ancaq UNESCO bu b\u0259\u015f\u0259ri v\u0259zif\u0259ni h\u0259yata ke\u00e7irmir.<\/p>\n<p>Bu g\u00fcnl\u0259rd\u0259 Q\u0259t\u0259r \u0259miri \u015feyx Hamad bin X\u0259lif\u0259 \u0259l-Taninin ke\u00e7mi\u015f h\u0259yat yolda\u015f\u0131 Moza bint\u00a0Nasser bu t\u0259\u015fkilat\u0131n xo\u015fm\u0259raml\u0131 s\u0259firi missiyas\u0131ndan imtina edib.<\/p>\n<p>N\u00fcfuzlu v\u0259 d\u00fcnya \u015f\u00f6hr\u0259tli xan\u0131m Q\u0259zza zola\u011f\u0131ndan, m\u00fcnaqi\u015f\u0259 b\u00f6lg\u0259sind\u0259n u\u015faqlar\u0131n t\u0259xliy\u0259sin\u0259, onlara yard\u0131m etm\u0259kd\u0259 acizlik g\u00f6st\u0259rdiyin\u0259 g\u00f6r\u0259 UNESCO-nu q\u0131nay\u0131b. Onun t\u0259\u015fkilat\u0131 t\u0259rk etm\u0259sin\u0259 \u0259sas s\u0259b\u0259b d\u0259 bu g\u00f6st\u0259rilib.<\/p>\n<p><img src=\"https:\/\/cdn.oxu.az\/uploads\/W1siZiIsIjIwMjMvMTEvMTYvMTQvMDMvNDUvMzYwNzJmYjMtOWE1Ny00OTc2LWJiMmYtMGU2NzkyNmE3YTM1LzE2MzBjOTIwLTFiY2QtM2Q2My1hMWIxLWExMzgxOGZlNjAwZS5qcGciXSxbInAiLCJlbmNvZGUiLCJqcGciLCItcXVhbGl0eSA4MCJdLFsicCIsInRodW1iIiwiNTkweDU5MFx1MDAzZSJdXQ?sha=87e7cc5e77d89a90\" alt=\"\" \/><\/p>\n<p>Qeyd ed\u0259k ki, o, q\u0259rar\u0131n\u0131 \u0130stanbulda ke\u00e7iril\u0259n \u201cF\u0259l\u0259stin \u00fc\u00e7\u00fcn bir \u00fcr\u0259k\u201d sammitind\u0259 a\u00e7\u0131qlay\u0131b.<\/p>\n<p>Bu t\u0259\u015fkilat\u0131 aciz v\u0259 siyasi maraqlar\u0131 t\u0259min ed\u0259n quruma \u00e7evir\u0259n onun direktoru Odri Azuledir. O, Fransa h\u00f6kum\u0259tind\u0259 m\u00fcxt\u0259lif v\u0259zif\u0259l\u0259ri tutub, m\u0259d\u0259niyy\u0259t naziri olub. Yelisey saray\u0131nda ald\u0131\u011f\u0131 siyasi t\u0259rbiy\u0259ni o, apolitik t\u0259\u015fkilat olan UNESCO-ya da da\u015f\u0131y\u0131b.<\/p>\n<p>Odri Azule birinci d\u0259f\u0259 s\u0259dr se\u00e7il\u0259nd\u0259 Az\u0259rbaycan torpaqlar\u0131 i\u015f\u011fal alt\u0131nda idi. O zamandan bu qurum erm\u0259ni i\u015f\u011fal\u0131 alt\u0131nda olan \u0259razil\u0259r\u0259 s\u0259f\u0259r edib i\u015f\u011fal\u00e7\u0131lar\u0131n da\u011f\u0131td\u0131\u011f\u0131 m\u0259d\u0259ni, tarixi abid\u0259l\u0259r\u0259 bax\u0131\u015f ke\u00e7irm\u0259k c\u0259hdi bel\u0259 g\u00f6st\u0259rm\u0259yib. El\u0259c\u0259 d\u0259 \u0259razil\u0259r i\u015f\u011faldan azad edildikd\u0259n sonra da qurum v\u0259 onun ba\u015f\u00e7\u0131s\u0131 b\u00f6lg\u0259d\u0259ki humanitar v\u0259ziyy\u0259tl\u0259 ba\u011fl\u0131 m\u00fc\u015fahid\u0259 aparmay\u0131b. Bununla yana\u015f\u0131, Odri Azule torpaqlar azad edildikd\u0259n sonra Az\u0259rbaycana qar\u015f\u0131 \u0259sass\u0131z \u00e7a\u011f\u0131r\u0131\u015flar da etm\u0259yi yaddan \u00e7\u0131xarmad\u0131.<\/p>\n<p>Odri UNESCO tarixind\u0259 \u0259n qalmaqall\u0131 s\u0259dr say\u0131l\u0131r. Onun r\u0259hb\u0259rliyi alt\u0131nda ba\u015f direktorun m\u00fcavini Firmin Matokonun d\u0259yi\u015fdirilm\u0259si fakt\u0131n\u0131 n\u00fcmun\u0259 kimi g\u00f6st\u0259rm\u0259k olar. Bel\u0259 ki, kadr d\u0259yi\u015fikliyi zaman ba\u015f direktor ba\u015fqa s\u0259firl\u0259rin r\u0259yini n\u0259z\u0259r\u0259 almadan m\u00fcavini i\u015fd\u0259n azad edib. Odri Azule Apellyasiya \u015euras\u0131n\u0131n katibi v\u0259zif\u0259si il\u0259 ba\u011fl\u0131 t\u0259yinatda da iki\u00fczl\u00fcl\u00fck edib. Ba\u015f direktor Serbiya n\u00fcmay\u0259nd\u0259sin\u0259 bu v\u0259zif\u0259 il\u0259 ba\u011fl\u0131 s\u00f6z verib. Ancaq son n\u0259tic\u0259d\u0259 Fransadan olan t\u0259msil\u00e7ini t\u0259yin edib.<\/p>\n<p><img src=\"https:\/\/cdn.oxu.az\/uploads\/W1siZiIsIjIwMjMvMTEvMTYvMTQvMDUvMTMvZDJhZmZkZmItOWE3ZC00MTgyLWFlOWYtYTMwNGMzYThiMDhjLzRkNGVhMzcwLWE4ZjItMzg1MS1hOTkxLTA5ZDgzZmMwMDcwYi5qcGciXSxbInAiLCJlbmNvZGUiLCJqcGciLCItcXVhbGl0eSA4MCJdLFsicCIsInRodW1iIiwiNTkweDU5MFx1MDAzZSJdXQ?sha=2e2602761270ba45\" alt=\"\" \/><\/p>\n<p>Bununla da Odri qurum daxilind\u0259 yerlibazl\u0131qla m\u0259\u015f\u011ful olub. UNESCO ba\u015f direktoru il\u0259 birlikd\u0259 daha \u00e7ox intriqa yuvas\u0131na \u00e7evrilib.<\/p>\n<p>Dem\u0259k olar ki, t\u0259\u015fkilat beyn\u0259lxalq al\u0259md\u0259 siyasi al\u0259t kimi istifad\u0259 edilir. Ba\u015f direktoru onu humanitar m\u0259s\u0259l\u0259l\u0259rl\u0259 ba\u011fl\u0131 f\u0259aliyy\u0259tsiz qurum hal\u0131na sal\u0131b. Odur ki, BMT-nin, qurumlar\u0131n\u0131n, o c\u00fcml\u0259d\u0259n b\u0259hs etdiyimiz t\u0259\u015fkilat\u0131n yenid\u0259n qurulmas\u0131na ehtiyac yaran\u0131b. \u00c7\u00fcnki bu t\u0259\u015fkilat yarananda beyn\u0259lxalq \u015f\u0259rait f\u0259rqli idi. \u0130ndi is\u0259 d\u00fcnyan\u0131n b\u00fct\u00fcn b\u00f6lg\u0259l\u0259rind\u0259 yeni humanitar \u015f\u0259rait yaran\u0131b. M\u00f6vcud nizamnam\u0259si is\u0259 UNESCO-ya mandat\u0131na uy\u011fun f\u0259aliyy\u0259t g\u00f6st\u0259rm\u0259y\u0259 imkan vermir. Odri Azule kimi ba\u015f direktorun siyasi v\u0259 \u015f\u0259xsi ambisiyalar\u0131 is\u0259 onun f\u0259aliyy\u0259tini iflic v\u0259ziyy\u0259tin\u0259 g\u0259tirir.<\/p>\n<p><strong>\u201cReport\u201d \u0130nformasiya Agentliyi<\/strong><\/p>\n","protected":false},"excerpt":{"rendered":"<p>BMT-nin \u0259sas funksiyas\u0131 beyn\u0259lxalq m\u00fcnasib\u0259tl\u0259rin nizamlanmas\u0131na yard\u0131m etm\u0259kdir. Ancaq hadis\u0259l\u0259r onun bu v\u0259zif\u0259sinin \u00f6hd\u0259sind\u0259n g\u0259l\u0259 bilm\u0259diyini t\u0259sdiql\u0259yir. Yar\u0131tmaz f\u0259aliyy\u0259t onun elm, t\u0259hsil v\u0259 m\u0259d\u0259niyy\u0259t \u00fczr\u0259 ixtisasla\u015fm\u0131\u015f qurumu olan UNESCO-ya da aiddir. Bu qurumun \u0259sas m\u0259qs\u0259di\u00a0irqind\u0259n, cinsind\u0259n, dilind\u0259n v\u0259 dinind\u0259n as\u0131l\u0131 olmayaraq, t\u0259hsil, elm v\u0259 m\u0259d\u0259niyy\u0259t sah\u0259l\u0259ri \u00fczr\u0259 xalqlar\u0131n \u0259m\u0259kda\u015fl\u0131\u011f\u0131n\u0131 geni\u015fl\u0259ndirm\u0259k yolu il\u0259 s\u00fclh\u00fcn v\u0259 t\u0259hl\u00fck\u0259sizliyin m\u00f6hk\u0259ml\u0259nm\u0259sin\u0259 k\u00f6m\u0259k etm\u0259kdir. Ancaq t\u0259\u015fkilat nizamnam\u0259sind\u0259 n\u0259z\u0259rd\u0259 tutulan bu kimi humanitar funksiyalar\u0131ndan daha \u00e7ox Fransa hakimiyy\u0259tinin siyas\u0259tini h\u0259yata ke\u00e7ir\u0259n orqana \u00e7evrilib. H\u0259r k\u0259s\u0259 m\u0259lum bir h\u0259qiq\u0259t var \u2013 yuxar\u0131da adlar\u0131 \u00e7\u0259kil\u0259n humanitar sah\u0259l\u0259r s\u0259rh\u0259d tan\u0131m\u0131r,&hellip;<\/p>\n","protected":false},"author":2,"featured_media":657214,"comment_status":"closed","ping_status":"closed","sticky":false,"template":"","format":"standard","meta":{"om_disable_all_campaigns":false,"_monsterinsights_skip_tracking":false,"_monsterinsights_sitenote_active":false,"_monsterinsights_sitenote_note":"","_monsterinsights_sitenote_category":0},"categories":[1],"tags":[],"aioseo_notices":[],"gutentor_comment":0,"rttpg_featured_image_url":{"full":["https:\/\/arantv.az\/wp-content\/uploads\/2023\/11\/a365b06b-be97-3785-a66c-baf64fb45de0_850.jpg",620,413,false],"landscape":["https:\/\/arantv.az\/wp-content\/uploads\/2023\/11\/a365b06b-be97-3785-a66c-baf64fb45de0_850.jpg",620,413,false],"portraits":["https:\/\/arantv.az\/wp-content\/uploads\/2023\/11\/a365b06b-be97-3785-a66c-baf64fb45de0_850.jpg",620,413,false],"thumbnail":["https:\/\/arantv.az\/wp-content\/uploads\/2023\/11\/a365b06b-be97-3785-a66c-baf64fb45de0_850-500x280.jpg",500,280,true],"medium":["https:\/\/arantv.az\/wp-content\/uploads\/2023\/11\/a365b06b-be97-3785-a66c-baf64fb45de0_850-548x365.jpg",548,365,true],"large":["https:\/\/arantv.az\/wp-content\/uploads\/2023\/11\/a365b06b-be97-3785-a66c-baf64fb45de0_850.jpg",620,413,false],"1536x1536":["https:\/\/arantv.az\/wp-content\/uploads\/2023\/11\/a365b06b-be97-3785-a66c-baf64fb45de0_850.jpg",620,413,false],"2048x2048":["https:\/\/arantv.az\/wp-content\/uploads\/2023\/11\/a365b06b-be97-3785-a66c-baf64fb45de0_850.jpg",620,413,false],"post-thumbnail":["https:\/\/arantv.az\/wp-content\/uploads\/2023\/11\/a365b06b-be97-3785-a66c-baf64fb45de0_850-240x172.jpg",240,172,true],"advps-thumb-one":["https:\/\/arantv.az\/wp-content\/uploads\/2023\/11\/a365b06b-be97-3785-a66c-baf64fb45de0_850.jpg",620,413,false]},"rttpg_author":{"display_name":"V\u00fcsal Rafiqo\u011flu","author_link":"https:\/\/arantv.az\/?author=2"},"rttpg_comment":0,"rttpg_category":"<a href=\"https:\/\/arantv.az\/?cat=1\" rel=\"category\">C\u0259miyy\u0259t<\/a>","rttpg_excerpt":"BMT-nin \u0259sas funksiyas\u0131 beyn\u0259lxalq m\u00fcnasib\u0259tl\u0259rin nizamlanmas\u0131na yard\u0131m etm\u0259kdir. Ancaq hadis\u0259l\u0259r onun bu v\u0259zif\u0259sinin \u00f6hd\u0259sind\u0259n g\u0259l\u0259 bilm\u0259diyini t\u0259sdiql\u0259yir. Yar\u0131tmaz f\u0259aliyy\u0259t onun elm, t\u0259hsil v\u0259 m\u0259d\u0259niyy\u0259t \u00fczr\u0259 ixtisasla\u015fm\u0131\u015f qurumu olan UNESCO-ya da aiddir. Bu qurumun \u0259sas m\u0259qs\u0259di\u00a0irqind\u0259n, cinsind\u0259n, dilind\u0259n v\u0259 dinind\u0259n as\u0131l\u0131 olmayaraq, t\u0259hsil, elm v\u0259 m\u0259d\u0259niyy\u0259t sah\u0259l\u0259ri \u00fczr\u0259 xalqlar\u0131n \u0259m\u0259kda\u015fl\u0131\u011f\u0131n\u0131 geni\u015fl\u0259ndirm\u0259k yolu il\u0259 s\u00fclh\u00fcn v\u0259 t\u0259hl\u00fck\u0259sizliyin&hellip;","_links":{"self":[{"href":"https:\/\/arantv.az\/index.php?rest_route=\/wp\/v2\/posts\/657213"}],"collection":[{"href":"https:\/\/arantv.az\/index.php?rest_route=\/wp\/v2\/posts"}],"about":[{"href":"https:\/\/arantv.az\/index.php?rest_route=\/wp\/v2\/types\/post"}],"author":[{"embeddable":true,"href":"https:\/\/arantv.az\/index.php?rest_route=\/wp\/v2\/users\/2"}],"replies":[{"embeddable":true,"href":"https:\/\/arantv.az\/index.php?rest_route=%2Fwp%2Fv2%2Fcomments&post=657213"}],"version-history":[{"count":0,"href":"https:\/\/arantv.az\/index.php?rest_route=\/wp\/v2\/posts\/657213\/revisions"}],"wp:featuredmedia":[{"embeddable":true,"href":"https:\/\/arantv.az\/index.php?rest_route=\/wp\/v2\/media\/657214"}],"wp:attachment":[{"href":"https:\/\/arantv.az\/index.php?rest_route=%2Fwp%2Fv2%2Fmedia&parent=657213"}],"wp:term":[{"taxonomy":"category","embeddable":true,"href":"https:\/\/arantv.az\/index.php?rest_route=%2Fwp%2Fv2%2Fcategories&post=657213"},{"taxonomy":"post_tag","embeddable":true,"href":"https:\/\/arantv.az\/index.php?rest_route=%2Fwp%2Fv2%2Ftags&post=657213"}],"curies":[{"name":"wp","href":"https:\/\/api.w.org\/{rel}","templated":true}]}}