{"id":657216,"date":"2023-11-16T16:21:56","date_gmt":"2023-11-16T12:21:56","guid":{"rendered":"https:\/\/arantv.az\/?p=657216"},"modified":"2023-11-16T16:21:56","modified_gmt":"2023-11-16T12:21:56","slug":"s%c9%99f%c9%99rb%c9%99rlik-xidm%c9%99tinin-tabeliyind%c9%99ki-qurum-l%c9%99gv-edildi","status":"publish","type":"post","link":"https:\/\/arantv.az\/?p=657216","title":{"rendered":"S\u0259f\u0259rb\u0259rlik Xidm\u0259tinin tabeliyind\u0259ki qurum l\u0259\u011fv edildi"},"content":{"rendered":"<p>Prezident\u00a0<strong>\u0130lham \u018fliyev\u00a0<\/strong>Az\u0259rbaycan Respublikas\u0131 S\u0259f\u0259rb\u0259rlik v\u0259 H\u0259rbi Xidm\u0259t\u0259 \u00c7a\u011f\u0131r\u0131\u015f \u00fczr\u0259 D\u00f6vl\u0259t Xidm\u0259tinin f\u0259aliyy\u0259ti il\u0259 ba\u011fl\u0131 b\u0259zi m\u0259s\u0259l\u0259l\u0259rin t\u0259nziml\u0259nm\u0259si v\u0259 \u201cAz\u0259rbaycan Respublikas\u0131n\u0131n S\u0259f\u0259rb\u0259rlik v\u0259 H\u0259rbi Xidm\u0259t\u0259 \u00c7a\u011f\u0131r\u0131\u015f \u00fczr\u0259 D\u00f6vl\u0259t Xidm\u0259tinin tabeliyind\u0259 \u201cH\u0259rbi V\u0259t\u0259np\u0259rv\u0259rlik v\u0259 M\u00fct\u0259x\u0259ssis Haz\u0131rl\u0131\u011f\u0131 M\u0259rk\u0259zi\u201d M\u0259hdud M\u0259suliyy\u0259tli C\u0259miyy\u0259tinin yarad\u0131lmas\u0131 haqq\u0131nda\u201d Az\u0259rbaycan Respublikas\u0131 Prezidentinin 2012-ci il 13 iyul tarixli 681 n\u00f6mr\u0259li F\u0259rman\u0131nda d\u0259yi\u015fiklik edilm\u0259si bar\u0259d\u0259 F\u0259rman imzalay\u0131b.<\/p>\n<p>Bu bar\u0259d\u0259\u00a0<a href=\"https:\/\/president.az\/az\/articles\/view\/62233\" target=\"_blank\" rel=\"noopener\"><strong>President.az<\/strong><\/a>\u00a0x\u0259b\u0259r verir.<\/p>\n<p>F\u0259rmanla Az\u0259rbaycan Respublikas\u0131 S\u0259f\u0259rb\u0259rlik v\u0259 H\u0259rbi Xidm\u0259t\u0259 \u00c7a\u011f\u0131r\u0131\u015f \u00fczr\u0259 D\u00f6vl\u0259t Xidm\u0259tinin tabeliyind\u0259 \u201cH\u0259rbi V\u0259t\u0259np\u0259rv\u0259rlik v\u0259 M\u00fct\u0259x\u0259ssis Haz\u0131rl\u0131\u011f\u0131 M\u0259rk\u0259zi\u201d M\u0259hdud M\u0259suliyy\u0259tli C\u0259miyy\u0259ti l\u0259\u011fv edilir.<\/p>\n<p>Bununla ba\u011fl\u0131 Nazirl\u0259r Kabinetin\u0259 \u00fc\u00e7 ay m\u00fcdd\u0259tind\u0259 normativ h\u00fcquqi aktlar\u0131n t\u0259kmill\u0259\u015fdirilm\u0259si il\u0259 ba\u011fl\u0131 t\u0259klifl\u0259rini haz\u0131rlay\u0131b Az\u0259rbaycan Respublikas\u0131n\u0131n Prezidentin\u0259 t\u0259qdim etm\u0259k, M\u00fclki M\u0259c\u0259ll\u0259y\u0259 uy\u011fun olaraq, \u201cH\u0259rbi V\u0259t\u0259np\u0259rv\u0259rlik v\u0259 M\u00fct\u0259x\u0259ssis Haz\u0131rl\u0131\u011f\u0131 M\u0259rk\u0259zi\u201d MMC-nin \u0259mlak\u0131 v\u0259 dig\u0259r m\u0259s\u0259l\u0259l\u0259rin h\u0259lli il\u0259 ba\u011fl\u0131 t\u0259dbirl\u0259rin g\u00f6r\u00fclm\u0259sini t\u0259min etm\u0259k, habel\u0259, bu f\u0259rmandan ir\u0259li g\u0259l\u0259n dig\u0259r m\u0259s\u0259l\u0259l\u0259rin h\u0259lli tap\u015f\u0131r\u0131l\u0131b.<\/p>\n<p>H\u0259m\u00e7inin, S\u0259f\u0259rb\u0259rlik v\u0259 H\u0259rbi Xidm\u0259t\u0259 \u00c7a\u011f\u0131r\u0131\u015f \u00fczr\u0259 D\u00f6vl\u0259t Xidm\u0259tin\u0259 bu f\u0259rmandan ir\u0259li g\u0259l\u0259n m\u0259s\u0259l\u0259l\u0259rin h\u0259lli \u00fc\u00e7\u00fcn z\u0259ruri t\u0259dbirl\u0259rin g\u00f6r\u00fclm\u0259si h\u0259val\u0259 olunub.<\/p>\n<p>Yeni s\u0259n\u0259dl\u0259 \u201cAz\u0259rbaycan Respublikas\u0131n\u0131n S\u0259f\u0259rb\u0259rlik v\u0259 H\u0259rbi Xidm\u0259t\u0259 \u00c7a\u011f\u0131r\u0131\u015f \u00fczr\u0259 D\u00f6vl\u0259t Xidm\u0259tinin tabeliyind\u0259 \u201cH\u0259rbi V\u0259t\u0259np\u0259rv\u0259rlik v\u0259 M\u00fct\u0259x\u0259ssis Haz\u0131rl\u0131\u011f\u0131 M\u0259rk\u0259zi\u201d M\u0259hdud M\u0259suliyy\u0259tli C\u0259miyy\u0259tinin yarad\u0131lmas\u0131 haqq\u0131nda\u201d Az\u0259rbaycan Respublikas\u0131 Prezidentinin 2012-ci il 13 iyul tarixli 681 n\u00f6mr\u0259li F\u0259rman\u0131n\u0131n (Az\u0259rbaycan Respublikas\u0131n\u0131n Qanunvericilik Toplusu, 2012, \u2116 7, madd\u0259 690; 2019, \u2116 5, madd\u0259 817; 2020, \u2116 5, madd\u0259 545; 2022, \u2116 8, madd\u0259 866) 2-ci, 4-c\u00fc v\u0259 5-ci hiss\u0259l\u0259ri l\u0259\u011fv edilir.<\/p>\n","protected":false},"excerpt":{"rendered":"<p>Prezident\u00a0\u0130lham \u018fliyev\u00a0Az\u0259rbaycan Respublikas\u0131 S\u0259f\u0259rb\u0259rlik v\u0259 H\u0259rbi Xidm\u0259t\u0259 \u00c7a\u011f\u0131r\u0131\u015f \u00fczr\u0259 D\u00f6vl\u0259t Xidm\u0259tinin f\u0259aliyy\u0259ti il\u0259 ba\u011fl\u0131 b\u0259zi m\u0259s\u0259l\u0259l\u0259rin t\u0259nziml\u0259nm\u0259si v\u0259 \u201cAz\u0259rbaycan Respublikas\u0131n\u0131n S\u0259f\u0259rb\u0259rlik v\u0259 H\u0259rbi Xidm\u0259t\u0259 \u00c7a\u011f\u0131r\u0131\u015f \u00fczr\u0259 D\u00f6vl\u0259t Xidm\u0259tinin tabeliyind\u0259 \u201cH\u0259rbi V\u0259t\u0259np\u0259rv\u0259rlik v\u0259 M\u00fct\u0259x\u0259ssis Haz\u0131rl\u0131\u011f\u0131 M\u0259rk\u0259zi\u201d M\u0259hdud M\u0259suliyy\u0259tli C\u0259miyy\u0259tinin yarad\u0131lmas\u0131 haqq\u0131nda\u201d Az\u0259rbaycan Respublikas\u0131 Prezidentinin 2012-ci il 13 iyul tarixli 681 n\u00f6mr\u0259li F\u0259rman\u0131nda d\u0259yi\u015fiklik edilm\u0259si bar\u0259d\u0259 F\u0259rman imzalay\u0131b. Bu bar\u0259d\u0259\u00a0President.az\u00a0x\u0259b\u0259r verir. F\u0259rmanla Az\u0259rbaycan Respublikas\u0131 S\u0259f\u0259rb\u0259rlik v\u0259 H\u0259rbi Xidm\u0259t\u0259 \u00c7a\u011f\u0131r\u0131\u015f \u00fczr\u0259 D\u00f6vl\u0259t Xidm\u0259tinin tabeliyind\u0259 \u201cH\u0259rbi V\u0259t\u0259np\u0259rv\u0259rlik v\u0259 M\u00fct\u0259x\u0259ssis Haz\u0131rl\u0131\u011f\u0131 M\u0259rk\u0259zi\u201d M\u0259hdud M\u0259suliyy\u0259tli C\u0259miyy\u0259ti l\u0259\u011fv edilir. Bununla ba\u011fl\u0131 Nazirl\u0259r Kabinetin\u0259 \u00fc\u00e7 ay m\u00fcdd\u0259tind\u0259 normativ&hellip;<\/p>\n","protected":false},"author":2,"featured_media":657217,"comment_status":"closed","ping_status":"closed","sticky":false,"template":"","format":"standard","meta":{"om_disable_all_campaigns":false,"_monsterinsights_skip_tracking":false,"_monsterinsights_sitenote_active":false,"_monsterinsights_sitenote_note":"","_monsterinsights_sitenote_category":0},"categories":[4],"tags":[],"aioseo_notices":[],"gutentor_comment":0,"rttpg_featured_image_url":{"full":["https:\/\/arantv.az\/wp-content\/uploads\/2023\/11\/82d96b3307d0a6c166b1817b5185c4fc_6002-3.jpg",620,413,false],"landscape":["https:\/\/arantv.az\/wp-content\/uploads\/2023\/11\/82d96b3307d0a6c166b1817b5185c4fc_6002-3.jpg",620,413,false],"portraits":["https:\/\/arantv.az\/wp-content\/uploads\/2023\/11\/82d96b3307d0a6c166b1817b5185c4fc_6002-3.jpg",620,413,false],"thumbnail":["https:\/\/arantv.az\/wp-content\/uploads\/2023\/11\/82d96b3307d0a6c166b1817b5185c4fc_6002-3-500x280.jpg",500,280,true],"medium":["https:\/\/arantv.az\/wp-content\/uploads\/2023\/11\/82d96b3307d0a6c166b1817b5185c4fc_6002-3-548x365.jpg",548,365,true],"large":["https:\/\/arantv.az\/wp-content\/uploads\/2023\/11\/82d96b3307d0a6c166b1817b5185c4fc_6002-3.jpg",620,413,false],"1536x1536":["https:\/\/arantv.az\/wp-content\/uploads\/2023\/11\/82d96b3307d0a6c166b1817b5185c4fc_6002-3.jpg",620,413,false],"2048x2048":["https:\/\/arantv.az\/wp-content\/uploads\/2023\/11\/82d96b3307d0a6c166b1817b5185c4fc_6002-3.jpg",620,413,false],"post-thumbnail":["https:\/\/arantv.az\/wp-content\/uploads\/2023\/11\/82d96b3307d0a6c166b1817b5185c4fc_6002-3-240x172.jpg",240,172,true],"advps-thumb-one":["https:\/\/arantv.az\/wp-content\/uploads\/2023\/11\/82d96b3307d0a6c166b1817b5185c4fc_6002-3.jpg",620,413,false]},"rttpg_author":{"display_name":"V\u00fcsal Rafiqo\u011flu","author_link":"https:\/\/arantv.az\/?author=2"},"rttpg_comment":0,"rttpg_category":"<a href=\"https:\/\/arantv.az\/?cat=4\" rel=\"category\">Siyas\u0259t<\/a>","rttpg_excerpt":"Prezident\u00a0\u0130lham \u018fliyev\u00a0Az\u0259rbaycan Respublikas\u0131 S\u0259f\u0259rb\u0259rlik v\u0259 H\u0259rbi Xidm\u0259t\u0259 \u00c7a\u011f\u0131r\u0131\u015f \u00fczr\u0259 D\u00f6vl\u0259t Xidm\u0259tinin f\u0259aliyy\u0259ti il\u0259 ba\u011fl\u0131 b\u0259zi m\u0259s\u0259l\u0259l\u0259rin t\u0259nziml\u0259nm\u0259si v\u0259 \u201cAz\u0259rbaycan Respublikas\u0131n\u0131n S\u0259f\u0259rb\u0259rlik v\u0259 H\u0259rbi Xidm\u0259t\u0259 \u00c7a\u011f\u0131r\u0131\u015f \u00fczr\u0259 D\u00f6vl\u0259t Xidm\u0259tinin tabeliyind\u0259 \u201cH\u0259rbi V\u0259t\u0259np\u0259rv\u0259rlik v\u0259 M\u00fct\u0259x\u0259ssis Haz\u0131rl\u0131\u011f\u0131 M\u0259rk\u0259zi\u201d M\u0259hdud M\u0259suliyy\u0259tli C\u0259miyy\u0259tinin yarad\u0131lmas\u0131 haqq\u0131nda\u201d Az\u0259rbaycan Respublikas\u0131 Prezidentinin 2012-ci il 13 iyul tarixli 681 n\u00f6mr\u0259li F\u0259rman\u0131nda d\u0259yi\u015fiklik edilm\u0259si bar\u0259d\u0259 F\u0259rman&hellip;","_links":{"self":[{"href":"https:\/\/arantv.az\/index.php?rest_route=\/wp\/v2\/posts\/657216"}],"collection":[{"href":"https:\/\/arantv.az\/index.php?rest_route=\/wp\/v2\/posts"}],"about":[{"href":"https:\/\/arantv.az\/index.php?rest_route=\/wp\/v2\/types\/post"}],"author":[{"embeddable":true,"href":"https:\/\/arantv.az\/index.php?rest_route=\/wp\/v2\/users\/2"}],"replies":[{"embeddable":true,"href":"https:\/\/arantv.az\/index.php?rest_route=%2Fwp%2Fv2%2Fcomments&post=657216"}],"version-history":[{"count":0,"href":"https:\/\/arantv.az\/index.php?rest_route=\/wp\/v2\/posts\/657216\/revisions"}],"wp:featuredmedia":[{"embeddable":true,"href":"https:\/\/arantv.az\/index.php?rest_route=\/wp\/v2\/media\/657217"}],"wp:attachment":[{"href":"https:\/\/arantv.az\/index.php?rest_route=%2Fwp%2Fv2%2Fmedia&parent=657216"}],"wp:term":[{"taxonomy":"category","embeddable":true,"href":"https:\/\/arantv.az\/index.php?rest_route=%2Fwp%2Fv2%2Fcategories&post=657216"},{"taxonomy":"post_tag","embeddable":true,"href":"https:\/\/arantv.az\/index.php?rest_route=%2Fwp%2Fv2%2Ftags&post=657216"}],"curies":[{"name":"wp","href":"https:\/\/api.w.org\/{rel}","templated":true}]}}