{"id":657219,"date":"2023-11-16T16:22:42","date_gmt":"2023-11-16T12:22:42","guid":{"rendered":"https:\/\/arantv.az\/?p=657219"},"modified":"2023-11-16T16:22:42","modified_gmt":"2023-11-16T12:22:42","slug":"bakida-kicik-v%c9%99-orta-sahibkarliq-uzr%c9%99-dunya-forumu-kecirilib-foto","status":"publish","type":"post","link":"https:\/\/arantv.az\/?p=657219","title":{"rendered":"Bak\u0131da Ki\u00e7ik v\u0259 Orta Sahibkarl\u0131q \u00fczr\u0259 D\u00fcnya Forumu ke\u00e7irilib &#8211; FOTO"},"content":{"rendered":"<p>Bak\u0131da Qlobal Sahibkarl\u0131q H\u0259ft\u0259si \u00e7\u0259r\u00e7iv\u0259sind\u0259 Ki\u00e7ik v\u0259 Orta Sahibkarl\u0131q \u00fczr\u0259 D\u00fcnya Forumu (SME World Forum 2023) ke\u00e7irilib.<\/p>\n<p>\u0130qtisadiyyat Nazirliyinin d\u0259st\u0259yi, Ki\u00e7ik v\u0259 Orta Biznesin \u0130nki\u015faf\u0131 Agentliyinin (KOB\u0130A) v\u0259 Ki\u00e7ik Biznes \u00fczr\u0259 Beyn\u0259lxalq \u015euran\u0131n (ICSB) t\u0259\u015fkilat\u00e7\u0131l\u0131\u011f\u0131 il\u0259 ke\u00e7iril\u0259n t\u0259dbird\u0259 d\u00f6vl\u0259t r\u0259smil\u0259ri, beyn\u0259lxalq t\u0259\u015fkilatlar\u0131n n\u00fcmay\u0259nd\u0259l\u0259ri, biznes assosiasiyalar v\u0259 i\u015f adamlar\u0131 i\u015ftirak edibl\u0259r.<\/p>\n<p>T\u0259dbirin m\u0259qs\u0259di ki\u00e7ik v\u0259 orta biznesin d\u0259st\u0259kl\u0259nm\u0259si v\u0259 inki\u015faf\u0131 sah\u0259sind\u0259 \u0259n yax\u015f\u0131 t\u0259cr\u00fcb\u0259nin \u00f6yr\u0259nilm\u0259si, institusional t\u0259r\u0259fda\u015fl\u0131\u011f\u0131n geni\u015fl\u0259ndirilm\u0259si, maraql\u0131 t\u0259r\u0259fl\u0259r aras\u0131nda \u0259m\u0259kda\u015fl\u0131q \u00fc\u00e7\u00fcn yeni imkanlar\u0131n m\u00fc\u0259yy\u0259n edilm\u0259si, g\u0259nc sahibkarl\u0131\u011f\u0131n t\u0259\u015fviqi, el\u0259c\u0259 d\u0259 Az\u0259rbaycan\u0131n \u0259lveri\u015fli biznes m\u00fchitini v\u0259 potensial investisiya imkanlar\u0131n\u0131 geni\u015f auditoriyaya tan\u0131tmaqd\u0131r.<\/p>\n<p>Forumda \u00e7\u0131x\u0131\u015f ed\u0259n iqtisadiyyat nazirinin m\u00fcavini Sahib M\u0259mm\u0259dov, ICSB-nin prezidenti v\u0259 ba\u015f icra\u00e7\u0131 direktoru Ayman El Tarabi\u015fi, \u0130CSB-nin \u0130dar\u0259 Hey\u0259tinin s\u0259dri Ki \u00c7an Kim, KOB\u0130A-n\u0131n \u0130dar\u0259 Hey\u0259tinin s\u0259dri Orxan M\u0259mm\u0259dov, Moldovan\u0131n Sahibkarl\u0131\u011f\u0131n \u0130nki\u015faf\u0131 T\u0259\u015fkilat\u0131n\u0131n direktoru Dumitru Pintea, Az\u0259rbaycan Sahibkarlar (\u0130\u015f\u0259g\u00f6t\u00fcr\u0259nl\u0259r) T\u0259\u015fkilatlar\u0131 Milli Konfederasiyas\u0131n\u0131n prezidenti M\u0259mm\u0259d Musayev, \u0130taliya-Az\u0259rbaycan Ticar\u0259t Palatas\u0131n\u0131n prezidenti Manuela Traldi, T\u00fcrkiy\u0259 S\u0259naye\u00e7i v\u0259 \u0130\u015f Adamlar\u0131 D\u0259rn\u0259yinin (T\u00dcMS\u0130AD) prezidenti Ya\u015far Do\u011fan d\u00fcnyada v\u0259 \u00f6lk\u0259mizd\u0259 sahibkarl\u0131\u011f\u0131n inki\u015faf\u0131, KOB-lar\u0131n \u00dcDM-d\u0259, m\u0259\u015f\u011fulluqda v\u0259 ixracda artan rolu, m\u00fcxt\u0259lif \u00f6lk\u0259l\u0259rd\u0259 KOB-lar\u0131n d\u0259st\u0259kl\u0259nm\u0259si t\u0259dbirl\u0259ri bar\u0259d\u0259 m\u0259lumat veribl\u0259r.<\/p>\n<p>T\u0259dbir \u00e7\u0259r\u00e7iv\u0259sind\u0259 \u201cAz\u0259rbaycanda ki\u00e7ik biznes v\u0259 sahibkarl\u0131q\u201d, \u201cKOB-lar\u0131n r\u0259q\u0259msal transformasiyas\u0131 v\u0259 xarici ticar\u0259t\u201d, \u201cQad\u0131nlar\u0131n v\u0259 g\u0259ncl\u0259rin sahibkarl\u0131q f\u0259aliyy\u0259tinin g\u00fccl\u0259ndirilm\u0259si\u201d m\u00f6vzular\u0131nda panel m\u00fczakir\u0259l\u0259r d\u0259 t\u0259\u015fkil edil\u0259c\u0259k.<\/p>\n<p>Qeyd ed\u0259k ki, 13-16 noyabr tarixl\u0259rind\u0259 Bak\u0131da ke\u00e7iril\u0259n Ki\u00e7ik v\u0259 Orta Sahibkarl\u0131q \u00fczr\u0259 D\u00fcnya Forumu \u00e7\u0259r\u00e7iv\u0259sind\u0259 \u201cXXI \u018fsr Beyn\u0259lxalq T\u0259hsil v\u0259 \u0130nnovasiya M\u0259rk\u0259zi\u201dnd\u0259 \u201cG\u0259l\u0259c\u0259k sahibkarlar\u0131n haz\u0131rlanmas\u0131\u201d m\u00f6vzusunda t\u0259dbir, ADA Universitetind\u0259 is\u0259 biznes v\u0259 t\u0259hsil aras\u0131nda \u0259laq\u0259l\u0259r\u0259 h\u0259sr olunmu\u015f t\u0259dbir t\u0259\u015fkil olunub.<\/p>\n<p>&nbsp;<\/p>\n<div class=\"gallery\">\n<div class=\"gallery-i\"><img src=\"https:\/\/cdn.oxu.az\/uploads\/W1siZiIsIjIwMjMvMTEvMTYvMTUvNTgvNDcvODA4NjEwMjktNDdhNC00MDM1LTlmNjItZTMxNTAxOWRmMTZmLzIuanBnIl0sWyJwIiwiZW5jb2RlIiwianBnIiwiLXF1YWxpdHkgODAiXSxbInAiLCJ0aHVtYiIsIjU5MHg1OTBcdTAwM2UiXV0?sha=e425d998eac18022\" alt=\"\" \/><\/p>\n<div class=\"gallery-i-caption\"><\/div>\n<\/div>\n<div class=\"gallery-i\"><img src=\"https:\/\/cdn.oxu.az\/uploads\/W1siZiIsIjIwMjMvMTEvMTYvMTUvNTgvNDgvMDFhZGU3NmQtOWQ1ZS00ZjI1LTk5NjktMDZkMTVkNjU0Yzg2LzMuanBnIl0sWyJwIiwiZW5jb2RlIiwianBnIiwiLXF1YWxpdHkgODAiXSxbInAiLCJ0aHVtYiIsIjU5MHg1OTBcdTAwM2UiXV0?sha=7953d4b76c0115bf\" alt=\"\" \/><\/p>\n<div class=\"gallery-i-caption\"><\/div>\n<\/div>\n<div class=\"gallery-i\"><img src=\"https:\/\/cdn.oxu.az\/uploads\/W1siZiIsIjIwMjMvMTEvMTYvMTUvNTgvNDgvNWZiZGI3ZGEtODg2Yy00YTIxLThlZTYtNWQ3ZWIyNTBiMWU5LzQuanBnIl0sWyJwIiwiZW5jb2RlIiwianBnIiwiLXF1YWxpdHkgODAiXSxbInAiLCJ0aHVtYiIsIjU5MHg1OTBcdTAwM2UiXV0?sha=862f1e9376c2ab9b\" alt=\"\" \/><\/p>\n<div class=\"gallery-i-caption\"><\/div>\n<\/div>\n<div class=\"gallery-i\"><img src=\"https:\/\/cdn.oxu.az\/uploads\/W1siZiIsIjIwMjMvMTEvMTYvMTUvNTgvNDgvMDdjYzdhMTUtYWU5OC00MWM0LWFmNWYtZTE4NTc5NTM1MDdhLzUuanBnIl0sWyJwIiwiZW5jb2RlIiwianBnIiwiLXF1YWxpdHkgODAiXSxbInAiLCJ0aHVtYiIsIjU5MHg1OTBcdTAwM2UiXV0?sha=5978091db204cb89\" alt=\"\" \/><\/p>\n<div class=\"gallery-i-caption\"><\/div>\n<\/div>\n<div class=\"gallery-i\"><img src=\"https:\/\/cdn.oxu.az\/uploads\/W1siZiIsIjIwMjMvMTEvMTYvMTUvNTgvNDcvMzgzZWNkZjItMDU5YS00NDA3LTg1ZjUtMTAxYWRmMTc0YzBjLzYuanBnIl0sWyJwIiwiZW5jb2RlIiwianBnIiwiLXF1YWxpdHkgODAiXSxbInAiLCJ0aHVtYiIsIjU5MHg1OTBcdTAwM2UiXV0?sha=d346818fcf0fb519\" alt=\"\" \/><\/p>\n<div class=\"gallery-i-caption\"><\/div>\n<\/div>\n<div class=\"gallery-i\"><img src=\"https:\/\/cdn.oxu.az\/uploads\/W1siZiIsIjIwMjMvMTEvMTYvMTUvNTgvNDcvZTQ2ODE0ZWQtNWI5MS00NGMyLWE2MzgtY2U4NzUzMzQ1Njg5LzcuanBnIl0sWyJwIiwiZW5jb2RlIiwianBnIiwiLXF1YWxpdHkgODAiXSxbInAiLCJ0aHVtYiIsIjU5MHg1OTBcdTAwM2UiXV0?sha=36799b0a8450a9fe\" alt=\"\" \/><\/div>\n<\/div>\n","protected":false},"excerpt":{"rendered":"<p>Bak\u0131da Qlobal Sahibkarl\u0131q H\u0259ft\u0259si \u00e7\u0259r\u00e7iv\u0259sind\u0259 Ki\u00e7ik v\u0259 Orta Sahibkarl\u0131q \u00fczr\u0259 D\u00fcnya Forumu (SME World Forum 2023) ke\u00e7irilib. \u0130qtisadiyyat Nazirliyinin d\u0259st\u0259yi, Ki\u00e7ik v\u0259 Orta Biznesin \u0130nki\u015faf\u0131 Agentliyinin (KOB\u0130A) v\u0259 Ki\u00e7ik Biznes \u00fczr\u0259 Beyn\u0259lxalq \u015euran\u0131n (ICSB) t\u0259\u015fkilat\u00e7\u0131l\u0131\u011f\u0131 il\u0259 ke\u00e7iril\u0259n t\u0259dbird\u0259 d\u00f6vl\u0259t r\u0259smil\u0259ri, beyn\u0259lxalq t\u0259\u015fkilatlar\u0131n n\u00fcmay\u0259nd\u0259l\u0259ri, biznes assosiasiyalar v\u0259 i\u015f adamlar\u0131 i\u015ftirak edibl\u0259r. T\u0259dbirin m\u0259qs\u0259di ki\u00e7ik v\u0259 orta biznesin d\u0259st\u0259kl\u0259nm\u0259si v\u0259 inki\u015faf\u0131 sah\u0259sind\u0259 \u0259n yax\u015f\u0131 t\u0259cr\u00fcb\u0259nin \u00f6yr\u0259nilm\u0259si, institusional t\u0259r\u0259fda\u015fl\u0131\u011f\u0131n geni\u015fl\u0259ndirilm\u0259si, maraql\u0131 t\u0259r\u0259fl\u0259r aras\u0131nda \u0259m\u0259kda\u015fl\u0131q \u00fc\u00e7\u00fcn yeni imkanlar\u0131n m\u00fc\u0259yy\u0259n edilm\u0259si, g\u0259nc sahibkarl\u0131\u011f\u0131n t\u0259\u015fviqi, el\u0259c\u0259 d\u0259 Az\u0259rbaycan\u0131n \u0259lveri\u015fli biznes m\u00fchitini v\u0259 potensial investisiya imkanlar\u0131n\u0131 geni\u015f&hellip;<\/p>\n","protected":false},"author":2,"featured_media":657220,"comment_status":"closed","ping_status":"closed","sticky":false,"template":"","format":"standard","meta":{"om_disable_all_campaigns":false,"_monsterinsights_skip_tracking":false,"_monsterinsights_sitenote_active":false,"_monsterinsights_sitenote_note":"","_monsterinsights_sitenote_category":0},"categories":[19],"tags":[],"aioseo_notices":[],"gutentor_comment":0,"rttpg_featured_image_url":{"full":["https:\/\/arantv.az\/wp-content\/uploads\/2023\/11\/1-11.jpg",620,413,false],"landscape":["https:\/\/arantv.az\/wp-content\/uploads\/2023\/11\/1-11.jpg",620,413,false],"portraits":["https:\/\/arantv.az\/wp-content\/uploads\/2023\/11\/1-11.jpg",620,413,false],"thumbnail":["https:\/\/arantv.az\/wp-content\/uploads\/2023\/11\/1-11-500x280.jpg",500,280,true],"medium":["https:\/\/arantv.az\/wp-content\/uploads\/2023\/11\/1-11-548x365.jpg",548,365,true],"large":["https:\/\/arantv.az\/wp-content\/uploads\/2023\/11\/1-11.jpg",620,413,false],"1536x1536":["https:\/\/arantv.az\/wp-content\/uploads\/2023\/11\/1-11.jpg",620,413,false],"2048x2048":["https:\/\/arantv.az\/wp-content\/uploads\/2023\/11\/1-11.jpg",620,413,false],"post-thumbnail":["https:\/\/arantv.az\/wp-content\/uploads\/2023\/11\/1-11-240x172.jpg",240,172,true],"advps-thumb-one":["https:\/\/arantv.az\/wp-content\/uploads\/2023\/11\/1-11.jpg",620,413,false]},"rttpg_author":{"display_name":"V\u00fcsal Rafiqo\u011flu","author_link":"https:\/\/arantv.az\/?author=2"},"rttpg_comment":0,"rttpg_category":"<a href=\"https:\/\/arantv.az\/?cat=19\" rel=\"category\">G\u00fcnd\u0259m<\/a>","rttpg_excerpt":"Bak\u0131da Qlobal Sahibkarl\u0131q H\u0259ft\u0259si \u00e7\u0259r\u00e7iv\u0259sind\u0259 Ki\u00e7ik v\u0259 Orta Sahibkarl\u0131q \u00fczr\u0259 D\u00fcnya Forumu (SME World Forum 2023) ke\u00e7irilib. \u0130qtisadiyyat Nazirliyinin d\u0259st\u0259yi, Ki\u00e7ik v\u0259 Orta Biznesin \u0130nki\u015faf\u0131 Agentliyinin (KOB\u0130A) v\u0259 Ki\u00e7ik Biznes \u00fczr\u0259 Beyn\u0259lxalq \u015euran\u0131n (ICSB) t\u0259\u015fkilat\u00e7\u0131l\u0131\u011f\u0131 il\u0259 ke\u00e7iril\u0259n t\u0259dbird\u0259 d\u00f6vl\u0259t r\u0259smil\u0259ri, beyn\u0259lxalq t\u0259\u015fkilatlar\u0131n n\u00fcmay\u0259nd\u0259l\u0259ri, biznes assosiasiyalar v\u0259 i\u015f adamlar\u0131 i\u015ftirak edibl\u0259r. T\u0259dbirin m\u0259qs\u0259di ki\u00e7ik v\u0259 orta&hellip;","_links":{"self":[{"href":"https:\/\/arantv.az\/index.php?rest_route=\/wp\/v2\/posts\/657219"}],"collection":[{"href":"https:\/\/arantv.az\/index.php?rest_route=\/wp\/v2\/posts"}],"about":[{"href":"https:\/\/arantv.az\/index.php?rest_route=\/wp\/v2\/types\/post"}],"author":[{"embeddable":true,"href":"https:\/\/arantv.az\/index.php?rest_route=\/wp\/v2\/users\/2"}],"replies":[{"embeddable":true,"href":"https:\/\/arantv.az\/index.php?rest_route=%2Fwp%2Fv2%2Fcomments&post=657219"}],"version-history":[{"count":0,"href":"https:\/\/arantv.az\/index.php?rest_route=\/wp\/v2\/posts\/657219\/revisions"}],"wp:featuredmedia":[{"embeddable":true,"href":"https:\/\/arantv.az\/index.php?rest_route=\/wp\/v2\/media\/657220"}],"wp:attachment":[{"href":"https:\/\/arantv.az\/index.php?rest_route=%2Fwp%2Fv2%2Fmedia&parent=657219"}],"wp:term":[{"taxonomy":"category","embeddable":true,"href":"https:\/\/arantv.az\/index.php?rest_route=%2Fwp%2Fv2%2Fcategories&post=657219"},{"taxonomy":"post_tag","embeddable":true,"href":"https:\/\/arantv.az\/index.php?rest_route=%2Fwp%2Fv2%2Ftags&post=657219"}],"curies":[{"name":"wp","href":"https:\/\/api.w.org\/{rel}","templated":true}]}}