{"id":657241,"date":"2023-11-16T16:59:22","date_gmt":"2023-11-16T12:59:22","guid":{"rendered":"https:\/\/arantv.az\/?p=657241"},"modified":"2023-11-16T16:59:22","modified_gmt":"2023-11-16T12:59:22","slug":"az%c9%99rbaycanda-isl%c9%99y%c9%99n-qadinlarin-n%c9%99z%c9%99rin%c9%99","status":"publish","type":"post","link":"https:\/\/arantv.az\/?p=657241","title":{"rendered":"Az\u0259rbaycanda i\u015fl\u0259y\u0259n qad\u0131nlar\u0131n N\u018fZ\u018fR\u0130N\u018f"},"content":{"rendered":"<p>Az\u0259rbaycanda i\u015fl\u0259y\u0259n qad\u0131nlar\u0131n h\u00fcquqlar\u0131 geni\u015fl\u0259ndirilir.<\/p>\n<p>\u201cReport\u201dun x\u0259b\u0259rin\u0259 g\u00f6r\u0259, bununla ba\u011fl\u0131 \u018fm\u0259k M\u0259c\u0259ll\u0259sin\u0259 d\u0259yi\u015fiklik t\u0259klif edilir.<\/p>\n<p>Layih\u0259d\u0259 qeyd olunub ki, h\u0259r il D\u00fcnya Bank\u0131 t\u0259r\u0259find\u0259n i\u015fl\u0259y\u0259n qad\u0131nlar\u0131n \u0259m\u0259k m\u00fcnasib\u0259tl\u0259ri il\u0259 ba\u011fl\u0131 formala\u015fm\u0131\u015f normalar\u0131n t\u0259tbiq s\u0259viyy\u0259si g\u00f6st\u0259ricil\u0259rini ehtiva ed\u0259n qad\u0131nlar, biznes v\u0259 h\u00fcquq hesabat\u0131 d\u0259rc edilir. S\u00f6z\u00fcged\u0259n hesabatda \u00f6lk\u0259mizin reytinqinin y\u00fcks\u0259ldilm\u0259si m\u0259qs\u0259dil\u0259 \u018fm\u0259k M\u0259c\u0259ll\u0259sin\u0259 qad\u0131nlar\u0131n m\u0259\u015f\u011fulluq imkanlar\u0131n\u0131 m\u0259hdudla\u015fd\u0131ran normalar\u0131n aradan qald\u0131r\u0131lmas\u0131, \u00f6lk\u0259 \u00fczr\u0259 qad\u0131nlar\u0131n orta ayl\u0131q \u0259m\u0259k haqq\u0131n\u0131n ki\u015fil\u0259rin orta ayl\u0131q \u0259m\u0259k haqq\u0131na nisb\u0259tinin y\u00fcks\u0259ldilm\u0259si, i\u015fl\u0259y\u0259n u\u015faql\u0131 qad\u0131nlara g\u00fcz\u0259\u015ftl\u0259rin m\u00fc\u0259yy\u0259n edilm\u0259si v\u0259 ya onlar \u00fc\u00e7\u00fcn \u0259lveri\u015fli \u0259m\u0259k \u015f\u0259raitinin yarad\u0131lmas\u0131n\u0131n t\u0259min edilm\u0259si \u0259sas prioritet olaraq n\u0259z\u0259rd\u0259 tutulur.<\/p>\n<p>Qeyd olunan hesabatda \u201cQad\u0131nlar\u0131n \u0259m\u0259khaqq\u0131 il\u0259 ba\u011fl\u0131 qanunlar\u201d g\u00f6st\u0259ricisi \u00fczr\u0259 daha yax\u015f\u0131 n\u0259tic\u0259l\u0259r \u0259ld\u0259 etm\u0259k \u00fc\u00e7\u00fcn qad\u0131nlar\u0131n ki\u015fil\u0259rl\u0259 b\u0259rab\u0259r qaydada gec\u0259 i\u015fl\u0259rind\u0259 i\u015fl\u0259m\u0259sin\u0259 icaz\u0259 ver\u0259n, qad\u0131nlar\u0131n ki\u015fil\u0259rl\u0259 b\u0259rab\u0259r t\u0259hl\u00fck\u0259li hesab edil\u0259n i\u015f yerl\u0259rind\u0259 v\u0259 ya s\u0259naye sah\u0259l\u0259rind\u0259 i\u015fl\u0259m\u0259l\u0259rin\u0259 icaz\u0259 ver\u0259n b\u0259rab\u0259r d\u0259y\u0259rli \u0259m\u0259y\u0259 g\u00f6r\u0259 b\u0259rab\u0259r \u0259m\u0259khaqq\u0131 m\u0259s\u0259l\u0259l\u0259rinin t\u0259kmill\u0259\u015fm\u0259si, eyni zamanda \u201cNormativ h\u00fcquqi aktlar haqq\u0131nda\u201d Az\u0259rbaycan Respublikas\u0131n\u0131n Konstitusiya Qanununa m\u00fcvafiq olaraq eyni terminl\u0259rin vahid \u015f\u0259kild\u0259 verilm\u0259si m\u0259qs\u0259dil\u0259 Az\u0259rbaycan Respublikas\u0131n\u0131n \u018fm\u0259k M\u0259c\u0259ll\u0259sind\u0259 d\u0259yi\u015fiklik edilm\u0259si z\u0259rur\u0259ti yaranm\u0131\u015fd\u0131r.<\/p>\n<p>Layih\u0259 gec\u0259 vaxt\u0131, i\u015f vaxt\u0131ndan art\u0131q i\u015f\u0259 c\u0259lb edilm\u0259 v\u0259 ezamiyy\u0259t\u0259 g\u00f6nd\u0259rilm\u0259 il\u0259 ba\u011fl\u0131 qad\u0131nlar\u0131n h\u00fcquqlar\u0131n\u0131 geni\u015fl\u0259ndirir.<\/p>\n<p>Qanun layih\u0259sind\u0259, h\u0259m\u00e7inin n\u0259z\u0259rd\u0259 tutulub ki, hamil\u0259, 14 ya\u015f\u0131nad\u0259k u\u015fa\u011f\u0131 olan, h\u0259m\u00e7inin sa\u011flaml\u0131q imkanlar\u0131 m\u0259hdud u\u015fa\u011f\u0131 olan qad\u0131nlar\u0131n ki\u015fil\u0259rl\u0259 b\u0259rab\u0259r qaydada gec\u0259 i\u015fl\u0259rind\u0259 i\u015fl\u0259m\u0259l\u0259rin\u0259, i\u015f vaxt\u0131ndan art\u0131q i\u015f\u0259 c\u0259lb edilm\u0259l\u0259rin\u0259 v\u0259 ezamiyy\u0259t\u0259 g\u00f6nd\u0259rilm\u0259l\u0259rin\u0259 yaln\u0131z onlar\u0131n yaz\u0131l\u0131 raz\u0131l\u0131\u011f\u0131 il\u0259 icaz\u0259 veril\u0259c\u0259k.<\/p>\n","protected":false},"excerpt":{"rendered":"<p>Az\u0259rbaycanda i\u015fl\u0259y\u0259n qad\u0131nlar\u0131n h\u00fcquqlar\u0131 geni\u015fl\u0259ndirilir. \u201cReport\u201dun x\u0259b\u0259rin\u0259 g\u00f6r\u0259, bununla ba\u011fl\u0131 \u018fm\u0259k M\u0259c\u0259ll\u0259sin\u0259 d\u0259yi\u015fiklik t\u0259klif edilir. Layih\u0259d\u0259 qeyd olunub ki, h\u0259r il D\u00fcnya Bank\u0131 t\u0259r\u0259find\u0259n i\u015fl\u0259y\u0259n qad\u0131nlar\u0131n \u0259m\u0259k m\u00fcnasib\u0259tl\u0259ri il\u0259 ba\u011fl\u0131 formala\u015fm\u0131\u015f normalar\u0131n t\u0259tbiq s\u0259viyy\u0259si g\u00f6st\u0259ricil\u0259rini ehtiva ed\u0259n qad\u0131nlar, biznes v\u0259 h\u00fcquq hesabat\u0131 d\u0259rc edilir. S\u00f6z\u00fcged\u0259n hesabatda \u00f6lk\u0259mizin reytinqinin y\u00fcks\u0259ldilm\u0259si m\u0259qs\u0259dil\u0259 \u018fm\u0259k M\u0259c\u0259ll\u0259sin\u0259 qad\u0131nlar\u0131n m\u0259\u015f\u011fulluq imkanlar\u0131n\u0131 m\u0259hdudla\u015fd\u0131ran normalar\u0131n aradan qald\u0131r\u0131lmas\u0131, \u00f6lk\u0259 \u00fczr\u0259 qad\u0131nlar\u0131n orta ayl\u0131q \u0259m\u0259k haqq\u0131n\u0131n ki\u015fil\u0259rin orta ayl\u0131q \u0259m\u0259k haqq\u0131na nisb\u0259tinin y\u00fcks\u0259ldilm\u0259si, i\u015fl\u0259y\u0259n u\u015faql\u0131 qad\u0131nlara g\u00fcz\u0259\u015ftl\u0259rin m\u00fc\u0259yy\u0259n edilm\u0259si v\u0259 ya onlar \u00fc\u00e7\u00fcn \u0259lveri\u015fli \u0259m\u0259k \u015f\u0259raitinin yarad\u0131lmas\u0131n\u0131n t\u0259min edilm\u0259si \u0259sas&hellip;<\/p>\n","protected":false},"author":2,"featured_media":657242,"comment_status":"closed","ping_status":"closed","sticky":false,"template":"","format":"standard","meta":{"om_disable_all_campaigns":false,"_monsterinsights_skip_tracking":false,"_monsterinsights_sitenote_active":false,"_monsterinsights_sitenote_note":"","_monsterinsights_sitenote_category":0},"categories":[1],"tags":[],"aioseo_notices":[],"gutentor_comment":0,"rttpg_featured_image_url":{"full":["https:\/\/arantv.az\/wp-content\/uploads\/2023\/11\/FotoJet-59.jpg",620,413,false],"landscape":["https:\/\/arantv.az\/wp-content\/uploads\/2023\/11\/FotoJet-59.jpg",620,413,false],"portraits":["https:\/\/arantv.az\/wp-content\/uploads\/2023\/11\/FotoJet-59.jpg",620,413,false],"thumbnail":["https:\/\/arantv.az\/wp-content\/uploads\/2023\/11\/FotoJet-59-500x280.jpg",500,280,true],"medium":["https:\/\/arantv.az\/wp-content\/uploads\/2023\/11\/FotoJet-59-548x365.jpg",548,365,true],"large":["https:\/\/arantv.az\/wp-content\/uploads\/2023\/11\/FotoJet-59.jpg",620,413,false],"1536x1536":["https:\/\/arantv.az\/wp-content\/uploads\/2023\/11\/FotoJet-59.jpg",620,413,false],"2048x2048":["https:\/\/arantv.az\/wp-content\/uploads\/2023\/11\/FotoJet-59.jpg",620,413,false],"post-thumbnail":["https:\/\/arantv.az\/wp-content\/uploads\/2023\/11\/FotoJet-59-240x172.jpg",240,172,true],"advps-thumb-one":["https:\/\/arantv.az\/wp-content\/uploads\/2023\/11\/FotoJet-59.jpg",620,413,false]},"rttpg_author":{"display_name":"V\u00fcsal Rafiqo\u011flu","author_link":"https:\/\/arantv.az\/?author=2"},"rttpg_comment":0,"rttpg_category":"<a href=\"https:\/\/arantv.az\/?cat=1\" rel=\"category\">C\u0259miyy\u0259t<\/a>","rttpg_excerpt":"Az\u0259rbaycanda i\u015fl\u0259y\u0259n qad\u0131nlar\u0131n h\u00fcquqlar\u0131 geni\u015fl\u0259ndirilir. \u201cReport\u201dun x\u0259b\u0259rin\u0259 g\u00f6r\u0259, bununla ba\u011fl\u0131 \u018fm\u0259k M\u0259c\u0259ll\u0259sin\u0259 d\u0259yi\u015fiklik t\u0259klif edilir. Layih\u0259d\u0259 qeyd olunub ki, h\u0259r il D\u00fcnya Bank\u0131 t\u0259r\u0259find\u0259n i\u015fl\u0259y\u0259n qad\u0131nlar\u0131n \u0259m\u0259k m\u00fcnasib\u0259tl\u0259ri il\u0259 ba\u011fl\u0131 formala\u015fm\u0131\u015f normalar\u0131n t\u0259tbiq s\u0259viyy\u0259si g\u00f6st\u0259ricil\u0259rini ehtiva ed\u0259n qad\u0131nlar, biznes v\u0259 h\u00fcquq hesabat\u0131 d\u0259rc edilir. S\u00f6z\u00fcged\u0259n hesabatda \u00f6lk\u0259mizin reytinqinin y\u00fcks\u0259ldilm\u0259si m\u0259qs\u0259dil\u0259 \u018fm\u0259k M\u0259c\u0259ll\u0259sin\u0259 qad\u0131nlar\u0131n m\u0259\u015f\u011fulluq imkanlar\u0131n\u0131&hellip;","_links":{"self":[{"href":"https:\/\/arantv.az\/index.php?rest_route=\/wp\/v2\/posts\/657241"}],"collection":[{"href":"https:\/\/arantv.az\/index.php?rest_route=\/wp\/v2\/posts"}],"about":[{"href":"https:\/\/arantv.az\/index.php?rest_route=\/wp\/v2\/types\/post"}],"author":[{"embeddable":true,"href":"https:\/\/arantv.az\/index.php?rest_route=\/wp\/v2\/users\/2"}],"replies":[{"embeddable":true,"href":"https:\/\/arantv.az\/index.php?rest_route=%2Fwp%2Fv2%2Fcomments&post=657241"}],"version-history":[{"count":0,"href":"https:\/\/arantv.az\/index.php?rest_route=\/wp\/v2\/posts\/657241\/revisions"}],"wp:featuredmedia":[{"embeddable":true,"href":"https:\/\/arantv.az\/index.php?rest_route=\/wp\/v2\/media\/657242"}],"wp:attachment":[{"href":"https:\/\/arantv.az\/index.php?rest_route=%2Fwp%2Fv2%2Fmedia&parent=657241"}],"wp:term":[{"taxonomy":"category","embeddable":true,"href":"https:\/\/arantv.az\/index.php?rest_route=%2Fwp%2Fv2%2Fcategories&post=657241"},{"taxonomy":"post_tag","embeddable":true,"href":"https:\/\/arantv.az\/index.php?rest_route=%2Fwp%2Fv2%2Ftags&post=657241"}],"curies":[{"name":"wp","href":"https:\/\/api.w.org\/{rel}","templated":true}]}}