{"id":657248,"date":"2023-11-16T17:19:07","date_gmt":"2023-11-16T13:19:07","guid":{"rendered":"https:\/\/arantv.az\/?p=657248"},"modified":"2023-11-16T17:19:07","modified_gmt":"2023-11-16T13:19:07","slug":"%c9%99l%c9%99t-azad-iqtisadi-zonasinda-karqo-terminallari-yaradilacaq","status":"publish","type":"post","link":"https:\/\/arantv.az\/?p=657248","title":{"rendered":"\u018fl\u0259t Azad \u0130qtisadi Zonas\u0131nda karqo terminallar\u0131 yarad\u0131lacaq"},"content":{"rendered":"<p>\u018fl\u0259t Azad \u0130qtisadi Zonas\u0131nda karqo terminallar\u0131n\u0131n yarad\u0131lmas\u0131 bar\u0259d\u0259 m\u0259s\u0259l\u0259 investorlarla raz\u0131la\u015fd\u0131r\u0131l\u0131b.<\/p>\n<p>\u201cReport\u201d\u00a0x\u0259b\u0259r verir ki, bunu \u018fl\u0259t Azad \u0130qtisadi Zonas\u0131n\u0131n s\u0259lahiyy\u0259tli qurumunun \u0130dar\u0259 Hey\u0259tinin s\u0259dri Valeh \u018fl\u0259sg\u0259rov Bak\u0131da ke\u00e7iril\u0259n \u201cDayan\u0131ql\u0131 maliyy\u0259 v\u0259 investisiya\u201d\u00a0m\u00f6vzusunda II Bak\u0131 Forumunda bildirib.<\/p>\n<p>Onun s\u00f6zl\u0259rin\u0259 g\u00f6r\u0259, art\u0131q bu istiqam\u0259td\u0259 layih\u0259l\u0259rin icras\u0131na ba\u015flan\u0131l\u0131b:<\/p>\n<p>\u201cKarqo terminallar\u0131n\u0131n 2026-c\u0131 ild\u0259n i\u015f\u0259 d\u00fc\u015f\u0259c\u0259yi g\u00f6zl\u0259nilir. Bu terminallarla ilkin m\u0259rh\u0259l\u0259d\u0259 ild\u0259 500 min ton y\u00fck da\u015f\u0131nacaq v\u0259 g\u0259l\u0259c\u0259kd\u0259 bu h\u0259cm t\u0259xmin\u0259n 1,5 milyon tona \u00e7atd\u0131r\u0131lacaq. \u0130nvestorlar\u0131n say\u0131n\u0131 n\u0259z\u0259r\u0259 alaraq \u018fl\u0259t Azad \u0130qtisadi Zonas\u0131nda 138 hektarl\u0131q \u0259razid\u0259 tikinti i\u015fl\u0259ri d\u0259 aparma\u011fa haz\u0131r\u0131q\u201d.<\/p>\n<p>\u201c\u018fl\u0259t Azad \u0130qtisadi Zonas\u0131 b\u00fct\u00fcn t\u0259klifl\u0259ri n\u0259z\u0259rd\u0259n ke\u00e7irm\u0259y\u0259 haz\u0131rd\u0131r, amma o investorlara \u00fcst\u00fcnl\u00fck veril\u0259c\u0259k ki, onlar ixrac \u0259sasl\u0131 istehsalata diqq\u0259t y\u00f6n\u0259ltsinl\u0259r v\u0259 beyn\u0259lxalq ticar\u0259t xidm\u0259tl\u0259ri, innovativ texnologiyalar t\u0259tbiq etsinl\u0259r. Onlar\u0131n istehsal etdiyi mallar\u0131n az\u0131 75%-i ixrac edilm\u0259lidir. Bunun m\u0259qs\u0259di ki\u00e7ik m\u00fc\u0259ssis\u0259l\u0259rin yerli bazara konsentrasiyas\u0131n\u0131n qar\u015f\u0131s\u0131n\u0131 almaqd\u0131r\u201d, &#8211; dey\u0259 V.\u018fl\u0259sg\u0259rov \u0259lav\u0259 edib.<\/p>\n","protected":false},"excerpt":{"rendered":"<p>\u018fl\u0259t Azad \u0130qtisadi Zonas\u0131nda karqo terminallar\u0131n\u0131n yarad\u0131lmas\u0131 bar\u0259d\u0259 m\u0259s\u0259l\u0259 investorlarla raz\u0131la\u015fd\u0131r\u0131l\u0131b. \u201cReport\u201d\u00a0x\u0259b\u0259r verir ki, bunu \u018fl\u0259t Azad \u0130qtisadi Zonas\u0131n\u0131n s\u0259lahiyy\u0259tli qurumunun \u0130dar\u0259 Hey\u0259tinin s\u0259dri Valeh \u018fl\u0259sg\u0259rov Bak\u0131da ke\u00e7iril\u0259n \u201cDayan\u0131ql\u0131 maliyy\u0259 v\u0259 investisiya\u201d\u00a0m\u00f6vzusunda II Bak\u0131 Forumunda bildirib. Onun s\u00f6zl\u0259rin\u0259 g\u00f6r\u0259, art\u0131q bu istiqam\u0259td\u0259 layih\u0259l\u0259rin icras\u0131na ba\u015flan\u0131l\u0131b: \u201cKarqo terminallar\u0131n\u0131n 2026-c\u0131 ild\u0259n i\u015f\u0259 d\u00fc\u015f\u0259c\u0259yi g\u00f6zl\u0259nilir. Bu terminallarla ilkin m\u0259rh\u0259l\u0259d\u0259 ild\u0259 500 min ton y\u00fck da\u015f\u0131nacaq v\u0259 g\u0259l\u0259c\u0259kd\u0259 bu h\u0259cm t\u0259xmin\u0259n 1,5 milyon tona \u00e7atd\u0131r\u0131lacaq. \u0130nvestorlar\u0131n say\u0131n\u0131 n\u0259z\u0259r\u0259 alaraq \u018fl\u0259t Azad \u0130qtisadi Zonas\u0131nda 138 hektarl\u0131q \u0259razid\u0259 tikinti i\u015fl\u0259ri d\u0259 aparma\u011fa haz\u0131r\u0131q\u201d. \u201c\u018fl\u0259t Azad \u0130qtisadi&hellip;<\/p>\n","protected":false},"author":2,"featured_media":657249,"comment_status":"closed","ping_status":"closed","sticky":false,"template":"","format":"standard","meta":{"om_disable_all_campaigns":false,"_monsterinsights_skip_tracking":false,"_monsterinsights_sitenote_active":false,"_monsterinsights_sitenote_note":"","_monsterinsights_sitenote_category":0},"categories":[19],"tags":[],"aioseo_notices":[],"gutentor_comment":0,"rttpg_featured_image_url":{"full":["https:\/\/arantv.az\/wp-content\/uploads\/2023\/11\/5d741d7d-ac76-369d-89a3-3b75345afa7d_850.jpg",620,413,false],"landscape":["https:\/\/arantv.az\/wp-content\/uploads\/2023\/11\/5d741d7d-ac76-369d-89a3-3b75345afa7d_850.jpg",620,413,false],"portraits":["https:\/\/arantv.az\/wp-content\/uploads\/2023\/11\/5d741d7d-ac76-369d-89a3-3b75345afa7d_850.jpg",620,413,false],"thumbnail":["https:\/\/arantv.az\/wp-content\/uploads\/2023\/11\/5d741d7d-ac76-369d-89a3-3b75345afa7d_850-500x280.jpg",500,280,true],"medium":["https:\/\/arantv.az\/wp-content\/uploads\/2023\/11\/5d741d7d-ac76-369d-89a3-3b75345afa7d_850-548x365.jpg",548,365,true],"large":["https:\/\/arantv.az\/wp-content\/uploads\/2023\/11\/5d741d7d-ac76-369d-89a3-3b75345afa7d_850.jpg",620,413,false],"1536x1536":["https:\/\/arantv.az\/wp-content\/uploads\/2023\/11\/5d741d7d-ac76-369d-89a3-3b75345afa7d_850.jpg",620,413,false],"2048x2048":["https:\/\/arantv.az\/wp-content\/uploads\/2023\/11\/5d741d7d-ac76-369d-89a3-3b75345afa7d_850.jpg",620,413,false],"post-thumbnail":["https:\/\/arantv.az\/wp-content\/uploads\/2023\/11\/5d741d7d-ac76-369d-89a3-3b75345afa7d_850-240x172.jpg",240,172,true],"advps-thumb-one":["https:\/\/arantv.az\/wp-content\/uploads\/2023\/11\/5d741d7d-ac76-369d-89a3-3b75345afa7d_850.jpg",620,413,false]},"rttpg_author":{"display_name":"V\u00fcsal Rafiqo\u011flu","author_link":"https:\/\/arantv.az\/?author=2"},"rttpg_comment":0,"rttpg_category":"<a href=\"https:\/\/arantv.az\/?cat=19\" rel=\"category\">G\u00fcnd\u0259m<\/a>","rttpg_excerpt":"\u018fl\u0259t Azad \u0130qtisadi Zonas\u0131nda karqo terminallar\u0131n\u0131n yarad\u0131lmas\u0131 bar\u0259d\u0259 m\u0259s\u0259l\u0259 investorlarla raz\u0131la\u015fd\u0131r\u0131l\u0131b. \u201cReport\u201d\u00a0x\u0259b\u0259r verir ki, bunu \u018fl\u0259t Azad \u0130qtisadi Zonas\u0131n\u0131n s\u0259lahiyy\u0259tli qurumunun \u0130dar\u0259 Hey\u0259tinin s\u0259dri Valeh \u018fl\u0259sg\u0259rov Bak\u0131da ke\u00e7iril\u0259n \u201cDayan\u0131ql\u0131 maliyy\u0259 v\u0259 investisiya\u201d\u00a0m\u00f6vzusunda II Bak\u0131 Forumunda bildirib. Onun s\u00f6zl\u0259rin\u0259 g\u00f6r\u0259, art\u0131q bu istiqam\u0259td\u0259 layih\u0259l\u0259rin icras\u0131na ba\u015flan\u0131l\u0131b: \u201cKarqo terminallar\u0131n\u0131n 2026-c\u0131 ild\u0259n i\u015f\u0259 d\u00fc\u015f\u0259c\u0259yi g\u00f6zl\u0259nilir. Bu terminallarla ilkin&hellip;","_links":{"self":[{"href":"https:\/\/arantv.az\/index.php?rest_route=\/wp\/v2\/posts\/657248"}],"collection":[{"href":"https:\/\/arantv.az\/index.php?rest_route=\/wp\/v2\/posts"}],"about":[{"href":"https:\/\/arantv.az\/index.php?rest_route=\/wp\/v2\/types\/post"}],"author":[{"embeddable":true,"href":"https:\/\/arantv.az\/index.php?rest_route=\/wp\/v2\/users\/2"}],"replies":[{"embeddable":true,"href":"https:\/\/arantv.az\/index.php?rest_route=%2Fwp%2Fv2%2Fcomments&post=657248"}],"version-history":[{"count":0,"href":"https:\/\/arantv.az\/index.php?rest_route=\/wp\/v2\/posts\/657248\/revisions"}],"wp:featuredmedia":[{"embeddable":true,"href":"https:\/\/arantv.az\/index.php?rest_route=\/wp\/v2\/media\/657249"}],"wp:attachment":[{"href":"https:\/\/arantv.az\/index.php?rest_route=%2Fwp%2Fv2%2Fmedia&parent=657248"}],"wp:term":[{"taxonomy":"category","embeddable":true,"href":"https:\/\/arantv.az\/index.php?rest_route=%2Fwp%2Fv2%2Fcategories&post=657248"},{"taxonomy":"post_tag","embeddable":true,"href":"https:\/\/arantv.az\/index.php?rest_route=%2Fwp%2Fv2%2Ftags&post=657248"}],"curies":[{"name":"wp","href":"https:\/\/api.w.org\/{rel}","templated":true}]}}