{"id":657254,"date":"2023-11-16T17:20:36","date_gmt":"2023-11-16T13:20:36","guid":{"rendered":"https:\/\/arantv.az\/?p=657254"},"modified":"2023-11-16T17:20:36","modified_gmt":"2023-11-16T13:20:36","slug":"az%c9%99rbaycan-t%c9%99zyiq-v%c9%99-t%c9%99hdidi-q%c9%99bul-etmir-vasinqtonun-baki-il%c9%99-bagli-ugursuz-c%c9%99hdi-s%c9%99rh-foto","status":"publish","type":"post","link":"https:\/\/arantv.az\/?p=657254","title":{"rendered":"Az\u0259rbaycan t\u0259zyiq v\u0259 t\u0259hdidi q\u0259bul etmir: Va\u015finqtonun Bak\u0131 il\u0259 ba\u011fl\u0131 u\u011fursuz c\u0259hdi &#8211; \u015e\u018fRH + FOTO"},"content":{"rendered":"<p>AB\u015e Konqresinin N\u00fcmay\u0259nd\u0259l\u0259r Palatas\u0131nda noyabr\u0131n 15-d\u0259 \u201cDa\u011fl\u0131q Qaraba\u011f\u0131n g\u0259l\u0259c\u0259yi\u201d m\u00f6vzusunda dinl\u0259m\u0259l\u0259r ke\u00e7irilib. T\u0259f\u0259rr\u00fcata varmadan \u00f6nc\u0259 onu dey\u0259k ki, bu dinl\u0259m\u0259l\u0259r birba\u015fa olaraq qeyri- obyektiv yana\u015fman\u0131n t\u0259zah\u00fcr\u00fc olmaqla yana\u015f\u0131, h\u0259m d\u0259 t\u0259xribatd\u0131r.<\/p>\n<p>M\u0259s\u0259l\u0259 ondan ibar\u0259tdir ki, Az\u0259rbaycan Qaraba\u011f m\u0259s\u0259l\u0259sini art\u0131q h\u0259ll edib. \u0130kincisi, \u201cDa\u011fl\u0131q Qaraba\u011f\u201d anlay\u0131\u015f\u0131 \u00f6z\u00fc do\u011fru deyil v\u0259 art\u0131q yoxdur. Az\u0259rbaycanda inzibati b\u00f6lg\u00fc kimi Qaraba\u011f iqtisadi rayonu var. \u00dc\u00e7\u00fcnc\u00fcs\u00fc, Qaraba\u011f Az\u0259rbaycan \u0259razisidir. V\u0259 \u0259g\u0259r bel\u0259dirs\u0259, dem\u0259li, Qaraba\u011f\u0131n g\u0259l\u0259c\u0259yi d\u0259 bizim i\u015fimizdir. Bu m\u0259s\u0259l\u0259 niy\u0259 hans\u0131sa dair\u0259l\u0259rd\u0259 Az\u0259rbaycan\u0131n raz\u0131l\u0131\u011f\u0131 v\u0259 n\u00fcmay\u0259nd\u0259l\u0259ri olmadan m\u00fczakir\u0259 olunmal\u0131d\u0131r ki?!<\/p>\n<p>S\u00f6z\u00fcged\u0259n dinl\u0259m\u0259l\u0259r AB\u015e-nin \u201cPapadan daha \u00e7ox katolik olmaq\u201d ritorikas\u0131n\u0131n g\u00f6st\u0259ricisidir. N\u0259z\u0259r\u0259 almaq laz\u0131md\u0131r ki, art\u0131q Erm\u0259nistan hakimiyy\u0259ti d\u0259 Qaraba\u011f\u0131 Az\u0259rbaycan\u0131n t\u0259rkib hiss\u0259si kimi tan\u0131y\u0131r.<\/p>\n<p>Bu dinl\u0259m\u0259l\u0259rin t\u0259\u015fkili g\u00f6st\u0259rdi ki, AB\u015e v\u0259 Fransa g\u00fccl\u00fc, suveren, m\u00fcst\u0259qil Az\u0259rbaycan d\u00f6vl\u0259tini q\u0259bul ed\u0259 bilmirl\u0259r. X\u00fcsusil\u0259 V\u0259t\u0259n m\u00fcharib\u0259sind\u0259n sonra r\u0259smi Bak\u0131 b\u00f6lg\u0259d\u0259 yeni reall\u0131qlar yarad\u0131b. Bu is\u0259 Q\u0259rb\u0259 b\u00f6lg\u0259d\u0259 \u00f6z \u00e7irkin niyy\u0259tl\u0259rini h\u0259yata ke\u00e7irm\u0259y\u0259 imkan vermir. Ona g\u00f6r\u0259 d\u0259 Paris v\u0259 Va\u015finqton vurnuxur. Bu, ayd\u0131n hiss olunur.<\/p>\n<p>T\u0259sad\u00fcfi deyil ki, dinl\u0259m\u0259l\u0259rin ke\u00e7irilm\u0259sin\u0259 \u0259n \u00e7ox d\u0259st\u0259k ver\u0259n AB\u015e-d\u0259ki erm\u0259ni lobbisi olub. T\u0259dbirin t\u0259\u015fkilat\u00e7\u0131s\u0131 Konqresin Avropa m\u0259s\u0259l\u0259l\u0259ri \u00fczr\u0259 altkomit\u0259sinin s\u0259dri Tomas Kin bundan \u0259vv\u0259l Erm\u0259nistan\u0131n AB\u015e-d\u0259k\u0131 s\u0259firi Lilit Makuns il\u0259 g\u00f6r\u00fc\u015f\u00fcb. Bu, \u0259lb\u0259tt\u0259, ciddi m\u0259qamd\u0131r. M\u0259qs\u0259d ayd\u0131nd\u0131r: m\u00fcnaqi\u015f\u0259ni b\u0259rpa etm\u0259y\u0259, s\u00fclh quruculu\u011funun qar\u015f\u0131s\u0131n\u0131 alma\u011fa c\u0259hd. Halbuki, bu c\u0259hdl\u0259r \u0259b\u0259sdir. \u00c7\u00fcnki Az\u0259rbaycan n\u0259 AB\u015e, n\u0259 d\u0259 onun Konqresi qar\u015f\u0131s\u0131nda \u00f6hd\u0259lik da\u015f\u0131y\u0131r. H\u0259m d\u0259 he\u00e7 bir \u00f6lk\u0259 Az\u0259rbaycanla t\u0259zyiq dili il\u0259 dan\u0131\u015fa bilm\u0259z. Tarixi t\u0259cr\u00fcb\u0259 g\u00f6st\u0259rir ki, bu, bir \u00e7ox hallarda bumeranq effekti verir. AB\u015e anlamal\u0131d\u0131r ki, Az\u0259rbaycan olmadan n\u0259 C\u0259nubi Qafqazda, n\u0259 d\u0259 M\u0259rk\u0259zi Asiyada siyas\u0259ti olacaq. \u00c7\u00fcnki r\u0259smi Bak\u0131 bu g\u00fcn C\u0259nubi Qafqaz\u0131n \u0259sas siyasi aktorudur. Eyni zamanda, Az\u0259rbaycan\u0131n T\u00fcrk D\u00f6vl\u0259tl\u0259ri T\u0259\u015fkilat\u0131 (TDT) daxilind\u0259ki f\u0259aliyy\u0259ti bizim M\u0259rk\u0259zi Asiyadak\u0131 m\u00f6vqel\u0259rimizin getdikc\u0259 m\u00f6hk\u0259ml\u0259nm\u0259sin\u0259 \u015f\u0259rait yarad\u0131r.<\/p>\n<p><img src=\"https:\/\/cdn.oxu.az\/uploads\/W1siZiIsIjIwMjMvMTEvMTYvMTYvMDgvMzQvZDM3MTViODAtNmJjNi00MjhlLTg2MjEtOWYyZmNkYmQ1MjMwLzZiM2RlZWFjLWViODYtMzY4MS1iMTZkLWM2NDA4NTlhMzI5Ni5qcGciXSxbInAiLCJlbmNvZGUiLCJqcGciLCItcXVhbGl0eSA4MCJdLFsicCIsInRodW1iIiwiNTkweDU5MFx1MDAzZSJdXQ?sha=0f82671d3dc43c64\" alt=\"\" \/><\/p>\n<p>Qeyd etm\u0259k yerin\u0259 d\u00fc\u015f\u0259r ki, Konqres AB\u015e-nin g\u00fcnb\u0259g\u00fcn artan d\u00f6vl\u0259t borcundan ba\u015flayaraq irqi ayr\u0131-se\u00e7kilik, polis zorak\u0131l\u0131\u011f\u0131, kriminal\u0131n ba\u015f al\u0131b getm\u0259si v\u0259 dig\u0259r \u00e7oxsayl\u0131 daxili probleml\u0259rl\u0259 m\u0259\u015f\u011ful olsayd\u0131, daha d\u00fczg\u00fcn olard\u0131. Bunun \u0259v\u0259zind\u0259 Az\u0259rbaycan\u0131n daxili i\u015fl\u0259rin\u0259 qar\u0131\u015fmaq n\u0259 etikdir, n\u0259 d\u0259 beyn\u0259lxalq h\u00fcquqa uy\u011fundur. Ba\u015fqa vaxt demokratiya fenomenini \u0259lind\u0259 bayraq tutan Q\u0259rb niy\u0259 indi beyn\u0259lxalq h\u00fcququ g\u00f6rm\u0259zd\u0259n g\u0259lir? Bu, Q\u0259rbin iki\u00fczl\u00fcl\u00fcy\u00fcn\u00fcn \u0259n bariz n\u00fcmun\u0259l\u0259rind\u0259ndir.<\/p>\n<p>AB\u015e m\u0259hz ba\u015fqalar\u0131n\u0131n daxili i\u015fl\u0259rin\u0259 qar\u0131\u015fmaqla bu g\u00fcn d\u00fcnyan\u0131 s\u00fcr\u0259tl\u0259 \u00fc\u00e7\u00fcnc\u00fc d\u00fcnya m\u00fcharib\u0259sin\u0259 do\u011fru apar\u0131r. \u015e\u0259rqi Avropa, Yax\u0131n v\u0259 Orta \u015e\u0259rqd\u0259 katalizator rolunu oynama\u011fa \u00e7al\u0131\u015fan Q\u0259rbin d\u00fcnyan\u0131n m\u00fcxt\u0259lif b\u00f6lg\u0259l\u0259rind\u0259 ba\u015f ver\u0259n siyasi kataklizml\u0259r, m\u00fcharib\u0259l\u0259r, d\u00f6vl\u0259t \u00e7evrili\u015fl\u0259ri, v\u0259t\u0259nda\u015f m\u00fcharib\u0259l\u0259rind\u0259 birba\u015fa \u0259li var. Bu, r\u0259smi Va\u015finqtonun da\u011f\u0131d\u0131c\u0131 siyasi kursundan x\u0259b\u0259r verir. S\u00f6zs\u00fcz ki, Liviya, Suriya, \u0130raq v\u0259 \u018ffqan\u0131standak\u0131 bug\u00fcnk\u00fc durum m\u0259hz h\u0259min da\u011f\u0131d\u0131c\u0131 xarakterli siyasi kursun n\u0259tic\u0259sidir. 20 il \u018ffqan\u0131stan\u0131 i\u015f\u011fal alt\u0131nda saxlayan AB\u015e bu \u00f6lk\u0259d\u0259 bir d\u0259n\u0259 d\u0259 olsun obyekt tikm\u0259di, yol salmad\u0131.<\/p>\n<p>\u018fksin\u0259, bu ill\u0259r \u0259rzind\u0259 b\u00fct\u00fcn \u00f6lk\u0259ni narkotik plantasiyas\u0131na \u00e7evirdi. Son m\u0259lumatlara g\u00f6r\u0259, AB\u015e \u018ffqan\u0131stan\u0131 t\u0259rk etdikd\u0259n sonra bu \u00f6lk\u0259d\u0259 narkotik plantasiyalar\u0131n\u0131n h\u0259cmi 20 d\u0259f\u0259d\u0259n \u00e7ox azal\u0131b. Bu g\u00fcn Q\u0259zzada ba\u015f ver\u0259nl\u0259rin ssenari m\u00fc\u0259llifi d\u0259 Va\u015finqtondur. Rusiya-Ukrayna qar\u015f\u0131durmas\u0131n\u0131 alovland\u0131ran v\u0259 bu alovu s\u00f6nm\u0259y\u0259 qoymayan m\u0259hz A\u011f Evdir.<\/p>\n<p>AB\u015e g\u00f6z g\u00f6r\u0259-g\u00f6r\u0259 \u00f6z ambisiyalar\u0131 namin\u0259 t\u0259sir g\u00f6st\u0259r\u0259 bildiyi d\u00f6vl\u0259tl\u0259ri qurban verir. Avropan\u0131 Rusiyan\u0131n enerji resurslar\u0131ndan m\u0259hrum ed\u0259n AB\u015e bu b\u00f6y\u00fck bazar\u0131 \u00f6z\u00fcn\u00fcnk\u00fcl\u0259\u015fdirib. AB\u015e-nin Lat\u0131n Amerikas\u0131nda, Afrika qit\u0259sind\u0259 t\u00f6r\u0259tdiyi cinay\u0259tl\u0259r, h\u0259m\u00e7inin Lat\u0131n Amerikas\u0131 \u00f6lk\u0259l\u0259rind\u0259 Amerikaya qar\u015f\u0131 k\u0259skin m\u0259nfi m\u00fcnasib\u0259t \u00e7oxlar\u0131na m\u0259lumdur. Postsovet m\u0259kan\u0131, C\u0259nubi Qafqazda ba\u015f vermi\u015f v\u0259 h\u0259l\u0259 d\u0259 davam ed\u0259n siyasi kataklizml\u0259rin \u0259n b\u00f6y\u00fck s\u0259b\u0259bkar\u0131 da m\u0259hz AB\u015e-dir.<\/p>\n<p><img src=\"https:\/\/cdn.oxu.az\/uploads\/W1siZiIsIjIwMjMvMTEvMTYvMTYvMDgvMzMvMzI0ZDE1ZGYtYWU3OC00OTExLWE1YjktZjViMjI2YzVkZTY1L2NhMzNlMTAxLTIxZGItMzM4Yi1hZWY5LTQyOTAyOWE5OTBjZC5qcGciXSxbInAiLCJlbmNvZGUiLCJqcGciLCItcXVhbGl0eSA4MCJdLFsicCIsInRodW1iIiwiNTkweDU5MFx1MDAzZSJdXQ?sha=87929a146437445e\" alt=\"\" \/><\/p>\n<p>Sadal\u0131qlar\u0131m\u0131z\u0131 biz yax\u015f\u0131 bilirik. Az\u0259rbaycan AB\u015e-nin \u00e7irkin, destruktiv siyas\u0259tin\u0259 yax\u015f\u0131 b\u0259l\u0259ddir. AT\u018fT-in ke\u00e7mi\u015f Minsk qrupunun h\u0259ms\u0259drl\u0259rind\u0259n biri kimi, AB\u015e \u0259razil\u0259rimizin i\u015f\u011fal\u0131, etnik t\u0259mizl\u0259m\u0259, milli-m\u0259d\u0259ni irsimizin m\u0259hv edilm\u0259si, s\u0259rv\u0259tl\u0259rimizin talanmas\u0131na g\u00f6r\u0259 d\u0259 m\u0259suliyy\u0259t da\u015f\u0131y\u0131r. H\u0259min d\u00f6vrl\u0259r \u0259rzind\u0259 AB\u015e bir d\u0259f\u0259 d\u0259 olsun Erm\u0259nistan\u0131 q\u0131namad\u0131, BMT T\u015e-nin m\u0259lum d\u00f6rd q\u0259tnam\u0259sinin icras\u0131 istiqam\u0259tind\u0259 add\u0131m atmad\u0131. Amma 1992-ci ild\u0259 Az\u0259rbaycana qar\u015f\u0131 \u201c907-ci d\u00fcz\u0259li\u015f\u201di q\u0259bul etdi. \u0130ndi bu d\u00f6vl\u0259t nec\u0259 vasit\u0259\u00e7ilik iddias\u0131nda ola bil\u0259r?! Bu, riyakarl\u0131q deyils\u0259, n\u0259dir?!<img src=\"https:\/\/cdn.oxu.az\/uploads\/W1siZiIsIjIwMjMvMTEvMTYvMTYvMDgvMzMvY2Y3ZjQ4YjEtMWU4NC00ZWI5LTg0NWUtMmM4NDRmZWUzYzdmLzgwY2JlYjc1LTMwZDktMzlkNC04OTEwLTRlZTA5OGU0M2QxNC5qcGciXSxbInAiLCJlbmNvZGUiLCJqcGciLCItcXVhbGl0eSA4MCJdLFsicCIsInRodW1iIiwiNTkweDU5MFx1MDAzZSJdXQ?sha=98f302366775ad0c\" alt=\"\" \/>AB\u015e \u00f6z hegemon siyas\u0259tini davam etdir\u0259r\u0259k, Az\u0259rbaycan\u0131n \u0130ranla Nax\u00e7\u0131van Muxtar Respublikas\u0131na Z\u0259ngilandan \u00e7\u0259kil\u0259c\u0259k yolla ba\u011fl\u0131 m\u00fcqavil\u0259ni d\u0259 t\u0259nqid edib v\u0259 bu layih\u0259nin u\u011fursuz oldu\u011funu b\u0259yan edib. Az\u0259rbaycan X\u0130N \u00f6z n\u00f6vb\u0259sind\u0259 \u00f6lk\u0259nin m\u00fcst\u0259qil siyas\u0259t h\u0259yata ke\u00e7irdiyini s\u00fcbut ed\u0259r\u0259k, ist\u0259nil\u0259n \u00f6lk\u0259 il\u0259 raz\u0131la\u015fma \u0259ld\u0259 olunmas\u0131n\u0131 \u00f6z\u00fcn\u00fcn suveren h\u00fcququ oldu\u011funu n\u0259z\u0259r\u0259 \u00e7atd\u0131r\u0131b.<\/p>\n<p>Yeri g\u0259lmi\u015fk\u0259n, d\u00fcn\u0259n Konqresd\u0259 \u00e7\u0131x\u0131\u015f ed\u0259nl\u0259r bildirdil\u0259r ki, AB\u015e Az\u0259rbaycana yard\u0131m etm\u0259y\u0259c\u0259k. Bunlar h\u0259d\u0259l\u0259r olsa da, \u201cbo\u015f g\u00fcll\u0259\u201ddir. \u00c7\u00fcnki Az\u0259rbaycan\u0131n he\u00e7 bir \u00f6lk\u0259nin yard\u0131m\u0131na ehtiyac\u0131 yoxdur. Bu d\u00f6vl\u0259tin siyas\u0259ti ayd\u0131nd\u0131r: pulla t\u0259sir g\u00f6st\u0259r\u0259 bildiyi d\u00f6vl\u0259tl\u0259ri \u00f6z t\u0259r\u0259fin\u0259 \u00e7\u0259km\u0259k, daha do\u011frusu, maraqlar\u0131n\u0131 t\u0259min etm\u0259k. Va\u015finqton \u201cpul ver\u0259r\u0259k musiqini sifari\u015f edir\u201d. Biz bu oyuna getm\u0259rik. AB\u015e-nin vaxtil\u0259 Qaraba\u011fdak\u0131 separat\u00e7\u0131lara minat\u0259mizl\u0259m\u0259 ad\u0131 alt\u0131nda ild\u0259 10 milyon dollar v\u0259sait ay\u0131rmas\u0131, separat\u00e7\u0131lar\u0131n AB\u015e-d\u0259 yard\u0131m kampaniyalar\u0131 ke\u00e7irib pul y\u0131\u011fmalar\u0131na \u015f\u0259rait yarad\u0131lmas\u0131, rejimin bu \u00f6lk\u0259d\u0259 n\u00fcmay\u0259nd\u0259liyinin f\u0259aliyy\u0259tin\u0259 g\u00f6z yumulmas\u0131 dediyimiz fikri s\u00fcbut edir.<\/p>\n<p>Az\u0259rbaycan xalq\u0131 uzun ill\u0259r bu pisliyi, riyakarl\u0131\u011f\u0131 g\u00f6r\u00fcb, bundan hidd\u0259tl\u0259nib v\u0259 he\u00e7 vaxt unutmayacaq. R\u0259smi Bak\u0131ya dikt\u0259 etm\u0259k ist\u0259y\u0259nl\u0259r\u0259 yeri g\u00f6st\u0259ril\u0259c\u0259k, nec\u0259 ki, g\u00f6st\u0259rilir. Az\u0259rbaycan X\u0130N art\u0131q cavab add\u0131m\u0131 olaraq AB\u015e-nin y\u00fcks\u0259ks\u0259viyy\u0259li r\u0259smil\u0259rinin \u00f6lk\u0259y\u0259 s\u0259f\u0259rl\u0259rini yersiz adland\u0131r\u0131b. Bundan ba\u015fqa, bildirilib ki, noyabr\u0131n 20-d\u0259 Va\u015finqtonda Az\u0259rbaycan v\u0259 Erm\u0259nistan X\u0130N r\u0259hb\u0259rl\u0259rinin g\u00f6r\u00fc\u015f\u00fcnd\u0259n imtina edir.<\/p>\n<p>Az\u0259rbaycan m\u00fcst\u0259qil siyas\u0259t h\u0259yata ke\u00e7irdiyini bir daha s\u00fcbut edir v\u0259 h\u0259r hans\u0131 bir d\u00f6vl\u0259tin dikt\u0259sini q\u0259bul etm\u0259diyini n\u00fcmayi\u015f etdirir.<\/p>\n<p><strong>\u201cReport\u201d \u0130nformasiya Agentliyi<\/strong><\/p>\n","protected":false},"excerpt":{"rendered":"<p>AB\u015e Konqresinin N\u00fcmay\u0259nd\u0259l\u0259r Palatas\u0131nda noyabr\u0131n 15-d\u0259 \u201cDa\u011fl\u0131q Qaraba\u011f\u0131n g\u0259l\u0259c\u0259yi\u201d m\u00f6vzusunda dinl\u0259m\u0259l\u0259r ke\u00e7irilib. T\u0259f\u0259rr\u00fcata varmadan \u00f6nc\u0259 onu dey\u0259k ki, bu dinl\u0259m\u0259l\u0259r birba\u015fa olaraq qeyri- obyektiv yana\u015fman\u0131n t\u0259zah\u00fcr\u00fc olmaqla yana\u015f\u0131, h\u0259m d\u0259 t\u0259xribatd\u0131r. M\u0259s\u0259l\u0259 ondan ibar\u0259tdir ki, Az\u0259rbaycan Qaraba\u011f m\u0259s\u0259l\u0259sini art\u0131q h\u0259ll edib. \u0130kincisi, \u201cDa\u011fl\u0131q Qaraba\u011f\u201d anlay\u0131\u015f\u0131 \u00f6z\u00fc do\u011fru deyil v\u0259 art\u0131q yoxdur. Az\u0259rbaycanda inzibati b\u00f6lg\u00fc kimi Qaraba\u011f iqtisadi rayonu var. \u00dc\u00e7\u00fcnc\u00fcs\u00fc, Qaraba\u011f Az\u0259rbaycan \u0259razisidir. V\u0259 \u0259g\u0259r bel\u0259dirs\u0259, dem\u0259li, Qaraba\u011f\u0131n g\u0259l\u0259c\u0259yi d\u0259 bizim i\u015fimizdir. Bu m\u0259s\u0259l\u0259 niy\u0259 hans\u0131sa dair\u0259l\u0259rd\u0259 Az\u0259rbaycan\u0131n raz\u0131l\u0131\u011f\u0131 v\u0259 n\u00fcmay\u0259nd\u0259l\u0259ri olmadan m\u00fczakir\u0259 olunmal\u0131d\u0131r ki?! S\u00f6z\u00fcged\u0259n dinl\u0259m\u0259l\u0259r AB\u015e-nin \u201cPapadan daha&hellip;<\/p>\n","protected":false},"author":2,"featured_media":657255,"comment_status":"closed","ping_status":"closed","sticky":false,"template":"","format":"standard","meta":{"om_disable_all_campaigns":false,"_monsterinsights_skip_tracking":false,"_monsterinsights_sitenote_active":false,"_monsterinsights_sitenote_note":"","_monsterinsights_sitenote_category":0},"categories":[4],"tags":[],"aioseo_notices":[],"gutentor_comment":0,"rttpg_featured_image_url":{"full":["https:\/\/arantv.az\/wp-content\/uploads\/2023\/11\/138c709d-4d42-330f-a3ed-b0e0ad86f460_850.jpg",620,413,false],"landscape":["https:\/\/arantv.az\/wp-content\/uploads\/2023\/11\/138c709d-4d42-330f-a3ed-b0e0ad86f460_850.jpg",620,413,false],"portraits":["https:\/\/arantv.az\/wp-content\/uploads\/2023\/11\/138c709d-4d42-330f-a3ed-b0e0ad86f460_850.jpg",620,413,false],"thumbnail":["https:\/\/arantv.az\/wp-content\/uploads\/2023\/11\/138c709d-4d42-330f-a3ed-b0e0ad86f460_850-500x280.jpg",500,280,true],"medium":["https:\/\/arantv.az\/wp-content\/uploads\/2023\/11\/138c709d-4d42-330f-a3ed-b0e0ad86f460_850-548x365.jpg",548,365,true],"large":["https:\/\/arantv.az\/wp-content\/uploads\/2023\/11\/138c709d-4d42-330f-a3ed-b0e0ad86f460_850.jpg",620,413,false],"1536x1536":["https:\/\/arantv.az\/wp-content\/uploads\/2023\/11\/138c709d-4d42-330f-a3ed-b0e0ad86f460_850.jpg",620,413,false],"2048x2048":["https:\/\/arantv.az\/wp-content\/uploads\/2023\/11\/138c709d-4d42-330f-a3ed-b0e0ad86f460_850.jpg",620,413,false],"post-thumbnail":["https:\/\/arantv.az\/wp-content\/uploads\/2023\/11\/138c709d-4d42-330f-a3ed-b0e0ad86f460_850-240x172.jpg",240,172,true],"advps-thumb-one":["https:\/\/arantv.az\/wp-content\/uploads\/2023\/11\/138c709d-4d42-330f-a3ed-b0e0ad86f460_850.jpg",620,413,false]},"rttpg_author":{"display_name":"V\u00fcsal Rafiqo\u011flu","author_link":"https:\/\/arantv.az\/?author=2"},"rttpg_comment":0,"rttpg_category":"<a href=\"https:\/\/arantv.az\/?cat=4\" rel=\"category\">Siyas\u0259t<\/a>","rttpg_excerpt":"AB\u015e Konqresinin N\u00fcmay\u0259nd\u0259l\u0259r Palatas\u0131nda noyabr\u0131n 15-d\u0259 \u201cDa\u011fl\u0131q Qaraba\u011f\u0131n g\u0259l\u0259c\u0259yi\u201d m\u00f6vzusunda dinl\u0259m\u0259l\u0259r ke\u00e7irilib. T\u0259f\u0259rr\u00fcata varmadan \u00f6nc\u0259 onu dey\u0259k ki, bu dinl\u0259m\u0259l\u0259r birba\u015fa olaraq qeyri- obyektiv yana\u015fman\u0131n t\u0259zah\u00fcr\u00fc olmaqla yana\u015f\u0131, h\u0259m d\u0259 t\u0259xribatd\u0131r. M\u0259s\u0259l\u0259 ondan ibar\u0259tdir ki, Az\u0259rbaycan Qaraba\u011f m\u0259s\u0259l\u0259sini art\u0131q h\u0259ll edib. \u0130kincisi, \u201cDa\u011fl\u0131q Qaraba\u011f\u201d anlay\u0131\u015f\u0131 \u00f6z\u00fc do\u011fru deyil v\u0259 art\u0131q yoxdur. Az\u0259rbaycanda inzibati b\u00f6lg\u00fc kimi&hellip;","_links":{"self":[{"href":"https:\/\/arantv.az\/index.php?rest_route=\/wp\/v2\/posts\/657254"}],"collection":[{"href":"https:\/\/arantv.az\/index.php?rest_route=\/wp\/v2\/posts"}],"about":[{"href":"https:\/\/arantv.az\/index.php?rest_route=\/wp\/v2\/types\/post"}],"author":[{"embeddable":true,"href":"https:\/\/arantv.az\/index.php?rest_route=\/wp\/v2\/users\/2"}],"replies":[{"embeddable":true,"href":"https:\/\/arantv.az\/index.php?rest_route=%2Fwp%2Fv2%2Fcomments&post=657254"}],"version-history":[{"count":0,"href":"https:\/\/arantv.az\/index.php?rest_route=\/wp\/v2\/posts\/657254\/revisions"}],"wp:featuredmedia":[{"embeddable":true,"href":"https:\/\/arantv.az\/index.php?rest_route=\/wp\/v2\/media\/657255"}],"wp:attachment":[{"href":"https:\/\/arantv.az\/index.php?rest_route=%2Fwp%2Fv2%2Fmedia&parent=657254"}],"wp:term":[{"taxonomy":"category","embeddable":true,"href":"https:\/\/arantv.az\/index.php?rest_route=%2Fwp%2Fv2%2Fcategories&post=657254"},{"taxonomy":"post_tag","embeddable":true,"href":"https:\/\/arantv.az\/index.php?rest_route=%2Fwp%2Fv2%2Ftags&post=657254"}],"curies":[{"name":"wp","href":"https:\/\/api.w.org\/{rel}","templated":true}]}}