{"id":657263,"date":"2023-11-16T17:23:09","date_gmt":"2023-11-16T13:23:09","guid":{"rendered":"https:\/\/arantv.az\/?p=657263"},"modified":"2023-11-16T17:23:09","modified_gmt":"2023-11-16T13:23:09","slug":"nazir-muavini-issiz-insanlara-unvanli-sosial-yardim-vers%c9%99k-isl%c9%99m%c9%99y%c9%99c%c9%99kl%c9%99r","status":"publish","type":"post","link":"https:\/\/arantv.az\/?p=657263","title":{"rendered":"Nazir m\u00fcavini: &#8220;\u0130\u015fsiz insanlara \u00fcnvanl\u0131 sosial yard\u0131m vers\u0259k, i\u015fl\u0259m\u0259y\u0259c\u0259kl\u0259r&#8221;"},"content":{"rendered":"<p><strong>\u0130\u015fsiz insanlara \u00fcnvanl\u0131 sosial yard\u0131m vers\u0259k, onlar i\u015fl\u0259m\u0259y\u0259c\u0259kl\u0259r.<\/strong><\/p>\n<p>\u018fm\u0259k v\u0259 \u0259halinin sosial m\u00fcdafi\u0259si nazirinin m\u00fcavini Anar K\u0259rimov Milli M\u0259clisin \u018fm\u0259k v\u0259 sosial siyas\u0259t komit\u0259sinin iclas\u0131nda \u201c\u0130\u015fsizlikd\u0259n s\u0131\u011forta fondunun 2024-c\u00fc il b\u00fcdc\u0259si haqq\u0131nda\u201d qanununun layih\u0259sinin m\u00fczakir\u0259si zaman\u0131 deyib ki, b\u0259z\u0259n suallar verilir ki, b\u0259zi ail\u0259l\u0259r h\u0259m i\u015fl\u0259yir, h\u0259m d\u0259 \u00fcnvanl\u0131 d\u00f6vl\u0259t sosial yard\u0131m\u0131 al\u0131r.<\/p>\n<p>Nazir m\u00fcavini qeyd edib ki, \u00fcnvanl\u0131 sosial yard\u0131m\u0131n f\u0259ls\u0259f\u0259si ayr\u0131d\u0131r: \u201cY\u0259ni i\u015fsiz insanlara bu yard\u0131m\u0131 vers\u0259k, onlar i\u015fl\u0259m\u0259y\u0259c\u0259kl\u0259r\u201d.\/\/APA<\/p>\n","protected":false},"excerpt":{"rendered":"<p>\u0130\u015fsiz insanlara \u00fcnvanl\u0131 sosial yard\u0131m vers\u0259k, onlar i\u015fl\u0259m\u0259y\u0259c\u0259kl\u0259r. \u018fm\u0259k v\u0259 \u0259halinin sosial m\u00fcdafi\u0259si nazirinin m\u00fcavini Anar K\u0259rimov Milli M\u0259clisin \u018fm\u0259k v\u0259 sosial siyas\u0259t komit\u0259sinin iclas\u0131nda \u201c\u0130\u015fsizlikd\u0259n s\u0131\u011forta fondunun 2024-c\u00fc il b\u00fcdc\u0259si haqq\u0131nda\u201d qanununun layih\u0259sinin m\u00fczakir\u0259si zaman\u0131 deyib ki, b\u0259z\u0259n suallar verilir ki, b\u0259zi ail\u0259l\u0259r h\u0259m i\u015fl\u0259yir, h\u0259m d\u0259 \u00fcnvanl\u0131 d\u00f6vl\u0259t sosial yard\u0131m\u0131 al\u0131r. Nazir m\u00fcavini qeyd edib ki, \u00fcnvanl\u0131 sosial yard\u0131m\u0131n f\u0259ls\u0259f\u0259si ayr\u0131d\u0131r: \u201cY\u0259ni i\u015fsiz insanlara bu yard\u0131m\u0131 vers\u0259k, onlar i\u015fl\u0259m\u0259y\u0259c\u0259kl\u0259r\u201d.\/\/APA<\/p>\n","protected":false},"author":2,"featured_media":657264,"comment_status":"closed","ping_status":"closed","sticky":false,"template":"","format":"standard","meta":{"om_disable_all_campaigns":false,"_monsterinsights_skip_tracking":false,"_monsterinsights_sitenote_active":false,"_monsterinsights_sitenote_note":"","_monsterinsights_sitenote_category":0},"categories":[1],"tags":[],"aioseo_notices":[],"gutentor_comment":0,"rttpg_featured_image_url":{"full":["https:\/\/arantv.az\/wp-content\/uploads\/2023\/11\/4eb08ac51d547f354eaf4c38498e48a8.jpg",870,500,false],"landscape":["https:\/\/arantv.az\/wp-content\/uploads\/2023\/11\/4eb08ac51d547f354eaf4c38498e48a8.jpg",870,500,false],"portraits":["https:\/\/arantv.az\/wp-content\/uploads\/2023\/11\/4eb08ac51d547f354eaf4c38498e48a8.jpg",870,500,false],"thumbnail":["https:\/\/arantv.az\/wp-content\/uploads\/2023\/11\/4eb08ac51d547f354eaf4c38498e48a8-500x280.jpg",500,280,true],"medium":["https:\/\/arantv.az\/wp-content\/uploads\/2023\/11\/4eb08ac51d547f354eaf4c38498e48a8-635x365.jpg",635,365,true],"large":["https:\/\/arantv.az\/wp-content\/uploads\/2023\/11\/4eb08ac51d547f354eaf4c38498e48a8-840x483.jpg",640,368,true],"1536x1536":["https:\/\/arantv.az\/wp-content\/uploads\/2023\/11\/4eb08ac51d547f354eaf4c38498e48a8.jpg",870,500,false],"2048x2048":["https:\/\/arantv.az\/wp-content\/uploads\/2023\/11\/4eb08ac51d547f354eaf4c38498e48a8.jpg",870,500,false],"post-thumbnail":["https:\/\/arantv.az\/wp-content\/uploads\/2023\/11\/4eb08ac51d547f354eaf4c38498e48a8-240x172.jpg",240,172,true],"advps-thumb-one":["https:\/\/arantv.az\/wp-content\/uploads\/2023\/11\/4eb08ac51d547f354eaf4c38498e48a8.jpg",870,500,false]},"rttpg_author":{"display_name":"V\u00fcsal Rafiqo\u011flu","author_link":"https:\/\/arantv.az\/?author=2"},"rttpg_comment":0,"rttpg_category":"<a href=\"https:\/\/arantv.az\/?cat=1\" rel=\"category\">C\u0259miyy\u0259t<\/a>","rttpg_excerpt":"\u0130\u015fsiz insanlara \u00fcnvanl\u0131 sosial yard\u0131m vers\u0259k, onlar i\u015fl\u0259m\u0259y\u0259c\u0259kl\u0259r. \u018fm\u0259k v\u0259 \u0259halinin sosial m\u00fcdafi\u0259si nazirinin m\u00fcavini Anar K\u0259rimov Milli M\u0259clisin \u018fm\u0259k v\u0259 sosial siyas\u0259t komit\u0259sinin iclas\u0131nda \u201c\u0130\u015fsizlikd\u0259n s\u0131\u011forta fondunun 2024-c\u00fc il b\u00fcdc\u0259si haqq\u0131nda\u201d qanununun layih\u0259sinin m\u00fczakir\u0259si zaman\u0131 deyib ki, b\u0259z\u0259n suallar verilir ki, b\u0259zi ail\u0259l\u0259r h\u0259m i\u015fl\u0259yir, h\u0259m d\u0259 \u00fcnvanl\u0131 d\u00f6vl\u0259t sosial yard\u0131m\u0131 al\u0131r. Nazir m\u00fcavini&hellip;","_links":{"self":[{"href":"https:\/\/arantv.az\/index.php?rest_route=\/wp\/v2\/posts\/657263"}],"collection":[{"href":"https:\/\/arantv.az\/index.php?rest_route=\/wp\/v2\/posts"}],"about":[{"href":"https:\/\/arantv.az\/index.php?rest_route=\/wp\/v2\/types\/post"}],"author":[{"embeddable":true,"href":"https:\/\/arantv.az\/index.php?rest_route=\/wp\/v2\/users\/2"}],"replies":[{"embeddable":true,"href":"https:\/\/arantv.az\/index.php?rest_route=%2Fwp%2Fv2%2Fcomments&post=657263"}],"version-history":[{"count":0,"href":"https:\/\/arantv.az\/index.php?rest_route=\/wp\/v2\/posts\/657263\/revisions"}],"wp:featuredmedia":[{"embeddable":true,"href":"https:\/\/arantv.az\/index.php?rest_route=\/wp\/v2\/media\/657264"}],"wp:attachment":[{"href":"https:\/\/arantv.az\/index.php?rest_route=%2Fwp%2Fv2%2Fmedia&parent=657263"}],"wp:term":[{"taxonomy":"category","embeddable":true,"href":"https:\/\/arantv.az\/index.php?rest_route=%2Fwp%2Fv2%2Fcategories&post=657263"},{"taxonomy":"post_tag","embeddable":true,"href":"https:\/\/arantv.az\/index.php?rest_route=%2Fwp%2Fv2%2Ftags&post=657263"}],"curies":[{"name":"wp","href":"https:\/\/api.w.org\/{rel}","templated":true}]}}