{"id":657277,"date":"2023-11-16T17:41:11","date_gmt":"2023-11-16T13:41:11","guid":{"rendered":"https:\/\/arantv.az\/?p=657277"},"modified":"2023-11-16T17:41:11","modified_gmt":"2023-11-16T13:41:11","slug":"pasinyandan-qarabagla-bagli-etiraflar-v%c9%99-revansistl%c9%99r%c9%99-s%c9%99rt-mesaj-s%c9%99rh","status":"publish","type":"post","link":"https:\/\/arantv.az\/?p=657277","title":{"rendered":"Pa\u015finyandan Qaraba\u011fla ba\u011fl\u0131 etiraflar v\u0259 revan\u015fistl\u0259r\u0259 s\u0259rt mesaj &#8211; \u015e\u018fRH"},"content":{"rendered":"<p>Erm\u0259nistan ba\u015f naziri Nikol Pa\u015finyan sensasiyal\u0131 say\u0131la bil\u0259c\u0259k a\u00e7\u0131qlamalarla \u00e7\u0131x\u0131\u015f edib. Parlamentd\u0259 noyabr\u0131n 16-da d\u00f6vl\u0259t b\u00fcdc\u0259sinin m\u00fczakir\u0259l\u0259ri zaman\u0131 deputatlara Qaraba\u011fla ba\u011fl\u0131 bir s\u0131ra etiraflar\u0131, h\u0259qiq\u0259tl\u0259ri s\u00f6yl\u0259yib ki, bu da bir \u00e7ox m\u0259qamlar\u0131 il\u0259 \u00f6n\u0259mli say\u0131la bil\u0259r.<\/p>\n<p>\u018fn m\u00fch\u00fcm\u00fc odur ki, Nikol Pa\u015finyan Erm\u0259nistan\u0131n \u00f6z\u00fcnd\u0259n \u0259vv\u0259lki d\u00f6vl\u0259t ba\u015f\u00e7\u0131lar\u0131n\u0131n indiy\u0259 q\u0259d\u0259r c\u00fcr\u0259t edib dey\u0259 bilm\u0259dikl\u0259rini dil\u0259 g\u0259tirib. Bildirib ki, AT\u018fT-in 1996-c\u0131 il Lissabon sammiti il\u0259 Qaraba\u011f m\u0259s\u0259l\u0259si art\u0131q m\u00f6vcudlu\u011funu itirib. Y\u0259ni, ikinci erm\u0259ni d\u00f6vl\u0259tinin yaranmas\u0131 m\u00fcmk\u00fcns\u00fcz olub. M\u0259hz h\u0259min sammit\u0259 q\u0259d\u0259r o vaxtk\u0131 hakimiyy\u0259t \u00fcmid edirdi ki, i\u015f\u011fal alt\u0131nda saxlad\u0131\u011f\u0131 Az\u0259rbaycan torpaqlar\u0131nda qanunsuz h\u0259rbi birl\u0259\u015fm\u0259l\u0259r\u0259 qanuni don geyindir\u0259 bil\u0259c\u0259k. Lakin Az\u0259rbaycan\u0131n sammitd\u0259 \u0259ld\u0259 etdiyi n\u0259tic\u0259 erm\u0259nil\u0259rin arzular\u0131n\u0131 pu\u00e7 etmi\u015f oldu.<\/p>\n<p>Ba\u015f nazirin Qaraba\u011f m\u0259s\u0259l\u0259sind\u0259n nec\u0259 bezdiyini a\u015fa\u011f\u0131dak\u0131 c\u00fcml\u0259l\u0259rl\u0259 \u00e7ox g\u00f6z\u0259l m\u00fc\u015fahid\u0259 etm\u0259k m\u00fcmk\u00fcnd\u00fcr: \u201cQaraba\u011f m\u0259s\u0259l\u0259si erm\u0259ni d\u00f6vl\u0259t\u00e7iliyinin m\u00f6hk\u0259ml\u0259nm\u0259sin\u0259 qar\u015f\u0131 al\u0259t kimi istifad\u0259 olunub\u201d. Nikol Pa\u015finyan sonrak\u0131 ill\u0259rd\u0259 ya\u015fananlara da bu kontekstd\u0259n yana\u015f\u0131b.<\/p>\n<p>H\u00f6kum\u0259t ba\u015f\u00e7\u0131s\u0131n\u0131n bu etiraf\u0131 m\u00fc\u0259yy\u0259n m\u0259nada Q\u0259rb strukturlar\u0131na v\u0259 d\u00f6vl\u0259tl\u0259rin\u0259, o c\u00fcml\u0259d\u0259n xaricd\u0259ki erm\u0259ni lobbisin\u0259 d\u0259 \u00fcnvanlan\u0131b.<\/p>\n<p>\u201cQaraba\u011f m\u0259s\u0259l\u0259sind\u0259 ist\u0259diyimiz\u0259, \u0259n az\u0131 1996-c\u0131 ild\u0259 ke\u00e7iril\u0259n AT\u018fT-in Lissabon sammitind\u0259n sonra nail olmaq m\u00fcmk\u00fcn deyildi. Bu sammitd\u0259 Erm\u0259nistan istisna olmaqla, konsensusa qo\u015fulanlar\u0131n ham\u0131s\u0131 r\u0259smi g\u00f6r\u00fc\u015fl\u0259rin qapal\u0131 hiss\u0259sind\u0259 v\u0259 ziyaf\u0259tl\u0259rd\u0259 bizi Qaraba\u011f m\u0259s\u0259l\u0259si il\u0259 ba\u011fl\u0131 ist\u0259kl\u0259rimizin m\u00fcmk\u00fcn oldu\u011funa v\u0259 bunun m\u00fctl\u0259q ba\u015f ver\u0259c\u0259yin\u0259 inand\u0131rd\u0131 v\u0259 bizi h\u0259r zaman ruhland\u0131rd\u0131, amma bununla yaln\u0131z bir m\u0259qs\u0259d g\u00fcd\u00fcrd\u00fcl\u0259r &#8211; Erm\u0259nistan d\u00f6vl\u0259tinin formala\u015fmas\u0131n\u0131n qar\u015f\u0131s\u0131n\u0131 almaq\u201d, &#8211; Pa\u015finyan bildirib.<\/p>\n<p>Ba\u015f nazir sonralar ya\u015fananlar\u0131 da m\u0259hz Lissabon sammiti il\u0259 \u0259laq\u0259l\u0259ndirir. 1998, 1999-cu il 27 oktyabr\u0131nda parlamentin g\u00fcll\u0259baran edilm\u0259si, 2020 v\u0259 2023-c\u00fc il hadis\u0259l\u0259rini d\u0259 bu kontekstd\u0259 n\u0259z\u0259rd\u0259n ke\u00e7irib. H\u00f6kum\u0259t ba\u015f\u00e7\u0131s\u0131n\u0131n bu etiraflar\u0131 b\u00f6y\u00fck ehtimalla n\u00f6vb\u0259ti d\u0259f\u0259 m\u00fcxalif\u0259t t\u0259r\u0259find\u0259n x\u0259yan\u0259tkar add\u0131m kimi d\u0259y\u0259rl\u0259ndir\u0259c\u0259k.<\/p>\n<p>Prosesl\u0259r\u0259 obyektiv qiym\u0259t verm\u0259y\u0259 m\u0259cbur qalan Nikol bununla a\u00e7\u0131q bildirib ki, m\u0259hz 1996-c\u0131 ild\u0259n sonra ikinci erm\u0259ni d\u00f6vl\u0259tinin yarad\u0131lmas\u0131 bir arzu olaraq qalaca\u011f\u0131 m\u0259lum olub. Bunu da Nikoldan \u0259vv\u0259l Erm\u0259nistan\u0131n ilk prezidenti Levon Ter-Petrosyan bildirirdi. Onun siyasi taleyinin nec\u0259 oldu\u011fu da b\u0259llidir. O, Qaraba\u011fdan imtina edilib, Az\u0259rbaycanla dan\u0131\u015f\u0131qlara gedilm\u0259lidir dey\u0259n kimi istefa verm\u0259y\u0259 m\u0259cbur edildi.<\/p>\n<p>Erm\u0259nistan h\u0259rbi x\u0259rcl\u0259rini iki d\u0259f\u0259 art\u0131rmas\u0131na toxunan Nikol Pa\u015finyan deputatlar\u0131 inand\u0131rma\u011fa \u00e7al\u0131\u015f\u0131b ki, bu, m\u00fcharib\u0259y\u0259 deyil, s\u00fclh\u0259 haz\u0131rl\u0131qd\u0131r: \u201cQon\u015fu \u00f6lk\u0259l\u0259r bilirl\u0259r ki, Erm\u0259nistan he\u00e7 kim\u0259 h\u00fccum etm\u0259k ist\u0259mir\u201d.<\/p>\n<p>Bu ilin sentyabr ay\u0131nda Qaraba\u011fda Az\u0259rbaycan\u0131n \u0259razi b\u00fct\u00f6vl\u00fcy\u00fcn\u00fcn b\u0259rpas\u0131na g\u0259tirib \u00e7\u0131xaran antiterror t\u0259dbirl\u0259rind\u0259n sonra o ilk d\u0259f\u0259 bildirib ki, qon\u015fu d\u00f6vl\u0259tl\u0259r \u0259mindir ki, Erm\u0259nistan\u0131n h\u0259r hans\u0131 bir aqressiv m\u0259qs\u0259dl\u0259ri yoxdur. Orduda islahatlar\u0131n apar\u0131lmas\u0131 il\u0259 ba\u011fl\u0131 narahatl\u0131qlara g\u0259ldikd\u0259, bunu \u0259sass\u0131z adland\u0131r\u0131b.<\/p>\n<p>Xat\u0131rladaq ki, 2024-c\u00fc il \u00fc\u00e7\u00fcn d\u00f6vl\u0259t b\u00fcdc\u0259si layih\u0259sind\u0259 h\u0259rbi x\u0259rcl\u0259r 1,4 milyard dollar n\u0259z\u0259rd\u0259 tutulub.<\/p>\n<p>Az\u0259rbaycanla s\u00fclh m\u00fcqavil\u0259sinin yax\u0131n aylarda imzalanmas\u0131 da ba\u015f nazirin toxundu\u011fu m\u0259s\u0259l\u0259l\u0259rd\u0259n olub. Lakin n\u0259z\u0259r\u0259 alaq ki, bununla ba\u011fl\u0131 bir ne\u00e7\u0259d\u0259 d\u0259f\u0259 ziddiyy\u0259tli fikirl\u0259r s\u0259sl\u0259ndirib. Bu s\u0259b\u0259bd\u0259n d\u0259 bunu adi bir b\u0259yanat kimi q\u0259bul etm\u0259k olar. Sad\u0259c\u0259 bu d\u0259f\u0259 \u0259minlikl\u0259 deyib ki, s\u00fclh \u00fc\u00e7\u00fcn r\u0259smi \u0130r\u0259vanda siyasi irad\u0259 var v\u0259 bu irad\u0259 sars\u0131lmazd\u0131r.<\/p>\n<p>Onun s\u00f6zl\u0259rin\u0259 g\u00f6r\u0259, Az\u0259rbaycanla s\u00fclh\u00fcn \u00fc\u00e7 \u0259sas prinsipi raz\u0131la\u015fd\u0131r\u0131l\u0131b. Nikol Pa\u015finyan deyib ki, s\u00f6hb\u0259t \u0259razi b\u00fct\u00f6vl\u00fcy\u00fcn\u00fcn qar\u015f\u0131l\u0131ql\u0131 tan\u0131nmas\u0131ndan, bir-birin\u0259 qar\u015f\u0131 \u0259razi iddias\u0131n\u0131n olmamas\u0131ndan, suverenliyin v\u0259 yurisdiksiyan\u0131n tan\u0131nmas\u0131 \u0259sas\u0131nda regional kommunikasiyalar\u0131n a\u00e7\u0131lmas\u0131 prinsipl\u0259rind\u0259n gedir.<\/p>\n<p>Bel\u0259likl\u0259, \u00fcmid etm\u0259k olar ki, Nikol Pa\u015finyan bu b\u0259yanatlar\u0131 il\u0259 bir daha m\u00f6vqeyini d\u0259yi\u015fm\u0259y\u0259c\u0259k. Qeyd ed\u0259k ki, ba\u015f nazirl\u0259 yana\u015f\u0131, parlament r\u0259hb\u0259ri Alen Simonyan da vur\u011fulay\u0131b ki, ilin sonuna q\u0259d\u0259r \u0130r\u0259vanla Bak\u0131 aras\u0131nda s\u00fclh m\u00fcqavil\u0259sinin imzalanmas\u0131na az da olsa g\u00fcman var:<\/p>\n<p>\u201c\u00dcmid edirik ki, s\u00fclh m\u00fcqavil\u0259si imzalanacaq. Bel\u0259 ki, ba\u015f nazirin d\u0259 dediyi kimi \u00fc\u00e7 \u0259sas prinsip \u00fczr\u0259 raz\u0131l\u0131q \u0259ld\u0259 edilib\u201d.<\/p>\n<p>Nikolun fikirl\u0259ri \u0259slind\u0259 erm\u0259nil\u0259r \u00fc\u00e7\u00fcn qalmaqall\u0131, \u0259n \u0259sas\u0131 \u00fcz\u00fcc\u00fc say\u0131la bil\u0259r. Bu etiraf dolu a\u00e7\u0131qlamalarla bird\u0259f\u0259lik Qaraba\u011fla ba\u011fl\u0131 iddialardan \u0259l \u00e7\u0259kildiyini m\u00fc\u015fahid\u0259 ed\u0259 bil\u0259rik. Bu, h\u0259m d\u0259 revan\u015fistl\u0259r\u0259, onlara d\u0259st\u0259k ver\u0259n Q\u0259rb d\u00f6vl\u0259tl\u0259ri \u00fc\u00e7\u00fcn bir mesajd\u0131r. Ba\u015f nazir sad\u0259c\u0259 qorxudan ad \u00e7\u0259km\u0259k ist\u0259m\u0259yib. \u00dcst\u00fc\u00f6rt\u00fcl\u00fc \u015f\u0259kild\u0259 onlara \u00e7atd\u0131r\u0131b ki, imkan verin \u00f6z yolumuz il\u0259 ged\u0259k.<\/p>\n<p>Dig\u0259r bir m\u0259s\u0259l\u0259 d\u0259 ondan ibar\u0259tdir ki, separat\u00e7\u0131lara bundan sonra h\u0259r hans\u0131 h\u0259r\u0259k\u0259t aparmalar\u0131na imkan verilm\u0259y\u0259c\u0259k. Nikol Pa\u015finyan bunu \u0259n yax\u0131n adam\u0131 hesab olunan parlamentin spikeri Alen Simonyan vasit\u0259sil\u0259 edib. Bildirib ki, Qaraba\u011f separat\u00e7\u0131lar\u0131na Erm\u0259nistanda h\u0259r hans\u0131 bir institut yaratma\u011fa imkan verilm\u0259y\u0259c\u0259k. Onun s\u00f6zl\u0259rin\u0259 g\u00f6r\u0259, \u0130r\u0259van\u0131n separat\u00e7\u0131lar\u0131n hans\u0131sa t\u0259\u015fkilat\u0131n\u0131 maliyy\u0259l\u0259\u015fdirm\u0259k plan\u0131 yoxdur. Spiker Qaraba\u011fla ba\u011fl\u0131 h\u0259r hans\u0131 institutlar\u0131n yarad\u0131lmas\u0131 c\u0259hdini Erm\u0259nistan\u0131n t\u0259hl\u00fck\u0259sizliyin\u0259 t\u0259hdid v\u0259 z\u0259rb\u0259 say\u0131b, h\u0259mkarlar\u0131n\u0131 da bel\u0259 m\u00f6vqe s\u0259rgil\u0259m\u0259y\u0259 \u00e7a\u011f\u0131r\u0131b.<\/p>\n<p>B\u00fct\u00fcn bunlardan bel\u0259 bir n\u0259tic\u0259y\u0259 g\u0259lm\u0259k olar ki, Erm\u0259nistan r\u0259hb\u0259rliyi uzun ill\u0259r Az\u0259rbaycan t\u0259r\u0259finin s\u00f6yl\u0259diyi h\u0259qiq\u0259tl\u0259ri n\u0259hay\u0259t ki, q\u0259bul etm\u0259y\u0259 ba\u015flay\u0131b. Bunlardan \u0259n \u0259sas\u0131 Qaraba\u011f m\u0259s\u0259l\u0259sinin Erm\u0259nistan d\u00f6vl\u0259tinin m\u00f6vcudlu\u011funa t\u0259hl\u00fck\u0259 olmas\u0131n\u0131 etiraf etm\u0259kdir.<\/p>\n<p>Etiraf fakt\u0131 q\u0259bul etm\u0259 m\u0259rh\u0259l\u0259sinin ba\u015flad\u0131\u011f\u0131n\u0131 n\u00fcmayi\u015f etdirir. Bundan sonra is\u0259 m\u00f6vcud reall\u0131qlara uy\u011fun add\u0131mlar at\u0131lmal\u0131d\u0131r ki, bunun \u00fc\u00e7\u00fcn d\u0259 m\u00fc\u0259yy\u0259n zaman t\u0259l\u0259b edil\u0259c\u0259k.<\/p>\n<p><strong>\u201cReport\u201d \u0130nformasiya Agentliyi<\/strong><\/p>\n","protected":false},"excerpt":{"rendered":"<p>Erm\u0259nistan ba\u015f naziri Nikol Pa\u015finyan sensasiyal\u0131 say\u0131la bil\u0259c\u0259k a\u00e7\u0131qlamalarla \u00e7\u0131x\u0131\u015f edib. Parlamentd\u0259 noyabr\u0131n 16-da d\u00f6vl\u0259t b\u00fcdc\u0259sinin m\u00fczakir\u0259l\u0259ri zaman\u0131 deputatlara Qaraba\u011fla ba\u011fl\u0131 bir s\u0131ra etiraflar\u0131, h\u0259qiq\u0259tl\u0259ri s\u00f6yl\u0259yib ki, bu da bir \u00e7ox m\u0259qamlar\u0131 il\u0259 \u00f6n\u0259mli say\u0131la bil\u0259r. \u018fn m\u00fch\u00fcm\u00fc odur ki, Nikol Pa\u015finyan Erm\u0259nistan\u0131n \u00f6z\u00fcnd\u0259n \u0259vv\u0259lki d\u00f6vl\u0259t ba\u015f\u00e7\u0131lar\u0131n\u0131n indiy\u0259 q\u0259d\u0259r c\u00fcr\u0259t edib dey\u0259 bilm\u0259dikl\u0259rini dil\u0259 g\u0259tirib. Bildirib ki, AT\u018fT-in 1996-c\u0131 il Lissabon sammiti il\u0259 Qaraba\u011f m\u0259s\u0259l\u0259si art\u0131q m\u00f6vcudlu\u011funu itirib. Y\u0259ni, ikinci erm\u0259ni d\u00f6vl\u0259tinin yaranmas\u0131 m\u00fcmk\u00fcns\u00fcz olub. M\u0259hz h\u0259min sammit\u0259 q\u0259d\u0259r o vaxtk\u0131 hakimiyy\u0259t \u00fcmid edirdi ki, i\u015f\u011fal alt\u0131nda saxlad\u0131\u011f\u0131 Az\u0259rbaycan torpaqlar\u0131nda&hellip;<\/p>\n","protected":false},"author":2,"featured_media":657278,"comment_status":"closed","ping_status":"closed","sticky":false,"template":"","format":"standard","meta":{"om_disable_all_campaigns":false,"_monsterinsights_skip_tracking":false,"_monsterinsights_sitenote_active":false,"_monsterinsights_sitenote_note":"","_monsterinsights_sitenote_category":0},"categories":[4],"tags":[],"aioseo_notices":[],"gutentor_comment":0,"rttpg_featured_image_url":{"full":["https:\/\/arantv.az\/wp-content\/uploads\/2023\/11\/6949afa2-eefa-3290-baf5-63d676146039_850.jpg",620,413,false],"landscape":["https:\/\/arantv.az\/wp-content\/uploads\/2023\/11\/6949afa2-eefa-3290-baf5-63d676146039_850.jpg",620,413,false],"portraits":["https:\/\/arantv.az\/wp-content\/uploads\/2023\/11\/6949afa2-eefa-3290-baf5-63d676146039_850.jpg",620,413,false],"thumbnail":["https:\/\/arantv.az\/wp-content\/uploads\/2023\/11\/6949afa2-eefa-3290-baf5-63d676146039_850-500x280.jpg",500,280,true],"medium":["https:\/\/arantv.az\/wp-content\/uploads\/2023\/11\/6949afa2-eefa-3290-baf5-63d676146039_850-548x365.jpg",548,365,true],"large":["https:\/\/arantv.az\/wp-content\/uploads\/2023\/11\/6949afa2-eefa-3290-baf5-63d676146039_850.jpg",620,413,false],"1536x1536":["https:\/\/arantv.az\/wp-content\/uploads\/2023\/11\/6949afa2-eefa-3290-baf5-63d676146039_850.jpg",620,413,false],"2048x2048":["https:\/\/arantv.az\/wp-content\/uploads\/2023\/11\/6949afa2-eefa-3290-baf5-63d676146039_850.jpg",620,413,false],"post-thumbnail":["https:\/\/arantv.az\/wp-content\/uploads\/2023\/11\/6949afa2-eefa-3290-baf5-63d676146039_850-240x172.jpg",240,172,true],"advps-thumb-one":["https:\/\/arantv.az\/wp-content\/uploads\/2023\/11\/6949afa2-eefa-3290-baf5-63d676146039_850.jpg",620,413,false]},"rttpg_author":{"display_name":"V\u00fcsal Rafiqo\u011flu","author_link":"https:\/\/arantv.az\/?author=2"},"rttpg_comment":0,"rttpg_category":"<a href=\"https:\/\/arantv.az\/?cat=4\" rel=\"category\">Siyas\u0259t<\/a>","rttpg_excerpt":"Erm\u0259nistan ba\u015f naziri Nikol Pa\u015finyan sensasiyal\u0131 say\u0131la bil\u0259c\u0259k a\u00e7\u0131qlamalarla \u00e7\u0131x\u0131\u015f edib. Parlamentd\u0259 noyabr\u0131n 16-da d\u00f6vl\u0259t b\u00fcdc\u0259sinin m\u00fczakir\u0259l\u0259ri zaman\u0131 deputatlara Qaraba\u011fla ba\u011fl\u0131 bir s\u0131ra etiraflar\u0131, h\u0259qiq\u0259tl\u0259ri s\u00f6yl\u0259yib ki, bu da bir \u00e7ox m\u0259qamlar\u0131 il\u0259 \u00f6n\u0259mli say\u0131la bil\u0259r. \u018fn m\u00fch\u00fcm\u00fc odur ki, Nikol Pa\u015finyan Erm\u0259nistan\u0131n \u00f6z\u00fcnd\u0259n \u0259vv\u0259lki d\u00f6vl\u0259t ba\u015f\u00e7\u0131lar\u0131n\u0131n indiy\u0259 q\u0259d\u0259r c\u00fcr\u0259t edib dey\u0259 bilm\u0259dikl\u0259rini dil\u0259 g\u0259tirib.&hellip;","_links":{"self":[{"href":"https:\/\/arantv.az\/index.php?rest_route=\/wp\/v2\/posts\/657277"}],"collection":[{"href":"https:\/\/arantv.az\/index.php?rest_route=\/wp\/v2\/posts"}],"about":[{"href":"https:\/\/arantv.az\/index.php?rest_route=\/wp\/v2\/types\/post"}],"author":[{"embeddable":true,"href":"https:\/\/arantv.az\/index.php?rest_route=\/wp\/v2\/users\/2"}],"replies":[{"embeddable":true,"href":"https:\/\/arantv.az\/index.php?rest_route=%2Fwp%2Fv2%2Fcomments&post=657277"}],"version-history":[{"count":0,"href":"https:\/\/arantv.az\/index.php?rest_route=\/wp\/v2\/posts\/657277\/revisions"}],"wp:featuredmedia":[{"embeddable":true,"href":"https:\/\/arantv.az\/index.php?rest_route=\/wp\/v2\/media\/657278"}],"wp:attachment":[{"href":"https:\/\/arantv.az\/index.php?rest_route=%2Fwp%2Fv2%2Fmedia&parent=657277"}],"wp:term":[{"taxonomy":"category","embeddable":true,"href":"https:\/\/arantv.az\/index.php?rest_route=%2Fwp%2Fv2%2Fcategories&post=657277"},{"taxonomy":"post_tag","embeddable":true,"href":"https:\/\/arantv.az\/index.php?rest_route=%2Fwp%2Fv2%2Ftags&post=657277"}],"curies":[{"name":"wp","href":"https:\/\/api.w.org\/{rel}","templated":true}]}}