{"id":657285,"date":"2023-11-16T17:46:53","date_gmt":"2023-11-16T13:46:53","guid":{"rendered":"https:\/\/arantv.az\/?p=657285"},"modified":"2023-11-16T17:46:53","modified_gmt":"2023-11-16T13:46:53","slug":"nazir-muavini-issiz-s%c9%99xsl%c9%99r%c9%99-yardim-vers%c9%99k-onlar-isl%c9%99m%c9%99y%c9%99c%c9%99kl%c9%99r","status":"publish","type":"post","link":"https:\/\/arantv.az\/?p=657285","title":{"rendered":"Nazir m\u00fcavini: \u201c\u0130\u015fsiz \u015f\u0259xsl\u0259r\u0259 yard\u0131m vers\u0259k, onlar i\u015fl\u0259m\u0259y\u0259c\u0259kl\u0259r\u201d"},"content":{"rendered":"<p>\u201cHaz\u0131rda \u00f6lk\u0259d\u0259 65 min \u015f\u0259xs \u00fcnvanl\u0131 sosial yard\u0131m al\u0131r. Hesabla bu \u015f\u0259xsl\u0259rin ail\u0259l\u0259rin\u0259 490 manat d\u00fc\u015f\u00fcr\u201d.<\/p>\n<p>Modern.az\u00a0x\u0259b\u0259r verir ki, bunu Az\u0259rbaycan Respublikas\u0131n\u0131n \u018fm\u0259k v\u0259 \u018fhalinin Sosial M\u00fcdafi\u0259si nazirinin m\u00fcavini Anar K\u0259rimov \u018fm\u0259k v\u0259 sosial siyas\u0259t komit\u0259sinin bug\u00fcnk\u00fc iclas\u0131nda deyib.<\/p>\n<p>\u201cBiz \u0259g\u0259r i\u015fsiz \u015f\u0259xsl\u0259r\u0259 \u00fcnvanl\u0131 sosial yard\u0131m vers\u0259k, h\u0259min \u015f\u0259xsl\u0259r i\u015fl\u0259m\u0259y\u0259c\u0259kl\u0259r, aktiv sah\u0259l\u0259rl\u0259 maraqlanmayacaqlar. Ona g\u00f6r\u0259 biz g\u0259l\u0259c\u0259kd\u0259 m\u0259\u015f\u011fulluqla ba\u011fl\u0131 yeni i\u015fl\u0259r bar\u0259d\u0259 d\u00fc\u015f\u00fcnm\u0259liyik. Biz h\u0259min \u015f\u0259xsl\u0259rin i\u015fl\u0259r\u0259 c\u0259lb olunmas\u0131nda maraql\u0131y\u0131q\u201d,- dey\u0259 o bildirib.<\/p>\n","protected":false},"excerpt":{"rendered":"<p>\u201cHaz\u0131rda \u00f6lk\u0259d\u0259 65 min \u015f\u0259xs \u00fcnvanl\u0131 sosial yard\u0131m al\u0131r. Hesabla bu \u015f\u0259xsl\u0259rin ail\u0259l\u0259rin\u0259 490 manat d\u00fc\u015f\u00fcr\u201d. Modern.az\u00a0x\u0259b\u0259r verir ki, bunu Az\u0259rbaycan Respublikas\u0131n\u0131n \u018fm\u0259k v\u0259 \u018fhalinin Sosial M\u00fcdafi\u0259si nazirinin m\u00fcavini Anar K\u0259rimov \u018fm\u0259k v\u0259 sosial siyas\u0259t komit\u0259sinin bug\u00fcnk\u00fc iclas\u0131nda deyib. \u201cBiz \u0259g\u0259r i\u015fsiz \u015f\u0259xsl\u0259r\u0259 \u00fcnvanl\u0131 sosial yard\u0131m vers\u0259k, h\u0259min \u015f\u0259xsl\u0259r i\u015fl\u0259m\u0259y\u0259c\u0259kl\u0259r, aktiv sah\u0259l\u0259rl\u0259 maraqlanmayacaqlar. Ona g\u00f6r\u0259 biz g\u0259l\u0259c\u0259kd\u0259 m\u0259\u015f\u011fulluqla ba\u011fl\u0131 yeni i\u015fl\u0259r bar\u0259d\u0259 d\u00fc\u015f\u00fcnm\u0259liyik. Biz h\u0259min \u015f\u0259xsl\u0259rin i\u015fl\u0259r\u0259 c\u0259lb olunmas\u0131nda maraql\u0131y\u0131q\u201d,- dey\u0259 o bildirib.<\/p>\n","protected":false},"author":2,"featured_media":657286,"comment_status":"closed","ping_status":"closed","sticky":false,"template":"","format":"standard","meta":{"om_disable_all_campaigns":false,"_monsterinsights_skip_tracking":false,"_monsterinsights_sitenote_active":false,"_monsterinsights_sitenote_note":"","_monsterinsights_sitenote_category":0},"categories":[1],"tags":[],"aioseo_notices":[],"gutentor_comment":0,"rttpg_featured_image_url":{"full":["https:\/\/arantv.az\/wp-content\/uploads\/2023\/11\/6386cd87-f045-355b-a04a-d10c84fac245_850.jpg",620,413,false],"landscape":["https:\/\/arantv.az\/wp-content\/uploads\/2023\/11\/6386cd87-f045-355b-a04a-d10c84fac245_850.jpg",620,413,false],"portraits":["https:\/\/arantv.az\/wp-content\/uploads\/2023\/11\/6386cd87-f045-355b-a04a-d10c84fac245_850.jpg",620,413,false],"thumbnail":["https:\/\/arantv.az\/wp-content\/uploads\/2023\/11\/6386cd87-f045-355b-a04a-d10c84fac245_850-500x280.jpg",500,280,true],"medium":["https:\/\/arantv.az\/wp-content\/uploads\/2023\/11\/6386cd87-f045-355b-a04a-d10c84fac245_850-548x365.jpg",548,365,true],"large":["https:\/\/arantv.az\/wp-content\/uploads\/2023\/11\/6386cd87-f045-355b-a04a-d10c84fac245_850.jpg",620,413,false],"1536x1536":["https:\/\/arantv.az\/wp-content\/uploads\/2023\/11\/6386cd87-f045-355b-a04a-d10c84fac245_850.jpg",620,413,false],"2048x2048":["https:\/\/arantv.az\/wp-content\/uploads\/2023\/11\/6386cd87-f045-355b-a04a-d10c84fac245_850.jpg",620,413,false],"post-thumbnail":["https:\/\/arantv.az\/wp-content\/uploads\/2023\/11\/6386cd87-f045-355b-a04a-d10c84fac245_850-240x172.jpg",240,172,true],"advps-thumb-one":["https:\/\/arantv.az\/wp-content\/uploads\/2023\/11\/6386cd87-f045-355b-a04a-d10c84fac245_850.jpg",620,413,false]},"rttpg_author":{"display_name":"V\u00fcsal Rafiqo\u011flu","author_link":"https:\/\/arantv.az\/?author=2"},"rttpg_comment":0,"rttpg_category":"<a href=\"https:\/\/arantv.az\/?cat=1\" rel=\"category\">C\u0259miyy\u0259t<\/a>","rttpg_excerpt":"\u201cHaz\u0131rda \u00f6lk\u0259d\u0259 65 min \u015f\u0259xs \u00fcnvanl\u0131 sosial yard\u0131m al\u0131r. Hesabla bu \u015f\u0259xsl\u0259rin ail\u0259l\u0259rin\u0259 490 manat d\u00fc\u015f\u00fcr\u201d. Modern.az\u00a0x\u0259b\u0259r verir ki, bunu Az\u0259rbaycan Respublikas\u0131n\u0131n \u018fm\u0259k v\u0259 \u018fhalinin Sosial M\u00fcdafi\u0259si nazirinin m\u00fcavini Anar K\u0259rimov \u018fm\u0259k v\u0259 sosial siyas\u0259t komit\u0259sinin bug\u00fcnk\u00fc iclas\u0131nda deyib. \u201cBiz \u0259g\u0259r i\u015fsiz \u015f\u0259xsl\u0259r\u0259 \u00fcnvanl\u0131 sosial yard\u0131m vers\u0259k, h\u0259min \u015f\u0259xsl\u0259r i\u015fl\u0259m\u0259y\u0259c\u0259kl\u0259r, aktiv sah\u0259l\u0259rl\u0259 maraqlanmayacaqlar. Ona g\u00f6r\u0259&hellip;","_links":{"self":[{"href":"https:\/\/arantv.az\/index.php?rest_route=\/wp\/v2\/posts\/657285"}],"collection":[{"href":"https:\/\/arantv.az\/index.php?rest_route=\/wp\/v2\/posts"}],"about":[{"href":"https:\/\/arantv.az\/index.php?rest_route=\/wp\/v2\/types\/post"}],"author":[{"embeddable":true,"href":"https:\/\/arantv.az\/index.php?rest_route=\/wp\/v2\/users\/2"}],"replies":[{"embeddable":true,"href":"https:\/\/arantv.az\/index.php?rest_route=%2Fwp%2Fv2%2Fcomments&post=657285"}],"version-history":[{"count":0,"href":"https:\/\/arantv.az\/index.php?rest_route=\/wp\/v2\/posts\/657285\/revisions"}],"wp:featuredmedia":[{"embeddable":true,"href":"https:\/\/arantv.az\/index.php?rest_route=\/wp\/v2\/media\/657286"}],"wp:attachment":[{"href":"https:\/\/arantv.az\/index.php?rest_route=%2Fwp%2Fv2%2Fmedia&parent=657285"}],"wp:term":[{"taxonomy":"category","embeddable":true,"href":"https:\/\/arantv.az\/index.php?rest_route=%2Fwp%2Fv2%2Fcategories&post=657285"},{"taxonomy":"post_tag","embeddable":true,"href":"https:\/\/arantv.az\/index.php?rest_route=%2Fwp%2Fv2%2Ftags&post=657285"}],"curies":[{"name":"wp","href":"https:\/\/api.w.org\/{rel}","templated":true}]}}