{"id":657291,"date":"2023-11-16T17:51:28","date_gmt":"2023-11-16T13:51:28","guid":{"rendered":"https:\/\/arantv.az\/?p=657291"},"modified":"2023-11-16T17:51:28","modified_gmt":"2023-11-16T13:51:28","slug":"issizlikd%c9%99n-sigorta-fondunun-%c9%99hat%c9%99-dair%c9%99si-genisl%c9%99ndiril%c9%99c%c9%99k","status":"publish","type":"post","link":"https:\/\/arantv.az\/?p=657291","title":{"rendered":"\u0130\u015fsizlikd\u0259n S\u0131\u011forta Fondunun \u0259hat\u0259 dair\u0259si geni\u015fl\u0259ndiril\u0259c\u0259k"},"content":{"rendered":"<p>\u201cBir vacib m\u0259qam\u0131 qeyd edim ki, \u0130\u015fsizlikd\u0259n S\u0131\u011forta Fondunun \u0259hat\u0259 dair\u0259si \u00fc\u00e7d\u0259 bir q\u0259d\u0259r geni\u015fl\u0259ndiril\u0259c\u0259k\u201d.<\/p>\n<p>\u201cQafqazinfo\u201d x\u0259b\u0259r verir ki, bu fikirl\u0259ri \u0259m\u0259k v\u0259 \u0259halinin sosial m\u00fcdafi\u0259si nazirinin m\u00fcavini Anar K\u0259rimov parlamentin \u018fm\u0259k v\u0259 sosial siyas\u0259t komit\u0259sinin iclas\u0131nda bildirib.<\/p>\n<p>Nazir m\u00fcavini qeyd edib ki, fondun b\u00fcdc\u0259sinin 50%-d\u0259n \u00e7oxu aktiv d\u0259st\u0259k t\u0259dbirl\u0259rin\u0259 gedir:<\/p>\n<p>\u201cBundan \u0259lav\u0259, b\u00fcdc\u0259nin bir hiss\u0259si pe\u015f\u0259 standart\u0131n\u0131n haz\u0131rlanmas\u0131na y\u00f6n\u0259ldilir. Bu g\u00fcn\u0259d\u0259k 1000-\u0259 yax\u0131n pe\u015f\u0259 standart\u0131 haz\u0131rlan\u0131b. N\u00f6vb\u0259ti ild\u0259 300-\u0259 yax\u0131n pe\u015f\u0259 standart\u0131 da haz\u0131rlanacaq\u201d.<\/p>\n<p>A.K\u0259rimov \u0259lav\u0259 edib ki, Elektron m\u0259\u015f\u011fulluq x\u0259rit\u0259sinin haz\u0131rlanmas\u0131 planla\u015fd\u0131r\u0131l\u0131r.<\/p>\n<p>Onun s\u00f6zl\u0259rin\u0259 g\u00f6r\u0259, bu ilin on ay\u0131 \u0259rzind\u0259 40 mind\u0259n \u00e7ox v\u0259t\u0259nda\u015f\u0131m\u0131z \u0259lillik t\u0259yinat\u0131 al\u0131b:<\/p>\n<p>\u201cOnlar\u0131n d\u00f6rd\u00a0mind\u0259n art\u0131\u011f\u0131 m\u00fcharib\u0259 \u0259lilliyi olan \u015f\u0259xsl\u0259rdir\u201d.<\/p>\n","protected":false},"excerpt":{"rendered":"<p>\u201cBir vacib m\u0259qam\u0131 qeyd edim ki, \u0130\u015fsizlikd\u0259n S\u0131\u011forta Fondunun \u0259hat\u0259 dair\u0259si \u00fc\u00e7d\u0259 bir q\u0259d\u0259r geni\u015fl\u0259ndiril\u0259c\u0259k\u201d. \u201cQafqazinfo\u201d x\u0259b\u0259r verir ki, bu fikirl\u0259ri \u0259m\u0259k v\u0259 \u0259halinin sosial m\u00fcdafi\u0259si nazirinin m\u00fcavini Anar K\u0259rimov parlamentin \u018fm\u0259k v\u0259 sosial siyas\u0259t komit\u0259sinin iclas\u0131nda bildirib. Nazir m\u00fcavini qeyd edib ki, fondun b\u00fcdc\u0259sinin 50%-d\u0259n \u00e7oxu aktiv d\u0259st\u0259k t\u0259dbirl\u0259rin\u0259 gedir: \u201cBundan \u0259lav\u0259, b\u00fcdc\u0259nin bir hiss\u0259si pe\u015f\u0259 standart\u0131n\u0131n haz\u0131rlanmas\u0131na y\u00f6n\u0259ldilir. Bu g\u00fcn\u0259d\u0259k 1000-\u0259 yax\u0131n pe\u015f\u0259 standart\u0131 haz\u0131rlan\u0131b. N\u00f6vb\u0259ti ild\u0259 300-\u0259 yax\u0131n pe\u015f\u0259 standart\u0131 da haz\u0131rlanacaq\u201d. A.K\u0259rimov \u0259lav\u0259 edib ki, Elektron m\u0259\u015f\u011fulluq x\u0259rit\u0259sinin haz\u0131rlanmas\u0131 planla\u015fd\u0131r\u0131l\u0131r. Onun s\u00f6zl\u0259rin\u0259 g\u00f6r\u0259, bu ilin on&hellip;<\/p>\n","protected":false},"author":2,"featured_media":657292,"comment_status":"closed","ping_status":"closed","sticky":false,"template":"","format":"standard","meta":{"om_disable_all_campaigns":false,"_monsterinsights_skip_tracking":false,"_monsterinsights_sitenote_active":false,"_monsterinsights_sitenote_note":"","_monsterinsights_sitenote_category":0},"categories":[1],"tags":[],"aioseo_notices":[],"gutentor_comment":0,"rttpg_featured_image_url":{"full":["https:\/\/arantv.az\/wp-content\/uploads\/2023\/11\/3814990.jpg",620,413,false],"landscape":["https:\/\/arantv.az\/wp-content\/uploads\/2023\/11\/3814990.jpg",620,413,false],"portraits":["https:\/\/arantv.az\/wp-content\/uploads\/2023\/11\/3814990.jpg",620,413,false],"thumbnail":["https:\/\/arantv.az\/wp-content\/uploads\/2023\/11\/3814990-500x280.jpg",500,280,true],"medium":["https:\/\/arantv.az\/wp-content\/uploads\/2023\/11\/3814990-548x365.jpg",548,365,true],"large":["https:\/\/arantv.az\/wp-content\/uploads\/2023\/11\/3814990.jpg",620,413,false],"1536x1536":["https:\/\/arantv.az\/wp-content\/uploads\/2023\/11\/3814990.jpg",620,413,false],"2048x2048":["https:\/\/arantv.az\/wp-content\/uploads\/2023\/11\/3814990.jpg",620,413,false],"post-thumbnail":["https:\/\/arantv.az\/wp-content\/uploads\/2023\/11\/3814990-240x172.jpg",240,172,true],"advps-thumb-one":["https:\/\/arantv.az\/wp-content\/uploads\/2023\/11\/3814990.jpg",620,413,false]},"rttpg_author":{"display_name":"V\u00fcsal Rafiqo\u011flu","author_link":"https:\/\/arantv.az\/?author=2"},"rttpg_comment":0,"rttpg_category":"<a href=\"https:\/\/arantv.az\/?cat=1\" rel=\"category\">C\u0259miyy\u0259t<\/a>","rttpg_excerpt":"\u201cBir vacib m\u0259qam\u0131 qeyd edim ki, \u0130\u015fsizlikd\u0259n S\u0131\u011forta Fondunun \u0259hat\u0259 dair\u0259si \u00fc\u00e7d\u0259 bir q\u0259d\u0259r geni\u015fl\u0259ndiril\u0259c\u0259k\u201d. \u201cQafqazinfo\u201d x\u0259b\u0259r verir ki, bu fikirl\u0259ri \u0259m\u0259k v\u0259 \u0259halinin sosial m\u00fcdafi\u0259si nazirinin m\u00fcavini Anar K\u0259rimov parlamentin \u018fm\u0259k v\u0259 sosial siyas\u0259t komit\u0259sinin iclas\u0131nda bildirib. Nazir m\u00fcavini qeyd edib ki, fondun b\u00fcdc\u0259sinin 50%-d\u0259n \u00e7oxu aktiv d\u0259st\u0259k t\u0259dbirl\u0259rin\u0259 gedir: \u201cBundan \u0259lav\u0259, b\u00fcdc\u0259nin bir&hellip;","_links":{"self":[{"href":"https:\/\/arantv.az\/index.php?rest_route=\/wp\/v2\/posts\/657291"}],"collection":[{"href":"https:\/\/arantv.az\/index.php?rest_route=\/wp\/v2\/posts"}],"about":[{"href":"https:\/\/arantv.az\/index.php?rest_route=\/wp\/v2\/types\/post"}],"author":[{"embeddable":true,"href":"https:\/\/arantv.az\/index.php?rest_route=\/wp\/v2\/users\/2"}],"replies":[{"embeddable":true,"href":"https:\/\/arantv.az\/index.php?rest_route=%2Fwp%2Fv2%2Fcomments&post=657291"}],"version-history":[{"count":0,"href":"https:\/\/arantv.az\/index.php?rest_route=\/wp\/v2\/posts\/657291\/revisions"}],"wp:featuredmedia":[{"embeddable":true,"href":"https:\/\/arantv.az\/index.php?rest_route=\/wp\/v2\/media\/657292"}],"wp:attachment":[{"href":"https:\/\/arantv.az\/index.php?rest_route=%2Fwp%2Fv2%2Fmedia&parent=657291"}],"wp:term":[{"taxonomy":"category","embeddable":true,"href":"https:\/\/arantv.az\/index.php?rest_route=%2Fwp%2Fv2%2Fcategories&post=657291"},{"taxonomy":"post_tag","embeddable":true,"href":"https:\/\/arantv.az\/index.php?rest_route=%2Fwp%2Fv2%2Ftags&post=657291"}],"curies":[{"name":"wp","href":"https:\/\/api.w.org\/{rel}","templated":true}]}}