{"id":657335,"date":"2023-11-16T21:34:56","date_gmt":"2023-11-16T17:34:56","guid":{"rendered":"https:\/\/arantv.az\/?p=657335"},"modified":"2023-11-16T21:34:56","modified_gmt":"2023-11-16T17:34:56","slug":"bas-nazird%c9%99n-muharib%c9%99-%c9%99lill%c9%99ri-v%c9%99-onlarin-v%c9%99r%c9%99s%c9%99l%c9%99ri-il%c9%99-bagli-q%c9%99rar","status":"publish","type":"post","link":"https:\/\/arantv.az\/?p=657335","title":{"rendered":"Ba\u015f nazird\u0259n m\u00fcharib\u0259 \u0259lill\u0259ri v\u0259 onlar\u0131n v\u0259r\u0259s\u0259l\u0259ri il\u0259 ba\u011fl\u0131 Q\u018fRAR"},"content":{"rendered":"<p>Nazirl\u0259r Kabinetinin 1997-ci il avqustun 2-d\u0259k olan xidm\u0259t d\u00f6vr\u00fcnd\u0259 Az\u0259rbaycan Respublikas\u0131n\u0131n \u0259razi b\u00fct\u00f6vl\u00fcy\u00fcn\u00fcn, m\u00fcst\u0259qilliyinin v\u0259 konstitusiya qurulu\u015funun m\u00fcdafi\u0259si il\u0259 \u0259laq\u0259dar h\u0259rbi xidm\u0259t v\u0259zif\u0259l\u0259rini (xidm\u0259ti v\u0259zif\u0259l\u0259rini) yerin\u0259 yetir\u0259rk\u0259n v\u0259 ya h\u0259qiqi h\u0259rbi xidm\u0259t d\u00f6vr\u00fcnd\u0259 x\u0259sar\u0259t (yaralanma, travma, kontuziya) almas\u0131 v\u0259 ya x\u0259st\u0259l\u0259nm\u0259si n\u0259tic\u0259sind\u0259 \u0259lilliyi m\u00fc\u0259yy\u0259n edilmi\u015f h\u0259rbi qulluq\u00e7ulara, daxili i\u015fl\u0259r orqanlar\u0131n\u0131n \u0259m\u0259kda\u015flar\u0131na v\u0259 ya onlar\u0131n v\u0259r\u0259s\u0259l\u0259rin\u0259 bird\u0259f\u0259lik \u00f6d\u0259m\u0259nin verilm\u0259si Qaydas\u0131\u201dn\u0131n t\u0259sdiq edilm\u0259si haqq\u0131nda\u201d 2022-ci il 2 avqust tarixli 271 n\u00f6mr\u0259li q\u0259rar\u0131nda d\u0259yi\u015fiklik edilb.<\/p>\n<p>Bu bar\u0259d\u0259 Ba\u015f nazir \u018fli \u018fs\u0259dov q\u0259rar imzalay\u0131b.<\/p>\n<p>D\u0259yi\u015fikliy\u0259 \u0259sas\u0259n, \u201c\u0130nzibati icraat haqq\u0131nda\u201d Az\u0259rbaycan Respublikas\u0131 Qanununun 30.5-ci madd\u0259sin\u0259 \u0259sas\u0259n Elektron H\u00f6kum\u0259t \u0130nformasiya Sistemi vasit\u0259sil\u0259 m\u00fcvafiq d\u00f6vl\u0259t orqanlar\u0131ndan (qurumlar\u0131ndan) bu Qaydan\u0131n 2.6-2.8-ci b\u0259ndl\u0259rind\u0259 qeyd olunan s\u0259n\u0259dl\u0259ri v\u0259 ya m\u0259lumatlar\u0131 \u0259ld\u0259 etm\u0259k m\u00fcmk\u00fcn olduqda, h\u0259min s\u0259n\u0259dl\u0259rin v\u0259 ya m\u0259lumatlar\u0131n t\u0259qdim edilm\u0259si m\u00fcraci\u0259t ed\u0259n \u015f\u0259xsd\u0259n t\u0259l\u0259b olunmur.<\/p>\n<p>Bel\u0259 s\u0259n\u0259dl\u0259rin v\u0259 ya m\u0259lumatlar\u0131n Elektron H\u00f6kum\u0259t \u0130nformasiya Sistemi vasit\u0259sil\u0259 \u0259ld\u0259 edilm\u0259si m\u00fcmk\u00fcn olmad\u0131\u011f\u0131 hallarda onlar\u0131n t\u0259qdim edilm\u0259si m\u00fcraci\u0259t ed\u0259n \u015f\u0259xsin raz\u0131l\u0131\u011f\u0131 il\u0259 sor\u011fu \u0259sas\u0131nda m\u00fcvafiq d\u00f6vl\u0259t orqanlar\u0131ndan (qurumlar\u0131ndan) t\u0259l\u0259b olunur v\u0259 ya m\u00fcraci\u0259t ed\u0259n \u015f\u0259xs t\u0259r\u0259find\u0259n t\u0259min edilir.<\/p>\n","protected":false},"excerpt":{"rendered":"<p>Nazirl\u0259r Kabinetinin 1997-ci il avqustun 2-d\u0259k olan xidm\u0259t d\u00f6vr\u00fcnd\u0259 Az\u0259rbaycan Respublikas\u0131n\u0131n \u0259razi b\u00fct\u00f6vl\u00fcy\u00fcn\u00fcn, m\u00fcst\u0259qilliyinin v\u0259 konstitusiya qurulu\u015funun m\u00fcdafi\u0259si il\u0259 \u0259laq\u0259dar h\u0259rbi xidm\u0259t v\u0259zif\u0259l\u0259rini (xidm\u0259ti v\u0259zif\u0259l\u0259rini) yerin\u0259 yetir\u0259rk\u0259n v\u0259 ya h\u0259qiqi h\u0259rbi xidm\u0259t d\u00f6vr\u00fcnd\u0259 x\u0259sar\u0259t (yaralanma, travma, kontuziya) almas\u0131 v\u0259 ya x\u0259st\u0259l\u0259nm\u0259si n\u0259tic\u0259sind\u0259 \u0259lilliyi m\u00fc\u0259yy\u0259n edilmi\u015f h\u0259rbi qulluq\u00e7ulara, daxili i\u015fl\u0259r orqanlar\u0131n\u0131n \u0259m\u0259kda\u015flar\u0131na v\u0259 ya onlar\u0131n v\u0259r\u0259s\u0259l\u0259rin\u0259 bird\u0259f\u0259lik \u00f6d\u0259m\u0259nin verilm\u0259si Qaydas\u0131\u201dn\u0131n t\u0259sdiq edilm\u0259si haqq\u0131nda\u201d 2022-ci il 2 avqust tarixli 271 n\u00f6mr\u0259li q\u0259rar\u0131nda d\u0259yi\u015fiklik edilb. Bu bar\u0259d\u0259 Ba\u015f nazir \u018fli \u018fs\u0259dov q\u0259rar imzalay\u0131b. D\u0259yi\u015fikliy\u0259 \u0259sas\u0259n, \u201c\u0130nzibati icraat haqq\u0131nda\u201d Az\u0259rbaycan Respublikas\u0131 Qanununun 30.5-ci madd\u0259sin\u0259&hellip;<\/p>\n","protected":false},"author":2,"featured_media":657337,"comment_status":"closed","ping_status":"closed","sticky":false,"template":"","format":"standard","meta":{"om_disable_all_campaigns":false,"_monsterinsights_skip_tracking":false,"_monsterinsights_sitenote_active":false,"_monsterinsights_sitenote_note":"","_monsterinsights_sitenote_category":0},"categories":[19],"tags":[],"aioseo_notices":[],"gutentor_comment":0,"rttpg_featured_image_url":{"full":["https:\/\/arantv.az\/wp-content\/uploads\/2023\/11\/dgfmndfgm.jpg",620,413,false],"landscape":["https:\/\/arantv.az\/wp-content\/uploads\/2023\/11\/dgfmndfgm.jpg",620,413,false],"portraits":["https:\/\/arantv.az\/wp-content\/uploads\/2023\/11\/dgfmndfgm.jpg",620,413,false],"thumbnail":["https:\/\/arantv.az\/wp-content\/uploads\/2023\/11\/dgfmndfgm-500x280.jpg",500,280,true],"medium":["https:\/\/arantv.az\/wp-content\/uploads\/2023\/11\/dgfmndfgm-548x365.jpg",548,365,true],"large":["https:\/\/arantv.az\/wp-content\/uploads\/2023\/11\/dgfmndfgm.jpg",620,413,false],"1536x1536":["https:\/\/arantv.az\/wp-content\/uploads\/2023\/11\/dgfmndfgm.jpg",620,413,false],"2048x2048":["https:\/\/arantv.az\/wp-content\/uploads\/2023\/11\/dgfmndfgm.jpg",620,413,false],"post-thumbnail":["https:\/\/arantv.az\/wp-content\/uploads\/2023\/11\/dgfmndfgm-240x172.jpg",240,172,true],"advps-thumb-one":["https:\/\/arantv.az\/wp-content\/uploads\/2023\/11\/dgfmndfgm.jpg",620,413,false]},"rttpg_author":{"display_name":"V\u00fcsal Rafiqo\u011flu","author_link":"https:\/\/arantv.az\/?author=2"},"rttpg_comment":0,"rttpg_category":"<a href=\"https:\/\/arantv.az\/?cat=19\" rel=\"category\">G\u00fcnd\u0259m<\/a>","rttpg_excerpt":"Nazirl\u0259r Kabinetinin 1997-ci il avqustun 2-d\u0259k olan xidm\u0259t d\u00f6vr\u00fcnd\u0259 Az\u0259rbaycan Respublikas\u0131n\u0131n \u0259razi b\u00fct\u00f6vl\u00fcy\u00fcn\u00fcn, m\u00fcst\u0259qilliyinin v\u0259 konstitusiya qurulu\u015funun m\u00fcdafi\u0259si il\u0259 \u0259laq\u0259dar h\u0259rbi xidm\u0259t v\u0259zif\u0259l\u0259rini (xidm\u0259ti v\u0259zif\u0259l\u0259rini) yerin\u0259 yetir\u0259rk\u0259n v\u0259 ya h\u0259qiqi h\u0259rbi xidm\u0259t d\u00f6vr\u00fcnd\u0259 x\u0259sar\u0259t (yaralanma, travma, kontuziya) almas\u0131 v\u0259 ya x\u0259st\u0259l\u0259nm\u0259si n\u0259tic\u0259sind\u0259 \u0259lilliyi m\u00fc\u0259yy\u0259n edilmi\u015f h\u0259rbi qulluq\u00e7ulara, daxili i\u015fl\u0259r orqanlar\u0131n\u0131n \u0259m\u0259kda\u015flar\u0131na v\u0259 ya onlar\u0131n v\u0259r\u0259s\u0259l\u0259rin\u0259&hellip;","_links":{"self":[{"href":"https:\/\/arantv.az\/index.php?rest_route=\/wp\/v2\/posts\/657335"}],"collection":[{"href":"https:\/\/arantv.az\/index.php?rest_route=\/wp\/v2\/posts"}],"about":[{"href":"https:\/\/arantv.az\/index.php?rest_route=\/wp\/v2\/types\/post"}],"author":[{"embeddable":true,"href":"https:\/\/arantv.az\/index.php?rest_route=\/wp\/v2\/users\/2"}],"replies":[{"embeddable":true,"href":"https:\/\/arantv.az\/index.php?rest_route=%2Fwp%2Fv2%2Fcomments&post=657335"}],"version-history":[{"count":0,"href":"https:\/\/arantv.az\/index.php?rest_route=\/wp\/v2\/posts\/657335\/revisions"}],"wp:featuredmedia":[{"embeddable":true,"href":"https:\/\/arantv.az\/index.php?rest_route=\/wp\/v2\/media\/657337"}],"wp:attachment":[{"href":"https:\/\/arantv.az\/index.php?rest_route=%2Fwp%2Fv2%2Fmedia&parent=657335"}],"wp:term":[{"taxonomy":"category","embeddable":true,"href":"https:\/\/arantv.az\/index.php?rest_route=%2Fwp%2Fv2%2Fcategories&post=657335"},{"taxonomy":"post_tag","embeddable":true,"href":"https:\/\/arantv.az\/index.php?rest_route=%2Fwp%2Fv2%2Ftags&post=657335"}],"curies":[{"name":"wp","href":"https:\/\/api.w.org\/{rel}","templated":true}]}}