{"id":657340,"date":"2023-11-16T21:36:42","date_gmt":"2023-11-16T17:36:42","guid":{"rendered":"https:\/\/arantv.az\/?p=657340"},"modified":"2023-11-16T21:36:42","modified_gmt":"2023-11-16T17:36:42","slug":"naxcivanda-yasil-bazar-ticar%c9%99t-kompleksi-istifad%c9%99y%c9%99-verilib-foto","status":"publish","type":"post","link":"https:\/\/arantv.az\/?p=657340","title":{"rendered":"Nax\u00e7\u0131vanda \u201cYa\u015f\u0131l bazar\u201d ticar\u0259t kompleksi istifad\u0259y\u0259 verilib &#8211; FOTO"},"content":{"rendered":"<p>Noyabr\u0131n 16-da \u015e\u0259rur \u015f\u0259h\u0259rind\u0259 yeni \u201cYa\u015f\u0131l bazar\u201d ticar\u0259t kompleksi istifad\u0259y\u0259 verilib.<\/p>\n<p><strong>ARANTV.AZ<\/strong>-\u0131n x\u0259b\u0259rin\u0259 g\u00f6r\u0259, Nax\u00e7\u0131van Muxtar Respublikas\u0131nda Az\u0259rbaycan Respublikas\u0131 Prezidentinin s\u0259lahiyy\u0259tli n\u00fcmay\u0259nd\u0259si Fuad N\u0259c\u0259fli kompleksd\u0259 yarad\u0131lan \u015f\u0259raitl\u0259 tan\u0131\u015f olub.<\/p>\n<p>M\u0259lumat verilib ki, 8384 kvadratmetr \u0259razini \u0259hat\u0259 ed\u0259n kompleks\u0259 132 ma\u011faza, 18 r\u0259fd\u0259n ibar\u0259t meyv\u0259-t\u0259r\u0259v\u0259z sat\u0131\u015f m\u0259nt\u0259q\u0259si, kafe, el\u0259c\u0259 d\u0259 alt\u0131\u00a0texniki otaq daxildir. Bazarda h\u0259m\u00e7inin \u0259t, bal\u0131q, qu\u015f\u00e7uluq v\u0259 s\u00fcd m\u0259hsullar\u0131n\u0131n sat\u0131\u015f\u0131 \u00fc\u00e7\u00fcn tam gigiyenik qaydalara cavab ver\u0259n yerl\u0259r ayr\u0131l\u0131b.<\/p>\n<p>Diqq\u0259t\u0259 \u00e7atd\u0131r\u0131l\u0131b ki, \u201cNax\u00e7\u0131van Muxtar Respublikas\u0131n\u0131n sosial-iqtisadi inki\u015faf\u0131na dair 2023-2027-ci ill\u0259r \u00fc\u00e7\u00fcn D\u00f6vl\u0259t Proqram\u0131\u201dn\u0131n \u0259sas h\u0259d\u0259fl\u0259ri s\u0131ras\u0131nda m\u0259\u015f\u011fulluq imkanlar\u0131n\u0131n art\u0131r\u0131lmas\u0131 v\u0259 \u0259halinin h\u0259yat s\u0259viyy\u0259sinin y\u00fcks\u0259ldilm\u0259si kimi vacib m\u0259s\u0259l\u0259l\u0259r dayan\u0131r.<\/p>\n<p>Y\u00fczl\u0259rl\u0259 sakinin i\u015fl\u0259 t\u0259min olunmas\u0131na hesablanm\u0131\u015f yeni ticar\u0259t kompleksinin tikilib istifad\u0259y\u0259 verilm\u0259si \u015e\u0259rur rayonunda m\u0259\u015f\u011fulluq probleminin h\u0259llin\u0259 m\u00fch\u00fcm t\u00f6hf\u0259dir. Burada 400 n\u0259f\u0259rin i\u015fl\u0259 t\u0259min olunmas\u0131 n\u0259z\u0259rd\u0259 tutulur. \u201cYa\u015f\u0131l bazar\u201dda \u0259vv\u0259lki ill\u0259rd\u0259 m\u00fclkiyy\u0259t h\u00fcququ pozulmu\u015f 32 rayon sakinin\u0259 d\u0259 \u00f6d\u0259ni\u015fsiz sat\u0131\u015f yerl\u0259ri ayr\u0131lacaq.<\/p>\n<p>S\u0259lahiyy\u0259tli n\u00fcmay\u0259nd\u0259 bildirib ki, \u015e\u0259rur \u0259razisind\u0259 100 meqavat g\u00fcc\u00fcnd\u0259 G\u00fcn\u0259\u015f Elektrik Stansiyas\u0131 istifad\u0259y\u0259 veril\u0259c\u0259k. Bu, rayondak\u0131 istixanalar\u0131n da daha s\u0259m\u0259r\u0259li f\u0259aliyy\u0259tini t\u0259min ed\u0259c\u0259k.<\/p>\n<p>F.N\u0259c\u0259fli sat\u0131\u015fa \u00e7\u0131xar\u0131lan t\u0259bii m\u0259hsullar\u0131n qabla\u015fd\u0131r\u0131lmas\u0131 v\u0259 \u201cOrqanik Nax\u00e7\u0131van\u201d brendi ad\u0131 alt\u0131nda geni\u015f tan\u0131d\u0131lmas\u0131n\u0131n vacibliyini vur\u011fulayaraq, bazarda f\u0259aliyy\u0259t\u0259 ba\u015flayacaq h\u0259r bir sahibkara u\u011furlar arzulay\u0131b.<\/p>\n<p>Bazar kompleksinin \u0259traf \u0259razil\u0259ri d\u0259 abadla\u015fd\u0131r\u0131l\u0131b, geni\u015f avtomobil dayanaca\u011f\u0131 istifad\u0259y\u0259 verilib.<\/p>\n<p>&nbsp;<\/p>\n<div class=\"gallery\">\n<div class=\"gallery-i\"><img src=\"https:\/\/cdn.oxu.az\/uploads\/W1siZiIsIjIwMjMvMTEvMTYvMTkvMjkvNTgvZTNiNzljN2ItZWM0YS00ZjJlLThiNjMtMWU1Mzk0MjM4MDM4L2JlODllYTUyLTRlYzUtMzFhNy05MzhkLWVhYTc5NzI3ZDBlNy5qcGciXSxbInAiLCJlbmNvZGUiLCJqcGciLCItcXVhbGl0eSA4MCJdLFsicCIsInRodW1iIiwiNTkweDU5MFx1MDAzZSJdXQ?sha=f8d4dfe67c8b3c72\" alt=\"\" \/><\/p>\n<div class=\"gallery-i-caption\"><\/div>\n<\/div>\n<div class=\"gallery-i\"><img src=\"https:\/\/cdn.oxu.az\/uploads\/W1siZiIsIjIwMjMvMTEvMTYvMTkvMjkvNTgvMjMxNzhiNzQtNGMxNi00YzY0LWJhYTMtZDFlMWFmZjMwMDAwLzkzNzZmZTI5LTQ5NTctM2U0Zi05ZmJkLWMyMGRiN2QwNTE2Zi5qcGciXSxbInAiLCJlbmNvZGUiLCJqcGciLCItcXVhbGl0eSA4MCJdLFsicCIsInRodW1iIiwiNTkweDU5MFx1MDAzZSJdXQ?sha=6048a6180aa6ed7f\" alt=\"\" \/><\/p>\n<div class=\"gallery-i-caption\"><\/div>\n<\/div>\n<div class=\"gallery-i\"><img src=\"https:\/\/cdn.oxu.az\/uploads\/W1siZiIsIjIwMjMvMTEvMTYvMTkvMjkvNTgvNDk5ZTg2OTEtNjk1YS00NDQ5LTg0MjMtOTMzNzAyODNmYjE0LzU0OGI1NDM5LWM0ZTMtM2U4Ny04MzAyLWFiNDkxMTk3MDUxMi5qcGciXSxbInAiLCJlbmNvZGUiLCJqcGciLCItcXVhbGl0eSA4MCJdLFsicCIsInRodW1iIiwiNTkweDU5MFx1MDAzZSJdXQ?sha=52b4b9542f79417f\" alt=\"\" \/><\/div>\n<\/div>\n","protected":false},"excerpt":{"rendered":"<p>Noyabr\u0131n 16-da \u015e\u0259rur \u015f\u0259h\u0259rind\u0259 yeni \u201cYa\u015f\u0131l bazar\u201d ticar\u0259t kompleksi istifad\u0259y\u0259 verilib. ARANTV.AZ-\u0131n x\u0259b\u0259rin\u0259 g\u00f6r\u0259, Nax\u00e7\u0131van Muxtar Respublikas\u0131nda Az\u0259rbaycan Respublikas\u0131 Prezidentinin s\u0259lahiyy\u0259tli n\u00fcmay\u0259nd\u0259si Fuad N\u0259c\u0259fli kompleksd\u0259 yarad\u0131lan \u015f\u0259raitl\u0259 tan\u0131\u015f olub. M\u0259lumat verilib ki, 8384 kvadratmetr \u0259razini \u0259hat\u0259 ed\u0259n kompleks\u0259 132 ma\u011faza, 18 r\u0259fd\u0259n ibar\u0259t meyv\u0259-t\u0259r\u0259v\u0259z sat\u0131\u015f m\u0259nt\u0259q\u0259si, kafe, el\u0259c\u0259 d\u0259 alt\u0131\u00a0texniki otaq daxildir. Bazarda h\u0259m\u00e7inin \u0259t, bal\u0131q, qu\u015f\u00e7uluq v\u0259 s\u00fcd m\u0259hsullar\u0131n\u0131n sat\u0131\u015f\u0131 \u00fc\u00e7\u00fcn tam gigiyenik qaydalara cavab ver\u0259n yerl\u0259r ayr\u0131l\u0131b. Diqq\u0259t\u0259 \u00e7atd\u0131r\u0131l\u0131b ki, \u201cNax\u00e7\u0131van Muxtar Respublikas\u0131n\u0131n sosial-iqtisadi inki\u015faf\u0131na dair 2023-2027-ci ill\u0259r \u00fc\u00e7\u00fcn D\u00f6vl\u0259t Proqram\u0131\u201dn\u0131n \u0259sas h\u0259d\u0259fl\u0259ri s\u0131ras\u0131nda m\u0259\u015f\u011fulluq imkanlar\u0131n\u0131n art\u0131r\u0131lmas\u0131 v\u0259&hellip;<\/p>\n","protected":false},"author":2,"featured_media":657344,"comment_status":"closed","ping_status":"closed","sticky":false,"template":"","format":"standard","meta":{"om_disable_all_campaigns":false,"_monsterinsights_skip_tracking":false,"_monsterinsights_sitenote_active":false,"_monsterinsights_sitenote_note":"","_monsterinsights_sitenote_category":0},"categories":[4],"tags":[],"aioseo_notices":[],"gutentor_comment":0,"rttpg_featured_image_url":{"full":["https:\/\/arantv.az\/wp-content\/uploads\/2023\/11\/2bd9f983-9e72-372d-a04e-396794e793ac_850.jpg",620,413,false],"landscape":["https:\/\/arantv.az\/wp-content\/uploads\/2023\/11\/2bd9f983-9e72-372d-a04e-396794e793ac_850.jpg",620,413,false],"portraits":["https:\/\/arantv.az\/wp-content\/uploads\/2023\/11\/2bd9f983-9e72-372d-a04e-396794e793ac_850.jpg",620,413,false],"thumbnail":["https:\/\/arantv.az\/wp-content\/uploads\/2023\/11\/2bd9f983-9e72-372d-a04e-396794e793ac_850-500x280.jpg",500,280,true],"medium":["https:\/\/arantv.az\/wp-content\/uploads\/2023\/11\/2bd9f983-9e72-372d-a04e-396794e793ac_850-548x365.jpg",548,365,true],"large":["https:\/\/arantv.az\/wp-content\/uploads\/2023\/11\/2bd9f983-9e72-372d-a04e-396794e793ac_850.jpg",620,413,false],"1536x1536":["https:\/\/arantv.az\/wp-content\/uploads\/2023\/11\/2bd9f983-9e72-372d-a04e-396794e793ac_850.jpg",620,413,false],"2048x2048":["https:\/\/arantv.az\/wp-content\/uploads\/2023\/11\/2bd9f983-9e72-372d-a04e-396794e793ac_850.jpg",620,413,false],"post-thumbnail":["https:\/\/arantv.az\/wp-content\/uploads\/2023\/11\/2bd9f983-9e72-372d-a04e-396794e793ac_850-240x172.jpg",240,172,true],"advps-thumb-one":["https:\/\/arantv.az\/wp-content\/uploads\/2023\/11\/2bd9f983-9e72-372d-a04e-396794e793ac_850.jpg",620,413,false]},"rttpg_author":{"display_name":"V\u00fcsal Rafiqo\u011flu","author_link":"https:\/\/arantv.az\/?author=2"},"rttpg_comment":0,"rttpg_category":"<a href=\"https:\/\/arantv.az\/?cat=4\" rel=\"category\">Siyas\u0259t<\/a>","rttpg_excerpt":"Noyabr\u0131n 16-da \u015e\u0259rur \u015f\u0259h\u0259rind\u0259 yeni \u201cYa\u015f\u0131l bazar\u201d ticar\u0259t kompleksi istifad\u0259y\u0259 verilib. ARANTV.AZ-\u0131n x\u0259b\u0259rin\u0259 g\u00f6r\u0259, Nax\u00e7\u0131van Muxtar Respublikas\u0131nda Az\u0259rbaycan Respublikas\u0131 Prezidentinin s\u0259lahiyy\u0259tli n\u00fcmay\u0259nd\u0259si Fuad N\u0259c\u0259fli kompleksd\u0259 yarad\u0131lan \u015f\u0259raitl\u0259 tan\u0131\u015f olub. M\u0259lumat verilib ki, 8384 kvadratmetr \u0259razini \u0259hat\u0259 ed\u0259n kompleks\u0259 132 ma\u011faza, 18 r\u0259fd\u0259n ibar\u0259t meyv\u0259-t\u0259r\u0259v\u0259z sat\u0131\u015f m\u0259nt\u0259q\u0259si, kafe, el\u0259c\u0259 d\u0259 alt\u0131\u00a0texniki otaq daxildir. Bazarda h\u0259m\u00e7inin \u0259t,&hellip;","_links":{"self":[{"href":"https:\/\/arantv.az\/index.php?rest_route=\/wp\/v2\/posts\/657340"}],"collection":[{"href":"https:\/\/arantv.az\/index.php?rest_route=\/wp\/v2\/posts"}],"about":[{"href":"https:\/\/arantv.az\/index.php?rest_route=\/wp\/v2\/types\/post"}],"author":[{"embeddable":true,"href":"https:\/\/arantv.az\/index.php?rest_route=\/wp\/v2\/users\/2"}],"replies":[{"embeddable":true,"href":"https:\/\/arantv.az\/index.php?rest_route=%2Fwp%2Fv2%2Fcomments&post=657340"}],"version-history":[{"count":0,"href":"https:\/\/arantv.az\/index.php?rest_route=\/wp\/v2\/posts\/657340\/revisions"}],"wp:featuredmedia":[{"embeddable":true,"href":"https:\/\/arantv.az\/index.php?rest_route=\/wp\/v2\/media\/657344"}],"wp:attachment":[{"href":"https:\/\/arantv.az\/index.php?rest_route=%2Fwp%2Fv2%2Fmedia&parent=657340"}],"wp:term":[{"taxonomy":"category","embeddable":true,"href":"https:\/\/arantv.az\/index.php?rest_route=%2Fwp%2Fv2%2Fcategories&post=657340"},{"taxonomy":"post_tag","embeddable":true,"href":"https:\/\/arantv.az\/index.php?rest_route=%2Fwp%2Fv2%2Ftags&post=657340"}],"curies":[{"name":"wp","href":"https:\/\/api.w.org\/{rel}","templated":true}]}}