{"id":657359,"date":"2023-11-16T21:40:54","date_gmt":"2023-11-16T17:40:54","guid":{"rendered":"https:\/\/arantv.az\/?p=657359"},"modified":"2023-11-16T21:40:54","modified_gmt":"2023-11-16T17:40:54","slug":"abs-nin-q%c9%99r%c9%99zli-munasib%c9%99ti-az%c9%99rbaycanin-%c9%99razi-butovluyun%c9%99-suverenliyin%c9%99-qarsi-t%c9%99xribatdir-r%c9%99y-foto","status":"publish","type":"post","link":"https:\/\/arantv.az\/?p=657359","title":{"rendered":"\u201cAB\u015e-nin q\u0259r\u0259zli m\u00fcnasib\u0259ti Az\u0259rbaycan\u0131n \u0259razi b\u00fct\u00f6vl\u00fcy\u00fcn\u0259, suverenliyin\u0259 qar\u015f\u0131 t\u0259xribatd\u0131r\u201d &#8211; R\u018fY + FOTO"},"content":{"rendered":"<p>\u201cAB\u015e-nin \u00f6lk\u0259miz\u0259 q\u0259r\u0259zli m\u00fcnasib\u0259t b\u0259sl\u0259m\u0259si Az\u0259rbaycan\u0131n \u0259razi b\u00fct\u00f6vl\u00fcy\u00fcn\u0259, suverenliyin\u0259 v\u0259 beyn\u0259lxalq miqyasda tan\u0131nm\u0131\u015f s\u0259rh\u0259dl\u0259rin\u0259 qar\u015f\u0131 bir t\u0259xribatd\u0131r\u201d.<\/p>\n<p>Bunu \u201cReport\u201da a\u00e7\u0131qlamas\u0131nda Milli M\u0259clisin deputat\u0131 Kamran Bayramov bildirib.<\/p>\n<p><img src=\"https:\/\/cdn.oxu.az\/uploads\/W1siZiIsIjIwMjMvMTEvMTYvMTcvMzAvMDIvNWViNWRiOTEtMDRjYi00Nzg2LWEyYmEtNDBhODJjMDYzZmQxLzBmN2U2ZGFhLWYwNTYtMzBlMy04ZjFlLTA2MjI0MDkwNDdlZV84NTAuanBnIl0sWyJwIiwiZW5jb2RlIiwianBnIiwiLXF1YWxpdHkgODAiXSxbInAiLCJ0aHVtYiIsIjU5MHg1OTBcdTAwM2UiXV0?sha=e98df6b25aebb626\" alt=\"\" \/><\/p>\n<p>Onun s\u00f6zl\u0259rin\u0259 g\u00f6r\u0259, noyabr\u0131n 15-d\u0259 AB\u015e Konqresinin N\u00fcmay\u0259nd\u0259l\u0259r Palatas\u0131nda Qaraba\u011f\u0131n g\u0259l\u0259c\u0259yi m\u00f6vzusunda dinl\u0259m\u0259l\u0259r ke\u00e7irilib v\u0259 h\u0259min dinl\u0259m\u0259l\u0259rd\u0259 AB\u015e d\u00f6vl\u0259t katibinin k\u00f6m\u0259k\u00e7isi Ceyms O\u2019Brayn \u00e7\u0131x\u0131\u015f edib. O, anti-Az\u0259rbaycan b\u0259yanatlar s\u0259sl\u0259ndirib.<\/p>\n<p>\u201cBu t\u0259dbirin ke\u00e7irilm\u0259si v\u0259 x\u00fcsusil\u0259 d\u0259 onun m\u00f6vzusu il\u0259 ba\u011fl\u0131 dem\u0259k ist\u0259yir\u0259m ki, art\u0131q Da\u011fl\u0131q Qaraba\u011f deyil\u0259n bir yer yoxdur. Qaraba\u011f Az\u0259rbaycan\u0131n suveren \u0259razisidir\u00a0v\u0259 bununla ba\u011fl\u0131 bu c\u00fcr ifad\u0259l\u0259rin verilm\u0259si h\u0259m Az\u0259rbaycana, h\u0259m d\u0259 beyn\u0259lxalq h\u00fcquqa h\u00f6rm\u0259tsizliyin n\u00fcmun\u0259sidir. Eyni zamanda, t\u0259dbird\u0259 s\u0259sl\u0259ndiril\u0259n fikirl\u0259rl\u0259 ba\u011fl\u0131 d\u00fc\u015f\u00fcn\u00fcr\u0259m ki, bu g\u00fcn\u0259 q\u0259d\u0259r AB\u015e Az\u0259rbaycan\u0131n C\u0259nubi Qafqaz regionunda yaratd\u0131\u011f\u0131 reall\u0131qlar\u0131 q\u0259bul etmir v\u0259 \u00fcmumiyy\u0259tl\u0259, Az\u0259rbaycan\u0131n m\u00fcst\u0259qil bir d\u00f6vl\u0259t kimi inki\u015faf\u0131, eyni zamanda g\u00fccl\u00fc v\u0259 q\u00fcdr\u0259tli orduya malik olmas\u0131, 44 g\u00fcnl\u00fck V\u0259t\u0259n m\u00fcharib\u0259sind\u0259, el\u0259c\u0259 d\u0259 lokal xarakterli antiterror t\u0259dbirl\u0259rind\u0259 Az\u0259rbaycan\u0131n beyn\u0259lxalq h\u00fcquqa uy\u011fun h\u0259r\u0259k\u0259t etm\u0259si AB\u015e-ni bu g\u00fcn d\u0259 narahat edir. AB\u015e-nin bu davran\u0131\u015f\u0131 C\u0259nubi Qafqaz regionunda b\u0259rq\u0259rar olunma\u011fa ba\u015flan\u0131lan s\u00fclh prosesin\u0259, sabitliy\u0259, \u0259min-amanl\u0131\u011fa xidm\u0259t etmir, \u0259ksin\u0259, regionumuzda g\u0259rginliyi daha da art\u0131r\u0131r.<\/p>\n<p><img src=\"https:\/\/cdn.oxu.az\/uploads\/W1siZiIsIjIwMjMvMTEvMTYvMTcvMzAvMDIvNDg2ZWQ1NmEtNThhNS00ZmE2LWIwYzAtN2M5NDE1NmYzNzkwL2ZkNjMxNmE0LTEyYWEtMzdkNy05N2RmLTlkYWQyZWVjNGIxMy5qcGciXSxbInAiLCJlbmNvZGUiLCJqcGciLCItcXVhbGl0eSA4MCJdLFsicCIsInRodW1iIiwiNTkweDU5MFx1MDAzZSJdXQ?sha=15037b4359cc165f\" alt=\"\" \/><\/p>\n<p>Onu da bildir\u0259k ki, AB\u015e 30 il\u0259 yax\u0131n m\u00fcdd\u0259t \u0259rzind\u0259 ke\u00e7mi\u015f Da\u011fl\u0131q Qaraba\u011f m\u00fcnaqi\u015f\u0259sinin nizama sal\u0131nmas\u0131 il\u0259 m\u0259\u015f\u011ful olan AT\u018fT-in Minsk qrupunun h\u0259ms\u0259drl\u0259rind\u0259n biri olub v\u0259 biz o d\u00f6vrl\u0259rd\u0259 d\u0259 AB\u015e-nin q\u0259r\u0259zli m\u00fcnasib\u0259tinin \u015fahidi olmu\u015fuq. Burada he\u00e7 bir neytrall\u0131qdan s\u00f6hb\u0259t ged\u0259 bilm\u0259z. Bu g\u00fcn d\u0259 AB\u015e \u00f6z r\u0259smi \u015f\u0259xsl\u0259rinin dili il\u0259 bildirir ki, Az\u0259rbaycanla Erm\u0259nistan aras\u0131nda m\u00fcnasib\u0259tl\u0259rin normalla\u015fmas\u0131 v\u0259 s\u00fclh m\u00fcqavil\u0259sinin imzalanmas\u0131nda maraql\u0131 deyil. AB\u015e, \u00fcmumiyy\u0259tl\u0259, neytrall\u0131\u011f\u0131n\u0131 tam itirmi\u015f bir d\u00f6vl\u0259tdir\u201d, &#8211; deputat qeyd edib.<\/p>\n<p>K.Bayramovun s\u00f6zl\u0259rin\u0259 g\u00f6r\u0259, bu g\u00fcn Va\u015finqtonun bu c\u00fcr h\u0259r\u0259k\u0259tl\u0259rini h\u0259m Q\u0259zzada, h\u0259m d\u0259 Ukraynada g\u00f6rm\u0259k m\u00fcmk\u00fcnd\u00fcr:<\/p>\n<p>\u201cEyni zamanda, postsovet regionunda da bunu a\u00e7\u0131q-a\u015fkar g\u00f6r\u00fcr\u00fck. Sual olunur, \u0259g\u0259r bu g\u00fcn AB\u015e ke\u00e7mi\u015f Qaraba\u011f m\u00fcnaqi\u015f\u0259sinin h\u0259llini ist\u0259yirdis\u0259, niy\u0259 30 il\u0259 yax\u0131n m\u00fcdd\u0259t \u0259rzind\u0259 Birl\u0259\u015fmi\u015f Mill\u0259tl\u0259r T\u0259\u015fkilat\u0131n\u0131n T\u0259hl\u00fck\u0259sizlik \u015euras\u0131 t\u0259r\u0259find\u0259n q\u0259bul edilmi\u015f d\u00f6rd q\u0259tnam\u0259nin icras\u0131n\u0131 t\u0259\u015fkil etmirdi, ona \u00e7al\u0131\u015fm\u0131rd\u0131, d\u00f6vl\u0259tl\u0259r\u0259 \u00e7a\u011f\u0131r\u0131\u015f etmirdi?! Bu g\u00fcn AB\u015e siyas\u0259tinin \u0259sas istiqam\u0259ti Az\u0259rbaycan\u0131 t\u0259xribata \u00e7\u0259km\u0259k, Az\u0259rbaycana g\u00f6st\u0259ril\u0259n yard\u0131m\u0131 k\u0259sm\u0259kdir. Amma t\u0259bii ki, Az\u0259rbaycan\u0131n buna he\u00e7 bir ehtiyac\u0131 yoxdur. Az\u0259rbaycan m\u00fcst\u0259qil, \u00f6z\u00fcn\u00fc t\u0259min ed\u0259 bil\u0259n bir d\u00f6vl\u0259tdir. D\u00fc\u015f\u00fcn\u00fcr\u0259m ki, bu c\u00fcr t\u0259dbirl\u0259rin ke\u00e7irilm\u0259si d\u0259 Az\u0259rbaycan \u00fc\u00e7\u00fcn he\u00e7 bir m\u0259na da\u015f\u0131m\u0131r, he\u00e7 bir \u00f6hd\u0259lik yaratm\u0131r\u201d.<\/p>\n","protected":false},"excerpt":{"rendered":"<p>\u201cAB\u015e-nin \u00f6lk\u0259miz\u0259 q\u0259r\u0259zli m\u00fcnasib\u0259t b\u0259sl\u0259m\u0259si Az\u0259rbaycan\u0131n \u0259razi b\u00fct\u00f6vl\u00fcy\u00fcn\u0259, suverenliyin\u0259 v\u0259 beyn\u0259lxalq miqyasda tan\u0131nm\u0131\u015f s\u0259rh\u0259dl\u0259rin\u0259 qar\u015f\u0131 bir t\u0259xribatd\u0131r\u201d. Bunu \u201cReport\u201da a\u00e7\u0131qlamas\u0131nda Milli M\u0259clisin deputat\u0131 Kamran Bayramov bildirib. Onun s\u00f6zl\u0259rin\u0259 g\u00f6r\u0259, noyabr\u0131n 15-d\u0259 AB\u015e Konqresinin N\u00fcmay\u0259nd\u0259l\u0259r Palatas\u0131nda Qaraba\u011f\u0131n g\u0259l\u0259c\u0259yi m\u00f6vzusunda dinl\u0259m\u0259l\u0259r ke\u00e7irilib v\u0259 h\u0259min dinl\u0259m\u0259l\u0259rd\u0259 AB\u015e d\u00f6vl\u0259t katibinin k\u00f6m\u0259k\u00e7isi Ceyms O\u2019Brayn \u00e7\u0131x\u0131\u015f edib. O, anti-Az\u0259rbaycan b\u0259yanatlar s\u0259sl\u0259ndirib. \u201cBu t\u0259dbirin ke\u00e7irilm\u0259si v\u0259 x\u00fcsusil\u0259 d\u0259 onun m\u00f6vzusu il\u0259 ba\u011fl\u0131 dem\u0259k ist\u0259yir\u0259m ki, art\u0131q Da\u011fl\u0131q Qaraba\u011f deyil\u0259n bir yer yoxdur. Qaraba\u011f Az\u0259rbaycan\u0131n suveren \u0259razisidir\u00a0v\u0259 bununla ba\u011fl\u0131 bu c\u00fcr ifad\u0259l\u0259rin verilm\u0259si h\u0259m Az\u0259rbaycana, h\u0259m d\u0259 beyn\u0259lxalq&hellip;<\/p>\n","protected":false},"author":2,"featured_media":657363,"comment_status":"closed","ping_status":"closed","sticky":false,"template":"","format":"standard","meta":{"om_disable_all_campaigns":false,"_monsterinsights_skip_tracking":false,"_monsterinsights_sitenote_active":false,"_monsterinsights_sitenote_note":"","_monsterinsights_sitenote_category":0},"categories":[4],"tags":[],"aioseo_notices":[],"gutentor_comment":0,"rttpg_featured_image_url":{"full":["https:\/\/arantv.az\/wp-content\/uploads\/2023\/11\/16374373-7be8-3636-8337-8dde8082c66c_850.jpg",620,413,false],"landscape":["https:\/\/arantv.az\/wp-content\/uploads\/2023\/11\/16374373-7be8-3636-8337-8dde8082c66c_850.jpg",620,413,false],"portraits":["https:\/\/arantv.az\/wp-content\/uploads\/2023\/11\/16374373-7be8-3636-8337-8dde8082c66c_850.jpg",620,413,false],"thumbnail":["https:\/\/arantv.az\/wp-content\/uploads\/2023\/11\/16374373-7be8-3636-8337-8dde8082c66c_850-500x280.jpg",500,280,true],"medium":["https:\/\/arantv.az\/wp-content\/uploads\/2023\/11\/16374373-7be8-3636-8337-8dde8082c66c_850-548x365.jpg",548,365,true],"large":["https:\/\/arantv.az\/wp-content\/uploads\/2023\/11\/16374373-7be8-3636-8337-8dde8082c66c_850.jpg",620,413,false],"1536x1536":["https:\/\/arantv.az\/wp-content\/uploads\/2023\/11\/16374373-7be8-3636-8337-8dde8082c66c_850.jpg",620,413,false],"2048x2048":["https:\/\/arantv.az\/wp-content\/uploads\/2023\/11\/16374373-7be8-3636-8337-8dde8082c66c_850.jpg",620,413,false],"post-thumbnail":["https:\/\/arantv.az\/wp-content\/uploads\/2023\/11\/16374373-7be8-3636-8337-8dde8082c66c_850-240x172.jpg",240,172,true],"advps-thumb-one":["https:\/\/arantv.az\/wp-content\/uploads\/2023\/11\/16374373-7be8-3636-8337-8dde8082c66c_850.jpg",620,413,false]},"rttpg_author":{"display_name":"V\u00fcsal Rafiqo\u011flu","author_link":"https:\/\/arantv.az\/?author=2"},"rttpg_comment":0,"rttpg_category":"<a href=\"https:\/\/arantv.az\/?cat=4\" rel=\"category\">Siyas\u0259t<\/a>","rttpg_excerpt":"\u201cAB\u015e-nin \u00f6lk\u0259miz\u0259 q\u0259r\u0259zli m\u00fcnasib\u0259t b\u0259sl\u0259m\u0259si Az\u0259rbaycan\u0131n \u0259razi b\u00fct\u00f6vl\u00fcy\u00fcn\u0259, suverenliyin\u0259 v\u0259 beyn\u0259lxalq miqyasda tan\u0131nm\u0131\u015f s\u0259rh\u0259dl\u0259rin\u0259 qar\u015f\u0131 bir t\u0259xribatd\u0131r\u201d. Bunu \u201cReport\u201da a\u00e7\u0131qlamas\u0131nda Milli M\u0259clisin deputat\u0131 Kamran Bayramov bildirib. Onun s\u00f6zl\u0259rin\u0259 g\u00f6r\u0259, noyabr\u0131n 15-d\u0259 AB\u015e Konqresinin N\u00fcmay\u0259nd\u0259l\u0259r Palatas\u0131nda Qaraba\u011f\u0131n g\u0259l\u0259c\u0259yi m\u00f6vzusunda dinl\u0259m\u0259l\u0259r ke\u00e7irilib v\u0259 h\u0259min dinl\u0259m\u0259l\u0259rd\u0259 AB\u015e d\u00f6vl\u0259t katibinin k\u00f6m\u0259k\u00e7isi Ceyms O\u2019Brayn \u00e7\u0131x\u0131\u015f edib. O, anti-Az\u0259rbaycan b\u0259yanatlar s\u0259sl\u0259ndirib.&hellip;","_links":{"self":[{"href":"https:\/\/arantv.az\/index.php?rest_route=\/wp\/v2\/posts\/657359"}],"collection":[{"href":"https:\/\/arantv.az\/index.php?rest_route=\/wp\/v2\/posts"}],"about":[{"href":"https:\/\/arantv.az\/index.php?rest_route=\/wp\/v2\/types\/post"}],"author":[{"embeddable":true,"href":"https:\/\/arantv.az\/index.php?rest_route=\/wp\/v2\/users\/2"}],"replies":[{"embeddable":true,"href":"https:\/\/arantv.az\/index.php?rest_route=%2Fwp%2Fv2%2Fcomments&post=657359"}],"version-history":[{"count":0,"href":"https:\/\/arantv.az\/index.php?rest_route=\/wp\/v2\/posts\/657359\/revisions"}],"wp:featuredmedia":[{"embeddable":true,"href":"https:\/\/arantv.az\/index.php?rest_route=\/wp\/v2\/media\/657363"}],"wp:attachment":[{"href":"https:\/\/arantv.az\/index.php?rest_route=%2Fwp%2Fv2%2Fmedia&parent=657359"}],"wp:term":[{"taxonomy":"category","embeddable":true,"href":"https:\/\/arantv.az\/index.php?rest_route=%2Fwp%2Fv2%2Fcategories&post=657359"},{"taxonomy":"post_tag","embeddable":true,"href":"https:\/\/arantv.az\/index.php?rest_route=%2Fwp%2Fv2%2Ftags&post=657359"}],"curies":[{"name":"wp","href":"https:\/\/api.w.org\/{rel}","templated":true}]}}