{"id":657458,"date":"2023-11-17T11:10:17","date_gmt":"2023-11-17T07:10:17","guid":{"rendered":"https:\/\/arantv.az\/?p=657458"},"modified":"2023-11-17T11:10:17","modified_gmt":"2023-11-17T07:10:17","slug":"sumqayit-b%c9%99l%c9%99diyy%c9%99sin%c9%99-m%c9%99tbuat-katibi-t%c9%99yin-edilib","status":"publish","type":"post","link":"https:\/\/arantv.az\/?p=657458","title":{"rendered":"Sumqay\u0131t B\u0259l\u0259diyy\u0259sin\u0259 m\u0259tbuat katibi t\u0259yin edilib"},"content":{"rendered":"<p>Sumqay\u0131t B\u0259l\u0259diyy\u0259sin\u0259 m\u0259tbuat katibi t\u0259yin edilib.<\/p>\n<p>\u201cReport\u201dun yerli b\u00fcrosu x\u0259b\u0259r verir ki, bu v\u0259zif\u0259 44 g\u00fcnl\u00fck V\u0259t\u0259n m\u00fcharib\u0259sinin \u015f\u0259hidi Elnur Allahverdizad\u0259nin qarda\u015f\u0131 S\u0259buhi Allahverdizad\u0259y\u0259 h\u0259val\u0259 olunub.<\/p>\n<p>Qeyd ed\u0259k ki, Az\u0259rbaycan Ordusunun \u0259sg\u0259ri olan Elnur Allahverdizad\u0259 2020-ci il sentyabr\u0131n 27-d\u0259 Az\u0259rbaycan Silahl\u0131 Q\u00fcvv\u0259l\u0259ri t\u0259r\u0259find\u0259n Erm\u0259nistan\u0131n i\u015f\u011fal\u0131 alt\u0131nda olan \u0259razil\u0259rin azad edilm\u0259si v\u0259 Az\u0259rbaycan\u0131n \u0259razi b\u00fct\u00f6vl\u00fcy\u00fcn\u00fcn b\u0259rpa olunmas\u0131 \u00fc\u00e7\u00fcn ba\u015flanan \u0130kinci Qaraba\u011f m\u00fcharib\u0259sind\u0259 top\u00e7u olaraq k\u00f6n\u00fcll\u00fc i\u015ftirak edib. O, A\u011fdam v\u0259 Xocav\u0259ndin azadl\u0131\u011f\u0131 u\u011frunda ged\u0259n d\u00f6y\u00fc\u015fl\u0259rd\u0259 vuru\u015fub.<\/p>\n<p>E.Allahverdizad\u0259 7 noyabr 2020-ci ild\u0259 A\u011fcab\u0259di rayonunun Yuxar\u0131 Qiyam\u0259ddinli k\u0259ndi istiqam\u0259tind\u0259 d\u00f6y\u00fc\u015f tap\u015f\u0131r\u0131\u011f\u0131n\u0131n yerin\u0259 yetirilm\u0259si zaman\u0131 \u015f\u0259hidlik zirv\u0259sin\u0259 ucal\u0131b. 8 noyabr 2020-ci ild\u0259 Sumqay\u0131t \u015e\u0259hidl\u0259r xiyaban\u0131nda d\u0259fn olunub.<\/p>\n","protected":false},"excerpt":{"rendered":"<p>Sumqay\u0131t B\u0259l\u0259diyy\u0259sin\u0259 m\u0259tbuat katibi t\u0259yin edilib. \u201cReport\u201dun yerli b\u00fcrosu x\u0259b\u0259r verir ki, bu v\u0259zif\u0259 44 g\u00fcnl\u00fck V\u0259t\u0259n m\u00fcharib\u0259sinin \u015f\u0259hidi Elnur Allahverdizad\u0259nin qarda\u015f\u0131 S\u0259buhi Allahverdizad\u0259y\u0259 h\u0259val\u0259 olunub. Qeyd ed\u0259k ki, Az\u0259rbaycan Ordusunun \u0259sg\u0259ri olan Elnur Allahverdizad\u0259 2020-ci il sentyabr\u0131n 27-d\u0259 Az\u0259rbaycan Silahl\u0131 Q\u00fcvv\u0259l\u0259ri t\u0259r\u0259find\u0259n Erm\u0259nistan\u0131n i\u015f\u011fal\u0131 alt\u0131nda olan \u0259razil\u0259rin azad edilm\u0259si v\u0259 Az\u0259rbaycan\u0131n \u0259razi b\u00fct\u00f6vl\u00fcy\u00fcn\u00fcn b\u0259rpa olunmas\u0131 \u00fc\u00e7\u00fcn ba\u015flanan \u0130kinci Qaraba\u011f m\u00fcharib\u0259sind\u0259 top\u00e7u olaraq k\u00f6n\u00fcll\u00fc i\u015ftirak edib. O, A\u011fdam v\u0259 Xocav\u0259ndin azadl\u0131\u011f\u0131 u\u011frunda ged\u0259n d\u00f6y\u00fc\u015fl\u0259rd\u0259 vuru\u015fub. E.Allahverdizad\u0259 7 noyabr 2020-ci ild\u0259 A\u011fcab\u0259di rayonunun Yuxar\u0131 Qiyam\u0259ddinli k\u0259ndi istiqam\u0259tind\u0259 d\u00f6y\u00fc\u015f tap\u015f\u0131r\u0131\u011f\u0131n\u0131n yerin\u0259 yetirilm\u0259si&hellip;<\/p>\n","protected":false},"author":2,"featured_media":657469,"comment_status":"closed","ping_status":"closed","sticky":false,"template":"","format":"standard","meta":{"om_disable_all_campaigns":false,"_monsterinsights_skip_tracking":false,"_monsterinsights_sitenote_active":false,"_monsterinsights_sitenote_note":"","_monsterinsights_sitenote_category":0},"categories":[1],"tags":[],"aioseo_notices":[],"gutentor_comment":0,"rttpg_featured_image_url":{"full":["https:\/\/arantv.az\/wp-content\/uploads\/2023\/11\/20c290c7-c801-36ef-ba2e-f629a0196197_850.jpg",620,413,false],"landscape":["https:\/\/arantv.az\/wp-content\/uploads\/2023\/11\/20c290c7-c801-36ef-ba2e-f629a0196197_850.jpg",620,413,false],"portraits":["https:\/\/arantv.az\/wp-content\/uploads\/2023\/11\/20c290c7-c801-36ef-ba2e-f629a0196197_850.jpg",620,413,false],"thumbnail":["https:\/\/arantv.az\/wp-content\/uploads\/2023\/11\/20c290c7-c801-36ef-ba2e-f629a0196197_850-500x280.jpg",500,280,true],"medium":["https:\/\/arantv.az\/wp-content\/uploads\/2023\/11\/20c290c7-c801-36ef-ba2e-f629a0196197_850-548x365.jpg",548,365,true],"large":["https:\/\/arantv.az\/wp-content\/uploads\/2023\/11\/20c290c7-c801-36ef-ba2e-f629a0196197_850.jpg",620,413,false],"1536x1536":["https:\/\/arantv.az\/wp-content\/uploads\/2023\/11\/20c290c7-c801-36ef-ba2e-f629a0196197_850.jpg",620,413,false],"2048x2048":["https:\/\/arantv.az\/wp-content\/uploads\/2023\/11\/20c290c7-c801-36ef-ba2e-f629a0196197_850.jpg",620,413,false],"post-thumbnail":["https:\/\/arantv.az\/wp-content\/uploads\/2023\/11\/20c290c7-c801-36ef-ba2e-f629a0196197_850-240x172.jpg",240,172,true],"advps-thumb-one":["https:\/\/arantv.az\/wp-content\/uploads\/2023\/11\/20c290c7-c801-36ef-ba2e-f629a0196197_850.jpg",620,413,false]},"rttpg_author":{"display_name":"V\u00fcsal Rafiqo\u011flu","author_link":"https:\/\/arantv.az\/?author=2"},"rttpg_comment":0,"rttpg_category":"<a href=\"https:\/\/arantv.az\/?cat=1\" rel=\"category\">C\u0259miyy\u0259t<\/a>","rttpg_excerpt":"Sumqay\u0131t B\u0259l\u0259diyy\u0259sin\u0259 m\u0259tbuat katibi t\u0259yin edilib. \u201cReport\u201dun yerli b\u00fcrosu x\u0259b\u0259r verir ki, bu v\u0259zif\u0259 44 g\u00fcnl\u00fck V\u0259t\u0259n m\u00fcharib\u0259sinin \u015f\u0259hidi Elnur Allahverdizad\u0259nin qarda\u015f\u0131 S\u0259buhi Allahverdizad\u0259y\u0259 h\u0259val\u0259 olunub. Qeyd ed\u0259k ki, Az\u0259rbaycan Ordusunun \u0259sg\u0259ri olan Elnur Allahverdizad\u0259 2020-ci il sentyabr\u0131n 27-d\u0259 Az\u0259rbaycan Silahl\u0131 Q\u00fcvv\u0259l\u0259ri t\u0259r\u0259find\u0259n Erm\u0259nistan\u0131n i\u015f\u011fal\u0131 alt\u0131nda olan \u0259razil\u0259rin azad edilm\u0259si v\u0259 Az\u0259rbaycan\u0131n \u0259razi b\u00fct\u00f6vl\u00fcy\u00fcn\u00fcn b\u0259rpa&hellip;","_links":{"self":[{"href":"https:\/\/arantv.az\/index.php?rest_route=\/wp\/v2\/posts\/657458"}],"collection":[{"href":"https:\/\/arantv.az\/index.php?rest_route=\/wp\/v2\/posts"}],"about":[{"href":"https:\/\/arantv.az\/index.php?rest_route=\/wp\/v2\/types\/post"}],"author":[{"embeddable":true,"href":"https:\/\/arantv.az\/index.php?rest_route=\/wp\/v2\/users\/2"}],"replies":[{"embeddable":true,"href":"https:\/\/arantv.az\/index.php?rest_route=%2Fwp%2Fv2%2Fcomments&post=657458"}],"version-history":[{"count":0,"href":"https:\/\/arantv.az\/index.php?rest_route=\/wp\/v2\/posts\/657458\/revisions"}],"wp:featuredmedia":[{"embeddable":true,"href":"https:\/\/arantv.az\/index.php?rest_route=\/wp\/v2\/media\/657469"}],"wp:attachment":[{"href":"https:\/\/arantv.az\/index.php?rest_route=%2Fwp%2Fv2%2Fmedia&parent=657458"}],"wp:term":[{"taxonomy":"category","embeddable":true,"href":"https:\/\/arantv.az\/index.php?rest_route=%2Fwp%2Fv2%2Fcategories&post=657458"},{"taxonomy":"post_tag","embeddable":true,"href":"https:\/\/arantv.az\/index.php?rest_route=%2Fwp%2Fv2%2Ftags&post=657458"}],"curies":[{"name":"wp","href":"https:\/\/api.w.org\/{rel}","templated":true}]}}