{"id":657465,"date":"2023-11-17T11:09:31","date_gmt":"2023-11-17T07:09:31","guid":{"rendered":"https:\/\/arantv.az\/?p=657465"},"modified":"2023-11-17T11:10:01","modified_gmt":"2023-11-17T07:10:01","slug":"abs-oz-ayagina-sixir-vasinqton-bakiya-qarsi-m%c9%99krli-oyunda-n%c9%99l%c9%99r-itir%c9%99c%c9%99k","status":"publish","type":"post","link":"https:\/\/arantv.az\/?p=657465","title":{"rendered":"AB\u015e \u201c\u00f6z aya\u011f\u0131na s\u0131x\u0131r\u201d &#8211; Va\u015finqton Bak\u0131ya qar\u015f\u0131 m\u0259krli oyunda n\u0259l\u0259r itir\u0259c\u0259k?"},"content":{"rendered":"<p><strong>Va\u015finqton C\u0259nubi Qafqaz siyas\u0259tind\u0259 \u201c\u00f6z aya\u011f\u0131na s\u0131x\u0131r\u201d. AB\u015e Konqresinin N\u00fcmay\u0259nd\u0259l\u0259r Palatas\u0131nda noyabr\u0131n 15-d\u0259 ke\u00e7iril\u0259n \u201cDa\u011fl\u0131q Qaraba\u011f\u0131n g\u0259l\u0259c\u0259yi\u201d m\u00f6vzusundak\u0131 dinl\u0259m\u0259l\u0259rd\u0259n \u00e7\u0131xan n\u0259tic\u0259 budur. V\u0259 prosesl\u0259r g\u00f6st\u0259rir ki, AB\u015e da b\u00f6lg\u0259d\u0259 Fransan\u0131n taleyi il\u0259 \u00fczl\u0259\u015f\u0259c\u0259k.<\/strong><\/p>\n<p>Dinl\u0259m\u0259l\u0259rin Konqresd\u0259ki erm\u0259ni lobbisinin \u201cev tap\u015f\u0131r\u0131\u011f\u0131\u201d oldu\u011fu b\u0259llidir, x\u00fcsusil\u0259 lobbinin lokomoviti kimi \u00e7\u0131x\u0131\u015f ed\u0259n Bob Menendezin korrupsioner oldu\u011funun if\u015fa olunmas\u0131ndan sonra erm\u0259ni \u015f\u0259b\u0259k\u0259si h\u0259l\u0259 d\u0259 \u201cg\u00fccl\u00fc\u201d olduqlar\u0131n\u0131 t\u0259sdiq etm\u0259y\u0259 \u00e7al\u0131\u015f\u0131r. Dinl\u0259m\u0259l\u0259rin t\u0259\u015fkilat\u00e7\u0131s\u0131 olan Konqresin Avropa m\u0259s\u0259l\u0259l\u0259ri \u00fczr\u0259 alt komit\u0259sinin s\u0259dri Tomas Kinin daha \u00f6nc\u0259 Erm\u0259nistan\u0131n AB\u015e-dak\u0131 s\u0259firi Lilit Manuksla g\u00f6r\u00fc\u015f\u00fc d\u0259 bu fonda t\u0259sad\u00fcfi deyildi. Bel\u0259likl\u0259, erm\u0259bi lobbisi \u201cev tap\u015f\u0131r\u0131\u011f\u0131\u201dn\u0131 yerin\u0259 yetirmi\u015f oldu.<\/p>\n<p>Amma v\u0259 lakin bu dinl\u0259m\u0259l\u0259rin, \u00fcmumiyy\u0259tl\u0259 Va\u015finqtondan Bak\u0131ya qar\u015f\u0131 \u0259sass\u0131z t\u0259zyiq c\u0259hdl\u0259rinin AB\u015e-\u0131n xarici siyas\u0259ti, \u0259lax\u00fcsus da C\u0259nubi Qafqaz b\u00f6lg\u0259sin\u0259 dair planlar\u0131ndan qaynaqland\u0131\u011f\u0131 da b\u0259llidir.<\/p>\n<p><strong>&#8211; AB\u015e d\u00f6vl\u0259t katibinin k\u00f6m\u0259k\u00e7isi Ceyms Obrayenin anti-Az\u0259rbaycan b\u0259yanatlar\u0131;<br \/>\n&#8211; Konqresd\u0259 ke\u00e7iril\u0259n m\u0259lum v\u0259 m\u0259lun dinl\u0259m\u0259l\u0259r;<br \/>\n&#8211; Senat\u0131n 907-ci d\u00fcz\u0259li\u015fin t\u0259xir\u0259 sal\u0131nmas\u0131n\u0131 iki illik qada\u011fan etm\u0259sin\u0259 dair \u00e7\u0131xard\u0131\u011f\u0131 q\u0259rar v\u0259 s;<\/strong><\/p>\n<p>B\u00fct\u00fcn bunlar AB\u015e-\u0131n Az\u0259rbaycana t\u0259zyiq c\u0259hdl\u0259rinin bir par\u00e7as\u0131d\u0131r. H\u0259r\u00e7\u0259nd, okean\u0131n o tay\u0131nda anlam\u0131rlar: 30 illik i\u015f\u011fal\u0131 ya\u015fam\u0131\u015f v\u0259 torpaqlar\u0131n azad edilm\u0259si il\u0259 \u0259n b\u00f6y\u00fck h\u0259d\u0259fin\u0259 \u00e7atm\u0131\u015f Az\u0259rbaycan xalq\u0131 torpaq m\u0259s\u0259l\u0259sind\u0259 he\u00e7 n\u0259y\u0259 v\u0259 he\u00e7 kim\u0259 g\u00fcz\u0259\u015ft\u0259 getm\u0259y\u0259c\u0259k;<\/p>\n<p>AB\u015e h\u0259r \u015feyd\u0259n \u00f6nc\u0259 bu m\u0259s\u0259l\u0259d\u0259 \u201c\u00f6z aya\u011f\u0131na s\u0131xd\u0131\u201d. Dinl\u0259m\u0259l\u0259rin \u201cDa\u011fl\u0131q Qaraba\u011f\u0131n g\u0259l\u0259c\u0259yi\u201d ad\u0131 alt\u0131nda ke\u00e7irilm\u0259si Az\u0259rbaycan d\u00f6vl\u0259ti v\u0259 xalq\u0131n\u0131n n\u0259inki q\u0259bul edil\u0259n q\u0259tnam\u0259l\u0259ri, q\u0259rarlar\u0131, \u00fcmumiyy\u0259tl\u0259 AB\u015e-\u0131n \u00f6z\u00fcn\u00fc saymamas\u0131 \u00fc\u00e7\u00fcn yet\u0259rlidir. \u00c7\u00fcnki:<\/p>\n<p><strong>&#8211; \u201cDa\u011fl\u0131q Qaraba\u011f\u0131n g\u0259l\u0259c\u0259yi\u201d dem\u0259k erm\u0259ni separatizminin yenid\u0259n d\u0259st\u0259kl\u0259nm\u0259si dem\u0259kdir;<br \/>\n&#8211; Az\u0259rbaycan \u0259razisind\u0259 \u201cDa\u011fl\u0131q Qaraba\u011f\u201d adl\u0131 inzibati \u0259razi yoxdur v\u0259 onun hans\u0131sa \u201cg\u0259l\u0259c\u0259yi\u201d ola bilm\u0259z;<br \/>\n&#8211; Az\u0259rbaycan xalq\u0131 bu h\u0259d\u0259fi u\u011frunda minl\u0259rl\u0259 \u015f\u0259hid verdi;<\/strong><\/p>\n<p>G\u00f6r\u00fcn\u00fcr, Va\u015finqtonda b\u00f6lg\u0259ni yax\u015f\u0131 tan\u0131m\u0131rlar v\u0259 erm\u0259ni diasporu\/lobbisinin ehtiraslar\u0131ndan as\u0131l\u0131 v\u0259ziyy\u0259t\u0259 d\u00fc\u015f\u00fcbl\u0259r. Lakin n\u0259 Az\u0259rbaycan d\u00f6vl\u0259ti, n\u0259 d\u0259 xalq\u0131 AB\u015e-\u0131n i\u015f\u011fal d\u00f6vr\u00fcnd\u0259 etdikl\u0259rini unutmay\u0131b.<\/p>\n<p>M\u00fcnaqi\u015f\u0259nin m\u00f6vcud oldu\u011fu, \u0259razil\u0259rimizin i\u015f\u011fal alt\u0131nda qald\u0131\u011f\u0131 30 il\u0259 yax\u0131n m\u00fcdd\u0259td\u0259 faktiki he\u00e7 bir i\u015f g\u00f6rm\u0259y\u0259n, \u0259slind\u0259 i\u015f\u011fal\u0131n davam etm\u0259sin\u0259 \u015f\u0259rait yaradan AT\u018fT-in Minsk qrupunun \u00fc\u00e7 h\u0259ms\u0259drind\u0259n biri AB\u015e idi v\u0259 h\u0259r \u015fey\u0259 &#8211; i\u015f\u011fala, etnik t\u0259mizl\u0259m\u0259l\u0259r\u0259, milli-m\u0259d\u0259ni irsimizin m\u0259hv edilm\u0259sin\u0259, s\u0259rv\u0259tl\u0259rimizin talanmas\u0131na g\u00f6r\u0259 m\u0259suliyy\u0259t da\u015f\u0131yanlardan biri d\u0259 bu \u00f6lk\u0259dir. \u0130\u015f\u011fal d\u00f6vr\u00fcnd\u0259 AB\u015e bir d\u0259f\u0259 d\u0259 olsun Erm\u0259nistan\u0131 q\u0131namad\u0131, i\u015f\u011fal\u00e7\u0131ya he\u00e7 bir t\u0259zyiq etm\u0259di, BMT-nin m\u0259\u015fhur 4 q\u0259tnam\u0259sinin icras\u0131 il\u0259 ba\u011fl\u0131 n\u0259inki hans\u0131sa add\u0131m atmad\u0131, he\u00e7 bu haqda dan\u0131\u015fmad\u0131 da. \u018fv\u0259zind\u0259 i\u015f\u011fal\u00e7\u0131 Erm\u0259nistana d\u0259st\u0259k m\u0259qs\u0259dil\u0259 i\u015f\u011fala m\u0259ruz qalan Az\u0259rbaycana qar\u015f\u0131 \u201c907-ci d\u00fcz\u0259li\u015f\u201di q\u0259bul etdi. Torpaqlar\u0131m\u0131z i\u015f\u011falda oldu\u011fu m\u00fcdd\u0259td\u0259 Qaraba\u011fdak\u0131 erm\u0259ni separatizmin\u0259 ciddi d\u0259st\u0259k ver\u0259nl\u0259rd\u0259n biri d\u0259 m\u0259hz AB\u015e idi. H\u0259r il \u201cminat\u0259mizl\u0259m\u0259\u201d ad\u0131 alt\u0131nda separat\u00e7\u0131lara milyonlarla dollar v\u0259sait ay\u0131r\u0131r, bununla i\u015f\u011fal\u0131n davam etm\u0259sini t\u0259min edirdil\u0259r. Bu separatizm\u0259 d\u0259st\u0259yin bir hiss\u0259si idi. Eyni zamanda, erm\u0259ni diasporu AB\u015e-da separatizm\u0259 d\u0259st\u0259k m\u0259qs\u0259dil\u0259 a\u00e7\u0131q kampaniyalar ke\u00e7irir, qondarma rejimin \u201cn\u00fcmay\u0259nd\u0259l\u0259ri\u201d he\u00e7 bir mane\u0259 olmadan bu \u00f6lk\u0259y\u0259 s\u0259f\u0259rl\u0259r edir, h\u0259tta Konqres binas\u0131na bel\u0259 daxil olur, orada \u00e7\u0131x\u0131\u015flar da edirdi.<\/p>\n<p>Az\u0259rbaycan xalq\u0131 b\u00fct\u00fcn bunlar\u0131 unutmay\u0131b v\u0259 torpaqlar\u0131m\u0131zda i\u015f\u011fala son qoyulduqdan, suverenliyimiz t\u0259min edildikd\u0259n sonra AB\u015e-\u0131n bu g\u00fcn etdikl\u0259rini d\u0259 he\u00e7 vaxt unutmayacaq. \u0130ndi konqresmenl\u0259r \u201c907-ci d\u00fcz\u0259li\u015fi\u201d yenid\u0259n g\u00fcnd\u0259m\u0259 g\u0259tirir, bununla Az\u0259rbaycana yard\u0131m edilm\u0259y\u0259c\u0259yini deyirl\u0259r. Do\u011frudanm\u0131, amerikal\u0131lar bununla Az\u0259rbaycan d\u00f6vl\u0259ti v\u0259 xalq\u0131n\u0131n irad\u0259sin\u0259 t\u0259sir ed\u0259 bil\u0259c\u0259kl\u0259rini d\u00fc\u015f\u00fcn\u00fcrl\u0259r?<\/p>\n<p>Az\u0259rbaycan\u0131n n\u0259inki AB\u015e-\u0131n, \u00fcmumiyy\u0259tl\u0259 he\u00e7 bir \u00f6lk\u0259nin yard\u0131m\u0131na ehtiyac\u0131 yoxdur. Torpaqlar\u0131m\u0131z i\u015f\u011fal alt\u0131nda olanda he\u00e7 bir yard\u0131m etm\u0259y\u0259n, \u0259ksin\u0259, i\u015fa\u011fl\u00e7\u0131 \u00f6lk\u0259ni, el\u0259c\u0259 d\u0259 separatizmi d\u0259st\u0259kl\u0259y\u0259n AB\u015e-dan bundan sonra hans\u0131sa yard\u0131m almaq Az\u0259rbaycana laz\u0131m deyil. Veril\u0259n yard\u0131mlar da \u201ctula pay\u0131\u201dndan ba\u015fqa bir \u015fey deyil v\u0259 qoy konqresmenl\u0259r bu yard\u0131m\u0131 Q\u0259rb paytaxtlar\u0131nda dil\u0259n\u0259n Erm\u0259nistana etsinl\u0259r. Bununla n\u0259 Az\u0259rbaycan\u0131n irad\u0259sin\u0259 t\u0259sir ed\u0259 bil\u0259c\u0259kl\u0259r, n\u0259 d\u0259 b\u00f6lg\u0259d\u0259ki reall\u0131qlar\u0131 d\u0259yi\u015f\u0259 bil\u0259c\u0259kl\u0259r.<\/p>\n<p>B\u00fct\u00fcn bu prosesl\u0259rd\u0259 itir\u0259n yaln\u0131z AB\u015e-\u0131n \u00f6z\u00fc olacaq.<\/p>\n<p><strong>1. Dinl\u0259m\u0259l\u0259r\u0259 \u201cDa\u011fl\u0131q Qaraba\u011f\u0131n g\u0259l\u0259c\u0259yi\u201d ad\u0131n\u0131n verilm\u0259si tamamil\u0259 bitmi\u015f v\u0259 perspektivi olmayan \u201cQaraba\u011f m\u00fcnaqi\u015f\u0259si\u201dni g\u00fcnd\u0259md\u0259 saxlamaq, erm\u0259ni separatizmini k\u00f6r\u00fckl\u0259m\u0259k c\u0259hdidir. Az\u0259rbaycan bunu n\u0259yin bahas\u0131na olursa olsun q\u0259bul etm\u0259y\u0259c\u0259k v\u0259 Az\u0259rbaycan xalq\u0131 bu c\u0259hdl\u0259ri ba\u011f\u0131\u015flamayacaq.<\/strong><\/p>\n<p>2. Az\u0259rbaycan Fransan\u0131n vasit\u0259\u00e7iliyind\u0259n imtina etdikd\u0259 sonra Paris faktiki oyundan k\u0259narda qald\u0131 v\u0259 bunu he\u00e7 bir t\u0259zyiq d\u0259yi\u015fdir\u0259 bilm\u0259di. Va\u015finqtonun siyas\u0259ti eyni taleyi il\u0259 \u00fczl\u0259\u015f\u0259c\u0259yin\u0259 s\u0259b\u0259b olacaq v\u0259 t\u0259zyiql\u0259 n\u0259y\u0259s\u0259 nail ola bilm\u0259y\u0259c\u0259kl\u0259r.<\/p>\n<p>3. Qaraba\u011fda erm\u0259ni separatizmi l\u0259\u011fv edilib, bundan sonra s\u00fclh m\u00fcqavil\u0259si imzalanmasa bel\u0259 Az\u0259rbaycan itir\u0259n t\u0259r\u0259f olmayacaq v\u0259 bu, Bak\u0131ya ist\u0259m\u0259diyi masada dan\u0131\u015f\u0131qlardan imtina etm\u0259k imkan\u0131 yarad\u0131r, \u0259ksin\u0259, hans\u0131 masada dan\u0131\u015f\u0131qlara raz\u0131 olarsa, h\u0259min t\u0259r\u0259fi \u00f6n plana \u00e7\u0131xara bil\u0259c\u0259k: Az\u0259rbaycan art\u0131q noyabr\u0131n 20-d\u0259 ke\u00e7irilm\u0259si n\u0259z\u0259rd\u0259 tutulan Va\u015finqton g\u00f6r\u00fc\u015f\u00fcnd\u0259n imtina etdi v\u0259 bundan itir\u0259n t\u0259r\u0259f Bak\u0131 yox, AB\u015e-\u0131n \u00f6z\u00fcd\u00fcr;<\/p>\n<p>4. Az\u0259rbaycan olmadan AB\u015e t\u0259kc\u0259 C\u0259nubi Qafqazda yox, M\u0259rk\u0259zi Asiyada da n\u0259y\u0259s\u0259 nail ola bilm\u0259y\u0259c\u0259k, \u00e7\u00fcnki bu co\u011frafiyada Bak\u0131n\u0131n h\u0259m n\u00fcfuzu, h\u0259m d\u0259 h\u0259lledici rolu \u0259h\u0259miyy\u0259tlidir.<\/p>\n<p>5. Az\u0259rbaycana qar\u015f\u0131 \u201cs\u0259lib y\u00fcr\u00fc\u015f\u00fcn\u0259\u201d m\u0259nz\u0259r h\u00fccumlar AB\u015e-\u0131n T\u00fcrkiy\u0259, \u00fcmumilikd\u0259 T\u00fcrk D\u00f6vl\u0259tl\u0259ri T\u0259\u015fkilat\u0131n\u0131n \u00fczv \u00f6lk\u0259l\u0259ri il\u0259 d\u0259 m\u00fcnasib\u0259tl\u0259rin\u0259 z\u0259rb\u0259 vuracaq;<\/p>\n<p>Va\u015finqton strateji yanl\u0131\u015fl\u0131\u011fa yol verir, \u00e7\u00fcnki ki\u00e7ik v\u0259 m\u0259nas\u0131z Erm\u0259nistan \u00fcz\u0259rind\u0259n plan qurmaq, ba\u015flamadan m\u0259\u011flub olmaq dem\u0259kdir. AB\u015e-\u0131n, yaxud bu \u00f6lk\u0259nin Konqresinin qar\u015f\u0131s\u0131nda he\u00e7 bir \u00f6hd\u0259liyi olmayan Az\u0259rbaycanla t\u0259zyiq dilind\u0259 dan\u0131\u015fma\u011f\u0131n he\u00e7 bir n\u0259tic\u0259si olmayacaq. \u0130ndiy\u0259 q\u0259d\u0259r buna c\u0259hd ed\u0259n q\u00fcvv\u0259l\u0259r siyasi itkil\u0259rl\u0259 \u00fczl\u0259\u015fib, Fransa bunun \u0259n bariz n\u00fcmun\u0259sidir.<\/p>\n","protected":false},"excerpt":{"rendered":"<p>Va\u015finqton C\u0259nubi Qafqaz siyas\u0259tind\u0259 \u201c\u00f6z aya\u011f\u0131na s\u0131x\u0131r\u201d. AB\u015e Konqresinin N\u00fcmay\u0259nd\u0259l\u0259r Palatas\u0131nda noyabr\u0131n 15-d\u0259 ke\u00e7iril\u0259n \u201cDa\u011fl\u0131q Qaraba\u011f\u0131n g\u0259l\u0259c\u0259yi\u201d m\u00f6vzusundak\u0131 dinl\u0259m\u0259l\u0259rd\u0259n \u00e7\u0131xan n\u0259tic\u0259 budur. V\u0259 prosesl\u0259r g\u00f6st\u0259rir ki, AB\u015e da b\u00f6lg\u0259d\u0259 Fransan\u0131n taleyi il\u0259 \u00fczl\u0259\u015f\u0259c\u0259k. Dinl\u0259m\u0259l\u0259rin Konqresd\u0259ki erm\u0259ni lobbisinin \u201cev tap\u015f\u0131r\u0131\u011f\u0131\u201d oldu\u011fu b\u0259llidir, x\u00fcsusil\u0259 lobbinin lokomoviti kimi \u00e7\u0131x\u0131\u015f ed\u0259n Bob Menendezin korrupsioner oldu\u011funun if\u015fa olunmas\u0131ndan sonra erm\u0259ni \u015f\u0259b\u0259k\u0259si h\u0259l\u0259 d\u0259 \u201cg\u00fccl\u00fc\u201d olduqlar\u0131n\u0131 t\u0259sdiq etm\u0259y\u0259 \u00e7al\u0131\u015f\u0131r. Dinl\u0259m\u0259l\u0259rin t\u0259\u015fkilat\u00e7\u0131s\u0131 olan Konqresin Avropa m\u0259s\u0259l\u0259l\u0259ri \u00fczr\u0259 alt komit\u0259sinin s\u0259dri Tomas Kinin daha \u00f6nc\u0259 Erm\u0259nistan\u0131n AB\u015e-dak\u0131 s\u0259firi Lilit Manuksla g\u00f6r\u00fc\u015f\u00fc d\u0259 bu fonda t\u0259sad\u00fcfi deyildi. Bel\u0259likl\u0259, erm\u0259bi&hellip;<\/p>\n","protected":false},"author":2,"featured_media":657467,"comment_status":"closed","ping_status":"closed","sticky":false,"template":"","format":"standard","meta":{"om_disable_all_campaigns":false,"_monsterinsights_skip_tracking":false,"_monsterinsights_sitenote_active":false,"_monsterinsights_sitenote_note":"","_monsterinsights_sitenote_category":0},"categories":[4],"tags":[],"aioseo_notices":[],"gutentor_comment":0,"rttpg_featured_image_url":{"full":["https:\/\/arantv.az\/wp-content\/uploads\/2023\/11\/regki-inqilab.jpg",1071,728,false],"landscape":["https:\/\/arantv.az\/wp-content\/uploads\/2023\/11\/regki-inqilab.jpg",1071,728,false],"portraits":["https:\/\/arantv.az\/wp-content\/uploads\/2023\/11\/regki-inqilab.jpg",1071,728,false],"thumbnail":["https:\/\/arantv.az\/wp-content\/uploads\/2023\/11\/regki-inqilab-500x280.jpg",500,280,true],"medium":["https:\/\/arantv.az\/wp-content\/uploads\/2023\/11\/regki-inqilab-537x365.jpg",537,365,true],"large":["https:\/\/arantv.az\/wp-content\/uploads\/2023\/11\/regki-inqilab-840x571.jpg",640,435,true],"1536x1536":["https:\/\/arantv.az\/wp-content\/uploads\/2023\/11\/regki-inqilab.jpg",1071,728,false],"2048x2048":["https:\/\/arantv.az\/wp-content\/uploads\/2023\/11\/regki-inqilab.jpg",1071,728,false],"post-thumbnail":["https:\/\/arantv.az\/wp-content\/uploads\/2023\/11\/regki-inqilab-240x172.jpg",240,172,true],"advps-thumb-one":["https:\/\/arantv.az\/wp-content\/uploads\/2023\/11\/regki-inqilab-1071x620.jpg",1071,620,true]},"rttpg_author":{"display_name":"V\u00fcsal Rafiqo\u011flu","author_link":"https:\/\/arantv.az\/?author=2"},"rttpg_comment":0,"rttpg_category":"<a href=\"https:\/\/arantv.az\/?cat=4\" rel=\"category\">Siyas\u0259t<\/a>","rttpg_excerpt":"Va\u015finqton C\u0259nubi Qafqaz siyas\u0259tind\u0259 \u201c\u00f6z aya\u011f\u0131na s\u0131x\u0131r\u201d. AB\u015e Konqresinin N\u00fcmay\u0259nd\u0259l\u0259r Palatas\u0131nda noyabr\u0131n 15-d\u0259 ke\u00e7iril\u0259n \u201cDa\u011fl\u0131q Qaraba\u011f\u0131n g\u0259l\u0259c\u0259yi\u201d m\u00f6vzusundak\u0131 dinl\u0259m\u0259l\u0259rd\u0259n \u00e7\u0131xan n\u0259tic\u0259 budur. V\u0259 prosesl\u0259r g\u00f6st\u0259rir ki, AB\u015e da b\u00f6lg\u0259d\u0259 Fransan\u0131n taleyi il\u0259 \u00fczl\u0259\u015f\u0259c\u0259k. Dinl\u0259m\u0259l\u0259rin Konqresd\u0259ki erm\u0259ni lobbisinin \u201cev tap\u015f\u0131r\u0131\u011f\u0131\u201d oldu\u011fu b\u0259llidir, x\u00fcsusil\u0259 lobbinin lokomoviti kimi \u00e7\u0131x\u0131\u015f ed\u0259n Bob Menendezin korrupsioner oldu\u011funun if\u015fa olunmas\u0131ndan sonra erm\u0259ni&hellip;","_links":{"self":[{"href":"https:\/\/arantv.az\/index.php?rest_route=\/wp\/v2\/posts\/657465"}],"collection":[{"href":"https:\/\/arantv.az\/index.php?rest_route=\/wp\/v2\/posts"}],"about":[{"href":"https:\/\/arantv.az\/index.php?rest_route=\/wp\/v2\/types\/post"}],"author":[{"embeddable":true,"href":"https:\/\/arantv.az\/index.php?rest_route=\/wp\/v2\/users\/2"}],"replies":[{"embeddable":true,"href":"https:\/\/arantv.az\/index.php?rest_route=%2Fwp%2Fv2%2Fcomments&post=657465"}],"version-history":[{"count":0,"href":"https:\/\/arantv.az\/index.php?rest_route=\/wp\/v2\/posts\/657465\/revisions"}],"wp:featuredmedia":[{"embeddable":true,"href":"https:\/\/arantv.az\/index.php?rest_route=\/wp\/v2\/media\/657467"}],"wp:attachment":[{"href":"https:\/\/arantv.az\/index.php?rest_route=%2Fwp%2Fv2%2Fmedia&parent=657465"}],"wp:term":[{"taxonomy":"category","embeddable":true,"href":"https:\/\/arantv.az\/index.php?rest_route=%2Fwp%2Fv2%2Fcategories&post=657465"},{"taxonomy":"post_tag","embeddable":true,"href":"https:\/\/arantv.az\/index.php?rest_route=%2Fwp%2Fv2%2Ftags&post=657465"}],"curies":[{"name":"wp","href":"https:\/\/api.w.org\/{rel}","templated":true}]}}