{"id":657487,"date":"2023-11-17T11:13:28","date_gmt":"2023-11-17T07:13:28","guid":{"rendered":"https:\/\/arantv.az\/?p=657487"},"modified":"2023-11-17T11:13:28","modified_gmt":"2023-11-17T07:13:28","slug":"zaqatalada-gob%c9%99l%c9%99k-kabusu-daha-bir-n%c9%99f%c9%99r-z%c9%99h%c9%99rl%c9%99ndi","status":"publish","type":"post","link":"https:\/\/arantv.az\/?p=657487","title":{"rendered":"Zaqatalada g\u00f6b\u0259l\u0259k kabusu: Daha bir n\u0259f\u0259r z\u0259h\u0259rl\u0259ndi"},"content":{"rendered":"<p>Zaqatalada g\u00f6b\u0259l\u0259kd\u0259n daha bir z\u0259h\u0259rl\u0259nm\u0259 fakt\u0131 qeyd\u0259 al\u0131n\u0131b.<\/p>\n<p>Lent.az-\u0131n m\u0259lumat\u0131na g\u00f6r\u0259,\u00a0Zaqatala \u015f\u0259h\u0259r sakini,\u00a01960-c\u0131 il t\u0259v\u0259ll\u00fcdl\u00fc \u018fziz Cumayev z\u0259h\u0259rl\u0259nm\u0259 diaqnozu il\u0259 x\u0259st\u0259xanaya yerl\u0259\u015fdirilib.<\/p>\n<p>Onun g\u00f6b\u0259l\u0259kd\u0259n z\u0259h\u0259rl\u0259ndiyi bildirilir.<\/p>\n<p>Qeyd ed\u0259k ki, Zaqatalada son vaxtdan g\u00f6b\u0259l\u0259kd\u0259n z\u0259h\u0259rl\u0259nm\u0259 hallar\u0131 \u00e7oxal\u0131b.<\/p>\n<p>H\u0259tta bir m\u00fcdd\u0259t \u0259vv\u0259l bu rayonda g\u00f6b\u0259l\u0259k z\u0259h\u0259rl\u0259nm\u0259sind\u0259n \u00f6l\u00fcm fakt\u0131 da qeyd\u0259 al\u0131n\u0131b.<\/p>\n","protected":false},"excerpt":{"rendered":"<p>Zaqatalada g\u00f6b\u0259l\u0259kd\u0259n daha bir z\u0259h\u0259rl\u0259nm\u0259 fakt\u0131 qeyd\u0259 al\u0131n\u0131b. Lent.az-\u0131n m\u0259lumat\u0131na g\u00f6r\u0259,\u00a0Zaqatala \u015f\u0259h\u0259r sakini,\u00a01960-c\u0131 il t\u0259v\u0259ll\u00fcdl\u00fc \u018fziz Cumayev z\u0259h\u0259rl\u0259nm\u0259 diaqnozu il\u0259 x\u0259st\u0259xanaya yerl\u0259\u015fdirilib. Onun g\u00f6b\u0259l\u0259kd\u0259n z\u0259h\u0259rl\u0259ndiyi bildirilir. Qeyd ed\u0259k ki, Zaqatalada son vaxtdan g\u00f6b\u0259l\u0259kd\u0259n z\u0259h\u0259rl\u0259nm\u0259 hallar\u0131 \u00e7oxal\u0131b. H\u0259tta bir m\u00fcdd\u0259t \u0259vv\u0259l bu rayonda g\u00f6b\u0259l\u0259k z\u0259h\u0259rl\u0259nm\u0259sind\u0259n \u00f6l\u00fcm fakt\u0131 da qeyd\u0259 al\u0131n\u0131b.<\/p>\n","protected":false},"author":2,"featured_media":657491,"comment_status":"closed","ping_status":"closed","sticky":false,"template":"","format":"standard","meta":{"om_disable_all_campaigns":false,"_monsterinsights_skip_tracking":false,"_monsterinsights_sitenote_active":false,"_monsterinsights_sitenote_note":"","_monsterinsights_sitenote_category":0},"categories":[5],"tags":[],"aioseo_notices":[],"gutentor_comment":0,"rttpg_featured_image_url":{"full":["https:\/\/arantv.az\/wp-content\/uploads\/2023\/11\/FotoJet-67.jpg",620,413,false],"landscape":["https:\/\/arantv.az\/wp-content\/uploads\/2023\/11\/FotoJet-67.jpg",620,413,false],"portraits":["https:\/\/arantv.az\/wp-content\/uploads\/2023\/11\/FotoJet-67.jpg",620,413,false],"thumbnail":["https:\/\/arantv.az\/wp-content\/uploads\/2023\/11\/FotoJet-67-500x280.jpg",500,280,true],"medium":["https:\/\/arantv.az\/wp-content\/uploads\/2023\/11\/FotoJet-67-548x365.jpg",548,365,true],"large":["https:\/\/arantv.az\/wp-content\/uploads\/2023\/11\/FotoJet-67.jpg",620,413,false],"1536x1536":["https:\/\/arantv.az\/wp-content\/uploads\/2023\/11\/FotoJet-67.jpg",620,413,false],"2048x2048":["https:\/\/arantv.az\/wp-content\/uploads\/2023\/11\/FotoJet-67.jpg",620,413,false],"post-thumbnail":["https:\/\/arantv.az\/wp-content\/uploads\/2023\/11\/FotoJet-67-240x172.jpg",240,172,true],"advps-thumb-one":["https:\/\/arantv.az\/wp-content\/uploads\/2023\/11\/FotoJet-67.jpg",620,413,false]},"rttpg_author":{"display_name":"V\u00fcsal Rafiqo\u011flu","author_link":"https:\/\/arantv.az\/?author=2"},"rttpg_comment":0,"rttpg_category":"<a href=\"https:\/\/arantv.az\/?cat=5\" rel=\"category\">Hadis\u0259<\/a>","rttpg_excerpt":"Zaqatalada g\u00f6b\u0259l\u0259kd\u0259n daha bir z\u0259h\u0259rl\u0259nm\u0259 fakt\u0131 qeyd\u0259 al\u0131n\u0131b. Lent.az-\u0131n m\u0259lumat\u0131na g\u00f6r\u0259,\u00a0Zaqatala \u015f\u0259h\u0259r sakini,\u00a01960-c\u0131 il t\u0259v\u0259ll\u00fcdl\u00fc \u018fziz Cumayev z\u0259h\u0259rl\u0259nm\u0259 diaqnozu il\u0259 x\u0259st\u0259xanaya yerl\u0259\u015fdirilib. Onun g\u00f6b\u0259l\u0259kd\u0259n z\u0259h\u0259rl\u0259ndiyi bildirilir. Qeyd ed\u0259k ki, Zaqatalada son vaxtdan g\u00f6b\u0259l\u0259kd\u0259n z\u0259h\u0259rl\u0259nm\u0259 hallar\u0131 \u00e7oxal\u0131b. H\u0259tta bir m\u00fcdd\u0259t \u0259vv\u0259l bu rayonda g\u00f6b\u0259l\u0259k z\u0259h\u0259rl\u0259nm\u0259sind\u0259n \u00f6l\u00fcm fakt\u0131 da qeyd\u0259 al\u0131n\u0131b.","_links":{"self":[{"href":"https:\/\/arantv.az\/index.php?rest_route=\/wp\/v2\/posts\/657487"}],"collection":[{"href":"https:\/\/arantv.az\/index.php?rest_route=\/wp\/v2\/posts"}],"about":[{"href":"https:\/\/arantv.az\/index.php?rest_route=\/wp\/v2\/types\/post"}],"author":[{"embeddable":true,"href":"https:\/\/arantv.az\/index.php?rest_route=\/wp\/v2\/users\/2"}],"replies":[{"embeddable":true,"href":"https:\/\/arantv.az\/index.php?rest_route=%2Fwp%2Fv2%2Fcomments&post=657487"}],"version-history":[{"count":0,"href":"https:\/\/arantv.az\/index.php?rest_route=\/wp\/v2\/posts\/657487\/revisions"}],"wp:featuredmedia":[{"embeddable":true,"href":"https:\/\/arantv.az\/index.php?rest_route=\/wp\/v2\/media\/657491"}],"wp:attachment":[{"href":"https:\/\/arantv.az\/index.php?rest_route=%2Fwp%2Fv2%2Fmedia&parent=657487"}],"wp:term":[{"taxonomy":"category","embeddable":true,"href":"https:\/\/arantv.az\/index.php?rest_route=%2Fwp%2Fv2%2Fcategories&post=657487"},{"taxonomy":"post_tag","embeddable":true,"href":"https:\/\/arantv.az\/index.php?rest_route=%2Fwp%2Fv2%2Ftags&post=657487"}],"curies":[{"name":"wp","href":"https:\/\/api.w.org\/{rel}","templated":true}]}}