{"id":657493,"date":"2023-11-17T11:24:38","date_gmt":"2023-11-17T07:24:38","guid":{"rendered":"https:\/\/arantv.az\/?p=657493"},"modified":"2023-11-17T11:24:38","modified_gmt":"2023-11-17T07:24:38","slug":"hava-soyudu-t%c9%99zyiq-dusdu-qazin-qiym%c9%99ti-artacaq-aciqlama-foto","status":"publish","type":"post","link":"https:\/\/arantv.az\/?p=657493","title":{"rendered":"Hava soyudu, t\u0259zyiq d\u00fc\u015fd\u00fc: Qaz\u0131n qiym\u0259ti artacaq? &#8211; A\u00c7IQLAMA + FOTO"},"content":{"rendered":"<p>Noyabr\u0131n 15-d\u0259n Az\u0259rbaycanda istilik m\u00f6vs\u00fcm\u00fc ba\u015flay\u0131b.\u00a0M\u0259rk\u0259zi istilik sistemind\u0259n yararlana bilm\u0259y\u0259nl\u0259r qazla olan q\u0131zd\u0131r\u0131c\u0131lara \u00fcst\u00fcnl\u00fck verirl\u0259r. Havalar\u0131n soyumas\u0131 t\u0259bii qaza olan t\u0259l\u0259bat\u0131 daha da art\u0131r\u0131r, eyni zamanda, qaz\u0131n t\u0259zyiqinin m\u00fcxt\u0259lif \u0259razil\u0259rd\u0259 a\u015fa\u011f\u0131 oldu\u011fu bildirilir. Bununla yana\u015f\u0131, q\u0131\u015f aylar\u0131nda qaz\u0131n qiym\u0259tind\u0259 art\u0131m olaca\u011f\u0131n\u0131 d\u00fc\u015f\u00fcn\u0259nl\u0259r d\u0259 az deyil.<\/p>\n<p>B\u0259s g\u00f6r\u0259s\u0259n, bel\u0259 bir art\u0131m g\u00f6zl\u0259nil\u0259ndirmi? Evl\u0259r\u0259 veril\u0259n qaz\u0131n t\u0259zyiqinin q\u0259na\u0259tb\u0259x\u015f olmamas\u0131 n\u0259 il\u0259 \u0259laq\u0259lidir?<\/p>\n<p>M\u00f6vzu il\u0259 ba\u011fl\u0131\u00a0<strong>Oxu.Az<\/strong>-a a\u00e7\u0131qlama ver\u0259n \u201cAz\u0259riqaz\u201d \u0130stehsalat Birliyinin \u0130ctimaiyy\u0259tl\u0259 \u0259laq\u0259l\u0259r \u015f\u00f6b\u0259sinin r\u0259isi\u00a0<strong>Eld\u0259niz V\u0259liyev<\/strong>\u00a0pay\u0131z-q\u0131\u015f m\u00f6vs\u00fcm\u00fcn\u0259 haz\u0131rl\u0131\u011f\u0131n may ay\u0131ndan ba\u015flan\u0131ld\u0131\u011f\u0131n\u0131 s\u00f6yl\u0259yib:<\/p>\n<p><img src=\"https:\/\/cdn.oxu.az\/uploads\/W1siZiIsIjIwMjMvMTEvMTYvMTQvMDIvMzAvN2M2MmFiZDAtN2I0NC00MzhlLWI3ZGUtZDYyN2Q4MmFjNGYxL2hnYWFhYWFhYWFhYWFhYWFhYWFhYWFhYWFhYWFhYWFhYWFhYWFhYWFhYWFhYWFhYWFhYWFhYWFhYWFhYWFhYWFhYWFhYWFhYWEuanBnIl0sWyJwIiwiZW5jb2RlIiwianBnIiwiLXF1YWxpdHkgODAiXSxbInAiLCJ0aHVtYiIsIjU5MHg1OTBcdTAwM2UiXV0?sha=83efc5a7ef619ae2\" alt=\"\" \/><\/p>\n<p>\u201cH\u0259r il haz\u0131rl\u0131q i\u015fin\u0259 may ay\u0131ndan ba\u015flay\u0131r\u0131q. Bu g\u00f6r\u00fcl\u0259n t\u0259dbirl\u0259r konkret olaraq soyuq aylarda abonentl\u0259r\u0259 t\u0259hl\u00fck\u0259sizlik \u015f\u0259raitind\u0259 v\u0259 davaml\u0131 olaraq qaz\u0131n verilm\u0259sinin t\u0259minin\u0259 xidm\u0259t edir. Haz\u0131rl\u0131q ist\u0259nil\u0259n xidm\u0259tl\u0259r \u00fcz\u0259rind\u0259 apar\u0131l\u0131r. Korroziyaya u\u011fram\u0131\u015f hiss\u0259l\u0259rin yenil\u0259ri il\u0259 \u0259v\u0259z olunmas\u0131, yeralt\u0131 boru x\u0259tl\u0259rinin dayaqlar \u00fcz\u0259rin\u0259 qald\u0131r\u0131lmas\u0131, \u015fkaflar\u0131n v\u0259 avadanl\u0131qlar\u0131n yoxlan\u0131lmas\u0131, yenil\u0259nm\u0259si, t\u0259z\u0259l\u0259nm\u0259si, yeni x\u0259tl\u0259rin \u00e7\u0259kilm\u0259si &#8211; bunlar\u0131n h\u0259r birin\u0259 n\u0259zar\u0259t olunur\u201d.<\/p>\n<p>E.V\u0259liyev qeyd edib ki, \u00f6t\u0259n ill\u0259r\u0259 nisb\u0259t\u0259n bu il q\u0131\u015fa daha haz\u0131rl\u0131ql\u0131d\u0131rlar:<\/p>\n<p>\u201cQ\u0131\u015f m\u00f6vs\u00fcm\u00fc elan olundu. Bundan iyirmi g\u00fcn \u00f6nc\u0259 q\u0131\u015fa tam haz\u0131r oldu\u011fumuzu elan etdik. Q\u0131\u015fa uy\u011fun olaraq qaz\u0131n t\u0259zyiqinin t\u0259nziml\u0259nm\u0259si ba\u015flan\u0131ld\u0131. 2 milyon 500 min abonent qazla t\u0259min olunur.<\/p>\n<p>M\u00fc\u0259yy\u0259n \u0259razil\u0259rd\u0259 adekvat olmayan t\u0259zyiq m\u00fc\u015fahid\u0259 oluna bil\u0259r. Bu o dem\u0259k deyil ki, bel\u0259 d\u0259 qalacaq. Xeyr. \u018fm\u0259kda\u015flar\u0131m\u0131z\u0131n vasit\u0259sil\u0259 h\u0259min \u0259razil\u0259r\u0259 n\u0259zar\u0259t edirik. Hans\u0131 \u0259razil\u0259rd\u0259 t\u0259zyiql\u0259 ba\u011fl\u0131 q\u0131\u015f m\u00f6vs\u00fcm\u00fcn\u0259 adekvat olmayan t\u0259zyiq m\u00fc\u015fahid\u0259 olunursa, d\u0259rhal m\u00fcdaxil\u0259 edirik. Normalla\u015fd\u0131r\u0131r\u0131q. T\u0259zyiql\u0259 ba\u011fl\u0131 problemin ke\u00e7id d\u00f6vr\u00fc q\u0131sa olacaq. B\u00f6y\u00fck bir m\u0259nada t\u0259zyiq problemi ya\u015fanm\u0131r. Lokal ola bil\u0259r. G\u00fcman edir\u0259m ki, \u00e7ox ciddi \u015f\u0259kild\u0259 abonentl\u0259rimiz problem ya\u015famayacaqlar\u201d.<\/p>\n<p>\u201cQaz\u0131n qiym\u0259tind\u0259 art\u0131m olaca\u011f\u0131 il\u0259 ba\u011fl\u0131 m\u0259s\u0259l\u0259 yoxdur. G\u00fcnd\u0259md\u0259 deyil. Y\u0259ni h\u0259l\u0259 bu m\u0259s\u0259l\u0259 m\u00fczakir\u0259 m\u00f6vzusu deyil\u201d, &#8211; dey\u0259 E.V\u0259liyev \u0259lav\u0259 edib.<\/p>\n","protected":false},"excerpt":{"rendered":"<p>Noyabr\u0131n 15-d\u0259n Az\u0259rbaycanda istilik m\u00f6vs\u00fcm\u00fc ba\u015flay\u0131b.\u00a0M\u0259rk\u0259zi istilik sistemind\u0259n yararlana bilm\u0259y\u0259nl\u0259r qazla olan q\u0131zd\u0131r\u0131c\u0131lara \u00fcst\u00fcnl\u00fck verirl\u0259r. Havalar\u0131n soyumas\u0131 t\u0259bii qaza olan t\u0259l\u0259bat\u0131 daha da art\u0131r\u0131r, eyni zamanda, qaz\u0131n t\u0259zyiqinin m\u00fcxt\u0259lif \u0259razil\u0259rd\u0259 a\u015fa\u011f\u0131 oldu\u011fu bildirilir. Bununla yana\u015f\u0131, q\u0131\u015f aylar\u0131nda qaz\u0131n qiym\u0259tind\u0259 art\u0131m olaca\u011f\u0131n\u0131 d\u00fc\u015f\u00fcn\u0259nl\u0259r d\u0259 az deyil. B\u0259s g\u00f6r\u0259s\u0259n, bel\u0259 bir art\u0131m g\u00f6zl\u0259nil\u0259ndirmi? Evl\u0259r\u0259 veril\u0259n qaz\u0131n t\u0259zyiqinin q\u0259na\u0259tb\u0259x\u015f olmamas\u0131 n\u0259 il\u0259 \u0259laq\u0259lidir? M\u00f6vzu il\u0259 ba\u011fl\u0131\u00a0Oxu.Az-a a\u00e7\u0131qlama ver\u0259n \u201cAz\u0259riqaz\u201d \u0130stehsalat Birliyinin \u0130ctimaiyy\u0259tl\u0259 \u0259laq\u0259l\u0259r \u015f\u00f6b\u0259sinin r\u0259isi\u00a0Eld\u0259niz V\u0259liyev\u00a0pay\u0131z-q\u0131\u015f m\u00f6vs\u00fcm\u00fcn\u0259 haz\u0131rl\u0131\u011f\u0131n may ay\u0131ndan ba\u015flan\u0131ld\u0131\u011f\u0131n\u0131 s\u00f6yl\u0259yib: \u201cH\u0259r il haz\u0131rl\u0131q i\u015fin\u0259 may ay\u0131ndan ba\u015flay\u0131r\u0131q. Bu g\u00f6r\u00fcl\u0259n t\u0259dbirl\u0259r konkret&hellip;<\/p>\n","protected":false},"author":2,"featured_media":657500,"comment_status":"closed","ping_status":"closed","sticky":false,"template":"","format":"standard","meta":{"om_disable_all_campaigns":false,"_monsterinsights_skip_tracking":false,"_monsterinsights_sitenote_active":false,"_monsterinsights_sitenote_note":"","_monsterinsights_sitenote_category":0},"categories":[1],"tags":[],"aioseo_notices":[],"gutentor_comment":0,"rttpg_featured_image_url":{"full":["https:\/\/arantv.az\/wp-content\/uploads\/2023\/11\/64fb0e30b7a1064fb0e30b7a11169417476864fb0e30b7a0e64fb0e30b7a0f.jpg",1200,800,false],"landscape":["https:\/\/arantv.az\/wp-content\/uploads\/2023\/11\/64fb0e30b7a1064fb0e30b7a11169417476864fb0e30b7a0e64fb0e30b7a0f.jpg",1200,800,false],"portraits":["https:\/\/arantv.az\/wp-content\/uploads\/2023\/11\/64fb0e30b7a1064fb0e30b7a11169417476864fb0e30b7a0e64fb0e30b7a0f.jpg",1200,800,false],"thumbnail":["https:\/\/arantv.az\/wp-content\/uploads\/2023\/11\/64fb0e30b7a1064fb0e30b7a11169417476864fb0e30b7a0e64fb0e30b7a0f-500x280.jpg",500,280,true],"medium":["https:\/\/arantv.az\/wp-content\/uploads\/2023\/11\/64fb0e30b7a1064fb0e30b7a11169417476864fb0e30b7a0e64fb0e30b7a0f-548x365.jpg",548,365,true],"large":["https:\/\/arantv.az\/wp-content\/uploads\/2023\/11\/64fb0e30b7a1064fb0e30b7a11169417476864fb0e30b7a0e64fb0e30b7a0f-840x560.jpg",640,427,true],"1536x1536":["https:\/\/arantv.az\/wp-content\/uploads\/2023\/11\/64fb0e30b7a1064fb0e30b7a11169417476864fb0e30b7a0e64fb0e30b7a0f.jpg",1200,800,false],"2048x2048":["https:\/\/arantv.az\/wp-content\/uploads\/2023\/11\/64fb0e30b7a1064fb0e30b7a11169417476864fb0e30b7a0e64fb0e30b7a0f.jpg",1200,800,false],"post-thumbnail":["https:\/\/arantv.az\/wp-content\/uploads\/2023\/11\/64fb0e30b7a1064fb0e30b7a11169417476864fb0e30b7a0e64fb0e30b7a0f-240x172.jpg",240,172,true],"advps-thumb-one":["https:\/\/arantv.az\/wp-content\/uploads\/2023\/11\/64fb0e30b7a1064fb0e30b7a11169417476864fb0e30b7a0e64fb0e30b7a0f-1200x620.jpg",1200,620,true]},"rttpg_author":{"display_name":"V\u00fcsal Rafiqo\u011flu","author_link":"https:\/\/arantv.az\/?author=2"},"rttpg_comment":0,"rttpg_category":"<a href=\"https:\/\/arantv.az\/?cat=1\" rel=\"category\">C\u0259miyy\u0259t<\/a>","rttpg_excerpt":"Noyabr\u0131n 15-d\u0259n Az\u0259rbaycanda istilik m\u00f6vs\u00fcm\u00fc ba\u015flay\u0131b.\u00a0M\u0259rk\u0259zi istilik sistemind\u0259n yararlana bilm\u0259y\u0259nl\u0259r qazla olan q\u0131zd\u0131r\u0131c\u0131lara \u00fcst\u00fcnl\u00fck verirl\u0259r. Havalar\u0131n soyumas\u0131 t\u0259bii qaza olan t\u0259l\u0259bat\u0131 daha da art\u0131r\u0131r, eyni zamanda, qaz\u0131n t\u0259zyiqinin m\u00fcxt\u0259lif \u0259razil\u0259rd\u0259 a\u015fa\u011f\u0131 oldu\u011fu bildirilir. Bununla yana\u015f\u0131, q\u0131\u015f aylar\u0131nda qaz\u0131n qiym\u0259tind\u0259 art\u0131m olaca\u011f\u0131n\u0131 d\u00fc\u015f\u00fcn\u0259nl\u0259r d\u0259 az deyil. B\u0259s g\u00f6r\u0259s\u0259n, bel\u0259 bir art\u0131m g\u00f6zl\u0259nil\u0259ndirmi? Evl\u0259r\u0259 veril\u0259n qaz\u0131n t\u0259zyiqinin&hellip;","_links":{"self":[{"href":"https:\/\/arantv.az\/index.php?rest_route=\/wp\/v2\/posts\/657493"}],"collection":[{"href":"https:\/\/arantv.az\/index.php?rest_route=\/wp\/v2\/posts"}],"about":[{"href":"https:\/\/arantv.az\/index.php?rest_route=\/wp\/v2\/types\/post"}],"author":[{"embeddable":true,"href":"https:\/\/arantv.az\/index.php?rest_route=\/wp\/v2\/users\/2"}],"replies":[{"embeddable":true,"href":"https:\/\/arantv.az\/index.php?rest_route=%2Fwp%2Fv2%2Fcomments&post=657493"}],"version-history":[{"count":0,"href":"https:\/\/arantv.az\/index.php?rest_route=\/wp\/v2\/posts\/657493\/revisions"}],"wp:featuredmedia":[{"embeddable":true,"href":"https:\/\/arantv.az\/index.php?rest_route=\/wp\/v2\/media\/657500"}],"wp:attachment":[{"href":"https:\/\/arantv.az\/index.php?rest_route=%2Fwp%2Fv2%2Fmedia&parent=657493"}],"wp:term":[{"taxonomy":"category","embeddable":true,"href":"https:\/\/arantv.az\/index.php?rest_route=%2Fwp%2Fv2%2Fcategories&post=657493"},{"taxonomy":"post_tag","embeddable":true,"href":"https:\/\/arantv.az\/index.php?rest_route=%2Fwp%2Fv2%2Ftags&post=657493"}],"curies":[{"name":"wp","href":"https:\/\/api.w.org\/{rel}","templated":true}]}}