{"id":657496,"date":"2023-11-17T11:22:45","date_gmt":"2023-11-17T07:22:45","guid":{"rendered":"https:\/\/arantv.az\/?p=657496"},"modified":"2023-11-17T11:22:45","modified_gmt":"2023-11-17T07:22:45","slug":"turkiy%c9%99-xin-az%c9%99rbaycanin-milli-dirc%c9%99lis-gununu-t%c9%99brik-edib","status":"publish","type":"post","link":"https:\/\/arantv.az\/?p=657496","title":{"rendered":"T\u00fcrkiy\u0259 X\u0130N Az\u0259rbaycan\u0131n Milli Dir\u00e7\u0259li\u015f G\u00fcn\u00fcn\u00fc t\u0259brik edib"},"content":{"rendered":"<p>\u201c35 il \u00f6nc\u0259 m\u00fcst\u0259qillik \u00fc\u00e7\u00fcn aya\u011fa qalxan az\u0259rbaycanl\u0131 qarda\u015flar\u0131m\u0131z eyni ruhla i\u015f\u011fal alt\u0131ndak\u0131 torpaqlar\u0131n\u0131 azadl\u0131\u011fa qovu\u015fdurdu\u201d.<\/p>\n<p><strong>ARANTV.AZ\u00a0 x\u0259b\u0259r verir ki,<\/strong>\u00a0bu bar\u0259d\u0259 T\u00fcrkiy\u0259 Xarici \u0130\u015fl\u0259r Nazirliyinin \u201cX\u201d platformas\u0131nda 17 Noyabr Milli Dir\u00e7\u0259li\u015f G\u00fcn\u00fc il\u0259 ba\u011fl\u0131 payla\u015f\u0131m\u0131nda deyilir.<\/p>\n<p>\u201cO g\u00fcn Bak\u0131da qald\u0131r\u0131lan bayraq bu g\u00fcn b\u00fct\u00fcn Az\u0259rbaycan s\u0259malar\u0131nda dal\u011falan\u0131r! Can Az\u0259rbaycan\u0131n Milli Dir\u00e7\u0259li\u015f G\u00fcn\u00fcn\u00fc t\u0259brik edirik!\u201d \u2013 payla\u015f\u0131mda vur\u011fulan\u0131r.<\/p>\n","protected":false},"excerpt":{"rendered":"<p>\u201c35 il \u00f6nc\u0259 m\u00fcst\u0259qillik \u00fc\u00e7\u00fcn aya\u011fa qalxan az\u0259rbaycanl\u0131 qarda\u015flar\u0131m\u0131z eyni ruhla i\u015f\u011fal alt\u0131ndak\u0131 torpaqlar\u0131n\u0131 azadl\u0131\u011fa qovu\u015fdurdu\u201d. ARANTV.AZ\u00a0 x\u0259b\u0259r verir ki,\u00a0bu bar\u0259d\u0259 T\u00fcrkiy\u0259 Xarici \u0130\u015fl\u0259r Nazirliyinin \u201cX\u201d platformas\u0131nda 17 Noyabr Milli Dir\u00e7\u0259li\u015f G\u00fcn\u00fc il\u0259 ba\u011fl\u0131 payla\u015f\u0131m\u0131nda deyilir. \u201cO g\u00fcn Bak\u0131da qald\u0131r\u0131lan bayraq bu g\u00fcn b\u00fct\u00fcn Az\u0259rbaycan s\u0259malar\u0131nda dal\u011falan\u0131r! Can Az\u0259rbaycan\u0131n Milli Dir\u00e7\u0259li\u015f G\u00fcn\u00fcn\u00fc t\u0259brik edirik!\u201d \u2013 payla\u015f\u0131mda vur\u011fulan\u0131r.<\/p>\n","protected":false},"author":2,"featured_media":657497,"comment_status":"closed","ping_status":"closed","sticky":false,"template":"","format":"standard","meta":{"om_disable_all_campaigns":false,"_monsterinsights_skip_tracking":false,"_monsterinsights_sitenote_active":false,"_monsterinsights_sitenote_note":"","_monsterinsights_sitenote_category":0},"categories":[4],"tags":[],"aioseo_notices":[],"gutentor_comment":0,"rttpg_featured_image_url":{"full":["https:\/\/arantv.az\/wp-content\/uploads\/2023\/11\/b071cfa8170020497240735036210962673.jpg",975,540,false],"landscape":["https:\/\/arantv.az\/wp-content\/uploads\/2023\/11\/b071cfa8170020497240735036210962673.jpg",975,540,false],"portraits":["https:\/\/arantv.az\/wp-content\/uploads\/2023\/11\/b071cfa8170020497240735036210962673.jpg",975,540,false],"thumbnail":["https:\/\/arantv.az\/wp-content\/uploads\/2023\/11\/b071cfa8170020497240735036210962673-500x280.jpg",500,280,true],"medium":["https:\/\/arantv.az\/wp-content\/uploads\/2023\/11\/b071cfa8170020497240735036210962673-660x365.jpg",660,365,true],"large":["https:\/\/arantv.az\/wp-content\/uploads\/2023\/11\/b071cfa8170020497240735036210962673-840x465.jpg",640,354,true],"1536x1536":["https:\/\/arantv.az\/wp-content\/uploads\/2023\/11\/b071cfa8170020497240735036210962673.jpg",975,540,false],"2048x2048":["https:\/\/arantv.az\/wp-content\/uploads\/2023\/11\/b071cfa8170020497240735036210962673.jpg",975,540,false],"post-thumbnail":["https:\/\/arantv.az\/wp-content\/uploads\/2023\/11\/b071cfa8170020497240735036210962673-240x172.jpg",240,172,true],"advps-thumb-one":["https:\/\/arantv.az\/wp-content\/uploads\/2023\/11\/b071cfa8170020497240735036210962673.jpg",975,540,false]},"rttpg_author":{"display_name":"V\u00fcsal Rafiqo\u011flu","author_link":"https:\/\/arantv.az\/?author=2"},"rttpg_comment":0,"rttpg_category":"<a href=\"https:\/\/arantv.az\/?cat=4\" rel=\"category\">Siyas\u0259t<\/a>","rttpg_excerpt":"\u201c35 il \u00f6nc\u0259 m\u00fcst\u0259qillik \u00fc\u00e7\u00fcn aya\u011fa qalxan az\u0259rbaycanl\u0131 qarda\u015flar\u0131m\u0131z eyni ruhla i\u015f\u011fal alt\u0131ndak\u0131 torpaqlar\u0131n\u0131 azadl\u0131\u011fa qovu\u015fdurdu\u201d. ARANTV.AZ\u00a0 x\u0259b\u0259r verir ki,\u00a0bu bar\u0259d\u0259 T\u00fcrkiy\u0259 Xarici \u0130\u015fl\u0259r Nazirliyinin \u201cX\u201d platformas\u0131nda 17 Noyabr Milli Dir\u00e7\u0259li\u015f G\u00fcn\u00fc il\u0259 ba\u011fl\u0131 payla\u015f\u0131m\u0131nda deyilir. \u201cO g\u00fcn Bak\u0131da qald\u0131r\u0131lan bayraq bu g\u00fcn b\u00fct\u00fcn Az\u0259rbaycan s\u0259malar\u0131nda dal\u011falan\u0131r! Can Az\u0259rbaycan\u0131n Milli Dir\u00e7\u0259li\u015f G\u00fcn\u00fcn\u00fc t\u0259brik edirik!\u201d \u2013&hellip;","_links":{"self":[{"href":"https:\/\/arantv.az\/index.php?rest_route=\/wp\/v2\/posts\/657496"}],"collection":[{"href":"https:\/\/arantv.az\/index.php?rest_route=\/wp\/v2\/posts"}],"about":[{"href":"https:\/\/arantv.az\/index.php?rest_route=\/wp\/v2\/types\/post"}],"author":[{"embeddable":true,"href":"https:\/\/arantv.az\/index.php?rest_route=\/wp\/v2\/users\/2"}],"replies":[{"embeddable":true,"href":"https:\/\/arantv.az\/index.php?rest_route=%2Fwp%2Fv2%2Fcomments&post=657496"}],"version-history":[{"count":0,"href":"https:\/\/arantv.az\/index.php?rest_route=\/wp\/v2\/posts\/657496\/revisions"}],"wp:featuredmedia":[{"embeddable":true,"href":"https:\/\/arantv.az\/index.php?rest_route=\/wp\/v2\/media\/657497"}],"wp:attachment":[{"href":"https:\/\/arantv.az\/index.php?rest_route=%2Fwp%2Fv2%2Fmedia&parent=657496"}],"wp:term":[{"taxonomy":"category","embeddable":true,"href":"https:\/\/arantv.az\/index.php?rest_route=%2Fwp%2Fv2%2Fcategories&post=657496"},{"taxonomy":"post_tag","embeddable":true,"href":"https:\/\/arantv.az\/index.php?rest_route=%2Fwp%2Fv2%2Ftags&post=657496"}],"curies":[{"name":"wp","href":"https:\/\/api.w.org\/{rel}","templated":true}]}}