{"id":657521,"date":"2023-11-17T12:03:09","date_gmt":"2023-11-17T08:03:09","guid":{"rendered":"https:\/\/arantv.az\/?p=657521"},"modified":"2023-11-17T12:03:09","modified_gmt":"2023-11-17T08:03:09","slug":"az%c9%99rbaycan-sizin-sentiniz%c9%99-v%c9%99-vasit%c9%99ciliyiniz%c9%99-mohtac-deyil","status":"publish","type":"post","link":"https:\/\/arantv.az\/?p=657521","title":{"rendered":"Az\u0259rbaycan sizin sentiniz\u0259 v\u0259 vasit\u0259\u00e7iliyiniz\u0259 m\u00f6htac deyil!"},"content":{"rendered":"<p><strong>Konqresin Xarici \u0130\u015fl\u0259r Komit\u0259sind\u0259 \u201cQaraba\u011f\u0131n g\u0259l\u0259c\u0259yi\u201d il\u0259 ba\u011fl\u0131 q\u0259r\u0259zli m\u0259ruz\u0259 AB\u015e-Az\u0259rbaycan m\u00fcnasib\u0259tl\u0259rin\u0259 ciddi x\u0259l\u0259l g\u0259tirdi &#8211; Az\u0259rbaycan Va\u015finqton g\u00f6r\u00fc\u015f\u00fcnd\u0259n imtina etdi; deputat: \u201cBel\u0259 \u00e7\u0131x\u0131r ki, AB\u015e Qaraba\u011fda terror\u00e7ular\u0131n m\u00f6vcud olmas\u0131na \u015f\u0259rait yaratma\u011f\u0131m\u0131z\u0131 ist\u0259yirmi\u015f&#8230;\u201d<\/p>\n<p><\/strong>Noyabr\u0131n 15-d\u0259 AB\u015e d\u00f6vl\u0259t katibinin Avropa v\u0259 Avrasiya \u00fczr\u0259 k\u00f6m\u0259k\u00e7isi Ceyms Obrayen v\u0259 USA\u0130D (AB\u015e Beyn\u0259lxalq \u0130nki\u015faf Agentliyi) r\u0259hb\u0259rinin Avropa v\u0259 Avrasiya \u00fczr\u0259 k\u00f6m\u0259k\u00e7isinin m\u00fcavini Aleksandr Sokolovski Konqresin Xarici \u0130\u015fl\u0259r Komit\u0259sind\u0259 \u201cQaraba\u011f\u0131n g\u0259l\u0259c\u0259yi\u201d il\u0259 ba\u011fl\u0131 m\u0259ruz\u0259 edibl\u0259r. Konqresmen Tomas Kinin (Nyu-Cersi \u015ftat\u0131ndan respublika\u00e7\u0131) ke\u00e7ir\u0259c\u0259yi t\u0259dbir romit\u0259nin sayt\u0131nda birba\u015fa yay\u0131mlan\u0131b.<\/p>\n<p><img src=\"https:\/\/publika.az\/storage\/2023\/08\/05\/absss.jpg\" alt=\"Erm\u0259ni lobbisi 907-c\u00fc d\u00fcz\u0259li\u015fin yenid\u0259n t\u0259tbiqi \u00fc\u00e7\u00fcn s\u0259f\u0259rb\u0259r olub - AB\u015e-da  manipulyasiya ba\u015flad\u0131\" \/><\/p>\n<p><strong>Ceyms Obrayen dinl\u0259m\u0259l\u0259rd\u0259 deyib ki, D\u00f6vl\u0259t Departamenti 907 sayl\u0131 d\u00fcz\u0259li\u015fi dondurmayacaq, bu is\u0259 Az\u0259rbaycana yard\u0131m g\u00f6st\u0259rm\u0259yi m\u00fcmk\u00fcns\u00fcz edir. Bundan \u0259lav\u0259, AB\u015e\u00a0 tranzit d\u0259hlizinin tikintisini s\u00fclh sazi\u015fi ba\u011fland\u0131qdan v\u0259 Erm\u0259nistan\u0131n raz\u0131l\u0131\u011f\u0131ndan sonra m\u00fcmk\u00fcn hesab edir.<\/strong><\/p>\n<p>Obrayen h\u0259m\u00e7inin bildirib ki, Va\u015finqton h\u0259r y\u00fcks\u0259k s\u0259viyy\u0259li t\u0259masda Erm\u0259nistana qar\u015f\u0131 g\u00fcc t\u0259tbiqinin tamamil\u0259 q\u0259buledilm\u0259z oldu\u011funu \u201cd\u0259f\u0259l\u0259rl\u0259\u201d a\u00e7\u0131q \u015f\u0259kild\u0259 b\u0259yan edib.<\/p>\n<p>\u201cBak\u0131dak\u0131 hakimiyy\u0259t bizi \u0259min etdi ki, onlar\u0131n bel\u0259 bir niyy\u0259ti yoxdur v\u0259 biz qo\u015funlar\u0131n h\u0259r\u0259k\u0259tini v\u0259 onlar\u0131n ba\u015fqa planlar\u0131n\u0131n ola bil\u0259c\u0259yin\u0259 dair h\u0259r hans\u0131 \u0259lam\u0259ti \u00e7ox diqq\u0259tl\u0259 izl\u0259yirik\u201d, &#8211; o \u0259lav\u0259 edib.<\/p>\n<p>Sentyabr m\u00fcharib\u0259si haqq\u0131nda dan\u0131\u015fan Obrayen bildirib ki, D\u00f6vl\u0259t Departamenti katib Blinkenin g\u00f6st\u0259ri\u015fi il\u0259 t\u0259kc\u0259 o g\u00fcnl\u0259rd\u0259 deyil, ondan \u0259vv\u0259lki aylarda ba\u015f ver\u0259nl\u0259rin h\u0259rt\u0259r\u0259fli v\u0259 \u015f\u0259ffaf hesabat\u0131n\u0131 haz\u0131rlay\u0131r.<\/p>\n<p>Va\u015finqton Erm\u0259nistana d\u0259st\u0259k \u00fcz\u0259rind\u0259 d\u0259 i\u015fl\u0259yir. \u201cBiz Erm\u0259nistana d\u0259st\u0259k verm\u0259k \u00fc\u00e7\u00fcn Avropa \u0130ttifaq\u0131 il\u0259 s\u0131x \u0259m\u0259kda\u015fl\u0131q edirik\u201d.<\/p>\n<p>S\u00fclh dan\u0131\u015f\u0131qlar\u0131na g\u0259ldikd\u0259, Obrayen bildirib ki, qar\u015f\u0131dak\u0131 bir ne\u00e7\u0259 h\u0259ft\u0259 t\u0259r\u0259fl\u0259rin yax\u015f\u0131 niyy\u0259td\u0259n h\u0259r\u0259k\u0259t\u0259 ke\u00e7m\u0259k ist\u0259yini yoxlamaq \u00fc\u00e7\u00fcn kritik olacaq.<\/p>\n<p>Obrayen qanunvericil\u0259rin sual\u0131n\u0131 cavabland\u0131rark\u0259n bir daha b\u0259yan edib ki, 19 sentyabr hadis\u0259l\u0259rind\u0259n sonra s\u00fclh dan\u0131\u015f\u0131qlar\u0131nda ir\u0259lil\u0259yi\u015f \u0259ld\u0259 olunmayana q\u0259d\u0259r Az\u0259rbaycanla m\u00fcnasib\u0259tl\u0259r \u0259vv\u0259lki kimi olmayacaq.<\/p>\n<p>\u201cBuna g\u00f6r\u0259 d\u0259 biz bir s\u0131ra y\u00fcks\u0259k s\u0259viyy\u0259li s\u0259f\u0259rl\u0259ri l\u0259\u011fv etdik, (Bak\u0131n\u0131n) h\u0259r\u0259k\u0259tl\u0259rini pisl\u0259dik v\u0259 907-ci d\u00fcz\u0259li\u015f\u0131\u00a0 b\u0259rpa etdik\u201d, &#8211; Obrayen bildirib.<\/p>\n<p>Bir g\u00fcn \u0259vv\u0259l\u00a0 m\u00fczakir\u0259l\u0259rin anonsunu yayan \u201cTuran\u201d\u0131n Va\u015finqton m\u00fcxbiri yaz\u0131b ki, sentyabrdak\u0131 antiterror t\u0259dbirl\u0259rind\u0259n sonra AB\u015e Az\u0259rbaycanla ikit\u0259r\u0259fli g\u00f6r\u00fc\u015fl\u0259ri v\u0259 y\u00fcks\u0259k s\u0259viyy\u0259li raz\u0131la\u015fmalar\u0131 l\u0259\u011fv edib v\u0259 g\u0259l\u0259c\u0259k t\u0259dbirl\u0259r planlar\u0131n\u0131 dayand\u0131r\u0131b.<\/p>\n<p>Bu proses hans\u0131 n\u0259tic\u0259l\u0259ri v\u0259d edir? Az\u0259rbaycana t\u0259zyiqin artmas\u0131n\u0131n \u0259lam\u0259ti say\u0131la bil\u0259rmi? Az\u0259rbaycan \u0259razisi olan Qaraba\u011f\u0131n g\u0259l\u0259c\u0259yini AB\u015e Konqresinin m\u00fc\u0259yy\u0259n etm\u0259y\u0259 \u00e7al\u0131\u015fmas\u0131 beyn\u0259lxalq h\u00fcquqa meydan oxumaq deyilmi?<\/p>\n<p><img src=\"https:\/\/meclis.gov.az\/photos\/MM\/Elman_Nesirov.jpg\" alt=\"N\u018fS\u0130ROV Elman Xudam o\u011flu\" \/><\/p>\n<p><strong>Elman N\u0259sirov<\/strong><\/p>\n<p><strong>Milli M\u0259clisin deputat\u0131 Elman N\u0259sirov \u201cYeni M\u00fcsavat\u201da bildirdi ki, AB\u015e D\u00f6vl\u0259t Departamenti Az\u0259rbaycana qar\u015f\u0131 q\u0259r\u0259zli bir hesabat haz\u0131rlama\u011fa ba\u015flay\u0131b. Bunun anonsunu da AB\u015e d\u00f6vl\u0259t katibinin Avropa v\u0259 Avrasiya \u00fczr\u0259 k\u00f6m\u0259k\u00e7isi Ceyms Obrayen v\u0259 USA\u0130D-in r\u0259hb\u0259rinin Avropa v\u0259 Avrasiya \u00fczr\u0259 k\u00f6m\u0259k\u00e7isinin m\u00fcavini Aleksandr Sokolovski Konqresin Xarici \u0130\u015fl\u0259r Komit\u0259sind\u0259 \u201cQaraba\u011f\u0131n g\u0259l\u0259c\u0259yi\u201d il\u0259 ba\u011fl\u0131 m\u0259ruz\u0259l\u0259rind\u0259 bildiribl\u0259r:<\/strong>\u00a0\u201cOnlar\u0131n \u00e7\u0131x\u0131\u015f\u0131 bir daha s\u00fcbut edib ki, AB\u015e-\u0131n ali siyasi r\u0259hb\u0259rliyini Az\u0259rbaycan\u0131n 19-20 sentyabrda \u00f6z \u0259razisi olan Qaraba\u011fda ke\u00e7irdiyi lokal antiterror t\u0259dbirl\u0259ri v\u0259 onun n\u0259tic\u0259l\u0259ri xeyli m\u0259yus edib. Bu is\u0259 paradoksdur. Y\u0259ni AB\u015e-\u0131n siyasi r\u0259hb\u0259rliyi sevinm\u0259li idi ki, onlar\u0131n da i\u015ftirak\u0131 il\u0259 q\u0259bul edilmi\u015f BMT T\u0259hl\u00fck\u0259sizlik \u015euras\u0131n\u0131n 1993-c\u00fc ild\u0259 q\u0259bul etdiyi m\u0259lum 4 q\u0259tnam\u0259 i\u015fl\u0259k v\u0259ziyy\u0259t\u0259 ke\u00e7ib, Az\u0259rbaycan\u0131n \u0259razi b\u00fct\u00f6vl\u00fcy\u00fc, suverenliyi b\u0259rpa edilib. Bu zaman Erm\u0259nistan\u0131n he\u00e7 bir \u0259razisi z\u0259bt edilm\u0259yib, Erm\u0259nistana qar\u015f\u0131 Az\u0259rbaycan he\u00e7 bir \u0259razi iddias\u0131 ir\u0259li s\u00fcrm\u0259yib. Lakin bunun qar\u015f\u0131l\u0131\u011f\u0131nda g\u00f6r\u00fcr\u00fck ki, Amerika D\u00f6vl\u0259t Departamentind\u0259, USA\u0130D-d\u0259, Konqresd\u0259 narahat olublar ki, Az\u0259rbaycan \u00f6z \u0259razisind\u0259 suveren h\u00fcquqlar\u0131n\u0131 b\u0259rpa edib. Siz t\u0259s\u0259vv\u00fcr edin, 30 il \u0259rzind\u0259 bizim taleyimizi bunlara &#8211; \u00fc\u00e7 h\u0259ms\u0259dr\u0259 tap\u015f\u0131r\u0131lm\u0131\u015fd\u0131. Bu \u00fc\u00e7l\u00fckd\u0259n biri AB\u015e idi. AB\u015e-\u0131n m\u00f6vqeyi g\u00f6z qaba\u011f\u0131ndad\u0131r. Bel\u0259 olan v\u0259ziyy\u0259td\u0259 m\u00fcnaqi\u015f\u0259 t\u0259bii ki, h\u0259ll oluna bilm\u0259zdi. H\u0259ll etm\u0259dil\u0259r d\u0259. N\u0259tic\u0259d\u0259 Az\u0259rbaycan \u00f6z\u00fc m\u0259s\u0259l\u0259ni h\u0259ll etm\u0259li oldu. \u0130ndi bel\u0259 g\u00f6r\u00fcn\u00fcr ki, bunlar m\u00fcnaqi\u015f\u0259nin h\u0259ll olunmas\u0131n\u0131 q\u0259bul ed\u0259 bilmirl\u0259r, h\u0259tta Az\u0259rbaycan\u0131 h\u0259d\u0259l\u0259yirl\u0259r ki, niy\u0259 \u0259razi b\u00fct\u00f6vl\u00fcy\u00fcn\u00fcz\u00fc v\u0259 suverenliyinizi t\u0259min etmisiniz. Bel\u0259 \u00e7\u0131x\u0131r ki, AB\u015e Qaraba\u011fda terror\u00e7ular\u0131n m\u00f6vcud olmas\u0131n\u0131, terror\u00e7ulara burada qalmalar\u0131 \u00fc\u00e7\u00fcn \u015f\u0259rait yaratma\u011f\u0131m\u0131z\u0131 ist\u0259yirmi\u015f. Bu, terrora, terror\u00e7ulu\u011fa d\u0259st\u0259k verm\u0259k deyil, b\u0259s n\u0259dir?! Az\u0259rbaycan \u00f6z \u0259razisind\u0259n terror\u00e7ular\u0131, separat\u00e7\u0131lar\u0131 t\u0259mizl\u0259yib, AB\u015e bundan inciyib, naraz\u0131 qal\u0131b v\u0259 buna g\u00f6r\u0259 diplomatlar\u0131n\u0131n Az\u0259rbaycana s\u0259f\u0259rl\u0259rini t\u0259xir\u0259 sal\u0131b. H\u0259l\u0259 bununla da \u00fcr\u0259kl\u0259ri soyumay\u0131b, Az\u0259rbaycana qar\u015f\u0131 hesabat haz\u0131rlay\u0131r, h\u0259tta bizi h\u0259d\u0259l\u0259yirl\u0259r ki, dondurdu\u011fumuz &#8220;907-ci d\u00fcz\u0259li\u015fi&#8221; b\u0259rpa ed\u0259c\u0259yik. Etsinl\u0259r, Az\u0259rbaycan\u0131n bu c\u00fczi yard\u0131ma he\u00e7 ehtiyac\u0131 da yoxdur. Sizin sentl\u0259riniz\u0259 qalmam\u0131\u015f\u0131q! Az\u0259rbaycan g\u00fccl\u00fc d\u00f6vl\u0259tdir. 1992-ci il oktyabr\u0131n 24-d\u0259 haqs\u0131z, \u0259dal\u0259tsiz olaraq Az\u0259rbaycana qar\u015f\u0131 d\u00f6vl\u0259t s\u0259viyy\u0259sind\u0259 iqtisadi qada\u011fa aksiyas\u0131n\u0131 n\u0259z\u0259rd\u0259 tutan \u201c907-ci d\u00fcz\u0259li\u015f\u201di q\u0259bul ed\u0259rk\u0259n b\u0259lk\u0259 d\u0259 bizim sizin v\u0259saitiniz\u0259 ehtiyac\u0131m\u0131z var idi. 2001-ci ilin sentyabr\u0131nda \u00f6z\u00fcn\u00fcz d\u0259h\u015f\u0259tli terrora m\u0259ruz qald\u0131n\u0131z v\u0259 Az\u0259rbaycan beyn\u0259lxalq antiterror koalisiyas\u0131na qo\u015fuldu. Bundan sonra da siz \u201c907-ci d\u00fcz\u0259li\u015f\u201di l\u0259\u011fv etm\u0259diniz, onun f\u0259aliyy\u0259tini dayand\u0131rd\u0131n\u0131z. \u0130ndi is\u0259 Az\u0259rbaycan beyn\u0259lxalq h\u00fcquqa \u0259saslanaraq \u00f6z \u0259razi b\u00fct\u00f6vl\u00fcy\u00fcn\u00fc b\u0259rpa edib, g\u00fcc yolu il\u0259 terror\u00e7u d\u0259st\u0259l\u0259ri silah\u0131 yer\u0259 qoyma\u011fa m\u0259cbur edib, AB\u015e buna g\u00f6r\u0259 Az\u0259rbaycan\u0131 h\u0259d\u0259l\u0259yir. Deyirl\u0259r ki, Az\u0259rbaycan Erm\u0259nistan s\u00fclh m\u00fcqavil\u0259si imzalad\u0131qdan sonra Amerika Az\u0259rbaycanla 19 sentyabrdan \u0259vv\u0259lki m\u00fcnasib\u0259tl\u0259rini b\u0259rpa etm\u0259y\u0259 baxa, Z\u0259ng\u0259zur d\u0259hlizinin a\u00e7\u0131lmas\u0131 s\u00fclh m\u00fcqavil\u0259si imzaland\u0131qdan sonra ba\u015f tuta bil\u0259r. Tamamil\u0259 a\u00e7\u0131q m\u0259tnl\u0259 Erm\u0259nistana d\u0259st\u0259k siyas\u0259ti ortaya qoyulur. \u018fg\u0259r AB\u015e h\u0259qiq\u0259t\u0259n s\u00fclh ist\u0259yirs\u0259, o zaman niy\u0259 s\u00fclh sazi\u015find\u0259n yay\u0131nan Erm\u0259nistan\u0131 sazi\u015fi imzalama\u011fa m\u0259cbur etmir?! AB\u015e Erm\u0259nistanla h\u0259rbi \u0259m\u0259kda\u015fl\u0131\u011f\u0131 geni\u015fl\u0259ndirm\u0259sini elan etmi\u015f olur. Fransa bunu edib, indi d\u0259 AB\u015e etm\u0259k ist\u0259yir. Bel\u0259likl\u0259, AB\u015e ba\u015fda olmaqla, Q\u0259rb bloku \u00fczvl\u0259ri regionda s\u00fclh\u00fcn v\u0259 t\u0259hl\u00fck\u0259sizliyin olmas\u0131n\u0131 ist\u0259mirl\u0259r. Onlar revan\u015fizmi, separatizmi d\u0259st\u0259kl\u0259yirl\u0259r. N\u0259tic\u0259d\u0259 \u00fc\u00e7\u00fcnc\u00fc bir m\u00fcharib\u0259nin ba\u015flanmas\u0131n\u0131n m\u00fcnbit \u015f\u0259raitini t\u0259min etmi\u015f olurlar. \u00c7\u0131x\u0131\u015flar\u0131nda da qeyd edirl\u0259r ki, Avropa \u0130ttifaq\u0131 x\u0259tti il\u0259 d\u0259 Erm\u0259nistana d\u0259st\u0259k siyas\u0259tini h\u0259yata ke\u00e7ir\u0259c\u0259kl\u0259r. 30 il Az\u0259rbaycan\u0131n torpaqlar\u0131n\u0131 i\u015f\u011falda saxlayan, terror\u00e7ulu\u011fu \u00f6z\u00fcn\u00fcn ana x\u0259tti kimi se\u00e7\u0259n bir d\u00f6vl\u0259t\u0259 d\u0259st\u0259k verm\u0259k terrora d\u0259st\u0259k verm\u0259kdir&#8221;.<\/p>\n<p><strong>Deputat qeyd etdi ki, Erm\u0259nistan\u0131 silahland\u0131r\u0131b Az\u0259rbaycana qar\u015f\u0131 n\u00f6vb\u0259ti m\u00fcharib\u0259y\u0259, Az\u0259rbaycan\u0131n \u0259razil\u0259rini i\u015f\u011fal etm\u0259y\u0259 haz\u0131rlamaq ist\u0259yirl\u0259r:<\/strong>\u00a0\u201cBu, s\u00f6z\u00fcn h\u0259qiqi m\u0259nas\u0131nda \u015feytanl\u0131qd\u0131r. S\u00fclhd\u0259n dan\u0131\u015f\u0131b \u0259slind\u0259 bunlar\u0131 etm\u0259yin ba\u015fqa ad\u0131 yoxdur. Bu siyas\u0259t regiona f\u0259lak\u0259t g\u0259tirm\u0259yi v\u0259d edir. Onlar \u0259slind\u0259 C\u0259nubi Qafqaz\u0131n &#8220;ukraynala\u015fd\u0131r\u0131lmas\u0131&#8221; siyas\u0259tin\u0259 start veribl\u0259r. Qaraba\u011f\u0131n g\u0259l\u0259c\u0259yi ad\u0131 il\u0259 regionu \u201cukraynala\u015fd\u0131rmaq\u201d siyas\u0259tinin konturlar\u0131 c\u0131z\u0131l\u0131r v\u0259 praktiki add\u0131mlar\u0131n at\u0131lmas\u0131n\u0131n istiqam\u0259tl\u0259ri g\u00f6st\u0259rilir. Amma b\u00fct\u00fcn bunlar\u0131n he\u00e7 birinin n\u0259tic\u0259si olmayacaq. Az\u0259rbaycan g\u00fccl\u00fc d\u00f6vl\u0259tdir, Az\u0259rbaycan\u0131n g\u00fccl\u00fc m\u00fctt\u0259fiql\u0259ri var, Az\u0259rbaycanda v\u0259t\u0259nda\u015f h\u0259mr\u0259yliyi h\u00f6km s\u00fcr\u00fcr, s\u0259f\u0259rb\u0259r olunmu\u015f c\u0259miyy\u0259t m\u00f6vcuddur. Xalq Prezidentimizin \u0259traf\u0131nda birlik n\u00fcmayi\u015f etdirir. Bu amill\u0259r Az\u0259rbaycan\u0131 v\u0259 b\u00f6lg\u0259ni qoruyan \u0259n g\u00fccl\u00fc silahd\u0131r. Biz\u0259 qar\u015f\u0131 qurulan planlar n\u0259tic\u0259 verm\u0259y\u0259c\u0259k, iflas olacaq&#8221;.<\/p>\n<p><img src=\"https:\/\/cebheinfo.az\/uploads\/images\/2023\/08\/720x400\/169286492686656417064e7119e0447a.jpg\" alt=\"Elxan \u015eahino\u011flu: &quot;Pa\u015finyan h\u0259qiq\u0259t\u0259n s\u00fclh ist\u0259yirs\u0259...&quot;\" \/><\/p>\n<p><strong>Elxan \u015eahino\u011flu<\/strong><\/p>\n<p><strong>Politoloq Elxan \u015eahino\u011flu is\u0259 bildirdi ki, amerikal\u0131 r\u0259smil\u0259r v\u0259 diplomatlar C\u0259nubi Qafqazla ba\u011fl\u0131 Konqresin komit\u0259l\u0259rinin dinl\u0259m\u0259l\u0259rind\u0259 \u00e7\u0131x\u0131\u015f ed\u0259rk\u0259n ad\u0259t\u0259n Az\u0259rbaycan\u0131n siyas\u0259tini t\u0259nqid edirl\u0259r. \u00c7\u00fcnki Konqresd\u0259 dinl\u0259m\u0259l\u0259ri t\u0259\u015fkil ed\u0259nl\u0259r erm\u0259ni lobbisin\u0259 yax\u0131n konqresmenl\u0259rdir. Onlar is\u0259 dinl\u0259m\u0259l\u0259rd\u0259 Az\u0259rbaycan haqq\u0131nda yaln\u0131z t\u0259nqidi fikirl\u0259r dinl\u0259m\u0259k ist\u0259yirl\u0259r:<\/strong>\u00a0\u201cBu bax\u0131mdan, D\u00f6vl\u0259t Departamentinin r\u0259smil\u0259ri probleml\u0259 \u00fczl\u0259\u015fm\u0259m\u0259k \u00fc\u00e7\u00fcn konqresmenl\u0259rin ist\u0259kl\u0259rin\u0259 zidd fikirl\u0259r s\u00f6yl\u0259mirl\u0259r. \u018fslind\u0259 is\u0259 Va\u015finqton Bak\u0131 il\u0259 dialoqu davam etdirir. AB\u015e d\u00f6vl\u0259t katibinin Avropa v\u0259 Avrasiya \u00fczr\u0259 k\u00f6m\u0259k\u00e7isi Ceyms Obrayen Konqresd\u0259ki \u00e7\u0131x\u0131\u015f\u0131nda amerikal\u0131 diplomatlar\u0131n Bak\u0131ya s\u0259f\u0259rl\u0259rinin t\u0259xir\u0259 sal\u0131nd\u0131\u011f\u0131n\u0131 des\u0259 d\u0259, AB\u015e D\u00f6vl\u0259t Departamentinin Qafqaz dan\u0131\u015f\u0131qlar\u0131 \u00fczr\u0259 ba\u015f m\u00fc\u015faviri Lui Bono noyabr\u0131n 8-d\u0259 Bak\u0131da olub. O il \u0259rzind\u0259 bir ne\u00e7\u0259 d\u0259f\u0259 Bak\u0131da olub, Prezident \u0130lham \u018fliyevl\u0259 v\u0259 xarici i\u015fl\u0259r naziri Ceyhun Bayramovla m\u00fczakir\u0259l\u0259r apar\u0131b.<\/p>\n<p><strong>Va\u015finqtonun m\u0259qs\u0259di Erm\u0259nistan\u0131 Rusiyadan uzaqla\u015fd\u0131rmaqd\u0131r. Az\u0259rbaycan buna mane olmur. Buna baxmayaraq, Br\u00fcssel kimi Va\u015finqton da \u201cAz\u0259rbaycan Erm\u0259nistana t\u0259hl\u00fck\u0259 yarad\u0131r\u201d b\u0259han\u0259sil\u0259 Erm\u0259nistana d\u0259st\u0259yi art\u0131rma\u011f\u0131 q\u0259rar verib. Halbuki Br\u00fcsselin v\u0259 Va\u015finqtonun m\u0259qs\u0259di Erm\u0259nistan\u0131n Kollektiv T\u0259hl\u00fck\u0259sizlik M\u00fcqavil\u0259si T\u0259\u015fkilat\u0131ndan \u00e7\u0131xmas\u0131n\u0131 v\u0259 Rusiyan\u0131n h\u0259rbi bazas\u0131ndan imtinas\u0131n\u0131 t\u0259min etm\u0259kdir&#8221;.<\/strong><\/p>\n<p>\u201cAB\u015e-\u0131n bel\u0259 birt\u0259r\u0259fli yana\u015fmas\u0131 onun vasit\u0259\u00e7ilik rolunu itirm\u0259sin\u0259 g\u0259tirib \u00e7\u0131xara bil\u0259r. Bu \u015f\u0259rtl\u0259r alt\u0131nda bizim 20 noyabr 2023-c\u00fc ild\u0259 Va\u015finqtonda Az\u0259rbaycan v\u0259 Erm\u0259nistan xarici i\u015fl\u0259r nazirl\u0259ri s\u0259viyy\u0259sind\u0259 ke\u00e7irilm\u0259si t\u0259klif olunan g\u00f6r\u00fc\u015f\u00fcn ba\u015f tutmas\u0131n\u0131 m\u00fcmk\u00fcn hesab etm\u0259diyimizi qeyd etm\u0259k vacibdir\u201d.<\/p>\n<p>Az\u0259rbaycan Xarici \u0130\u015fl\u0259r Nazirliyinin (X\u0130N) AB\u015e d\u00f6vl\u0259t katibinin k\u00f6m\u0259k\u00e7isi Ceyms O\u2019Brayn\u0131n N\u00fcmay\u0259nd\u0259l\u0259r Palatas\u0131n\u0131n Xarici \u0130\u015fl\u0259r Komit\u0259sinin Avropa \u00fczr\u0259 alt komit\u0259sinin dinl\u0259m\u0259l\u0259rind\u0259 verdiyi \u0259sass\u0131z a\u00e7\u0131qlamalar\u0131na dair \u015f\u0259rhind\u0259 \u0259ksini tap\u0131b.<\/p>\n<p>Bildirilib ki, beyn\u0259lxalq h\u00fcququn norma v\u0259 prinsipl\u0259ri Az\u0259rbaycan xarici siyas\u0259tind\u0259 h\u0259mi\u015f\u0259 prioritet olub. Az\u0259rbaycan h\u0259mi\u015f\u0259 beyn\u0259lxalq \u00f6hd\u0259likl\u0259rin\u0259 uy\u011fun h\u0259r\u0259k\u0259t ed\u0259c\u0259k. Eyni zamanda Az\u0259rbaycan \u00f6z milli maraqlar\u0131na zidd olan b\u00fct\u00fcn m\u0259nfi add\u0131mlar\u0131 q\u0259tiyy\u0259tl\u0259 v\u0259 adekvat \u015f\u0259kild\u0259 cavabland\u0131racaqd\u0131r.<\/p>\n","protected":false},"excerpt":{"rendered":"<p>Konqresin Xarici \u0130\u015fl\u0259r Komit\u0259sind\u0259 \u201cQaraba\u011f\u0131n g\u0259l\u0259c\u0259yi\u201d il\u0259 ba\u011fl\u0131 q\u0259r\u0259zli m\u0259ruz\u0259 AB\u015e-Az\u0259rbaycan m\u00fcnasib\u0259tl\u0259rin\u0259 ciddi x\u0259l\u0259l g\u0259tirdi &#8211; Az\u0259rbaycan Va\u015finqton g\u00f6r\u00fc\u015f\u00fcnd\u0259n imtina etdi; deputat: \u201cBel\u0259 \u00e7\u0131x\u0131r ki, AB\u015e Qaraba\u011fda terror\u00e7ular\u0131n m\u00f6vcud olmas\u0131na \u015f\u0259rait yaratma\u011f\u0131m\u0131z\u0131 ist\u0259yirmi\u015f&#8230;\u201d Noyabr\u0131n 15-d\u0259 AB\u015e d\u00f6vl\u0259t katibinin Avropa v\u0259 Avrasiya \u00fczr\u0259 k\u00f6m\u0259k\u00e7isi Ceyms Obrayen v\u0259 USA\u0130D (AB\u015e Beyn\u0259lxalq \u0130nki\u015faf Agentliyi) r\u0259hb\u0259rinin Avropa v\u0259 Avrasiya \u00fczr\u0259 k\u00f6m\u0259k\u00e7isinin m\u00fcavini Aleksandr Sokolovski Konqresin Xarici \u0130\u015fl\u0259r Komit\u0259sind\u0259 \u201cQaraba\u011f\u0131n g\u0259l\u0259c\u0259yi\u201d il\u0259 ba\u011fl\u0131 m\u0259ruz\u0259 edibl\u0259r. Konqresmen Tomas Kinin (Nyu-Cersi \u015ftat\u0131ndan respublika\u00e7\u0131) ke\u00e7ir\u0259c\u0259yi t\u0259dbir romit\u0259nin sayt\u0131nda birba\u015fa yay\u0131mlan\u0131b. Ceyms Obrayen dinl\u0259m\u0259l\u0259rd\u0259 deyib ki, D\u00f6vl\u0259t Departamenti 907&hellip;<\/p>\n","protected":false},"author":2,"featured_media":657522,"comment_status":"closed","ping_status":"closed","sticky":false,"template":"","format":"standard","meta":{"om_disable_all_campaigns":false,"_monsterinsights_skip_tracking":false,"_monsterinsights_sitenote_active":false,"_monsterinsights_sitenote_note":"","_monsterinsights_sitenote_category":0},"categories":[4],"tags":[],"aioseo_notices":[],"gutentor_comment":0,"rttpg_featured_image_url":{"full":["https:\/\/arantv.az\/wp-content\/uploads\/2023\/11\/f55f65b326bf1408c171d3cde512c5d0.jpg",450,300,false],"landscape":["https:\/\/arantv.az\/wp-content\/uploads\/2023\/11\/f55f65b326bf1408c171d3cde512c5d0.jpg",450,300,false],"portraits":["https:\/\/arantv.az\/wp-content\/uploads\/2023\/11\/f55f65b326bf1408c171d3cde512c5d0.jpg",450,300,false],"thumbnail":["https:\/\/arantv.az\/wp-content\/uploads\/2023\/11\/f55f65b326bf1408c171d3cde512c5d0-450x280.jpg",450,280,true],"medium":["https:\/\/arantv.az\/wp-content\/uploads\/2023\/11\/f55f65b326bf1408c171d3cde512c5d0.jpg",450,300,false],"large":["https:\/\/arantv.az\/wp-content\/uploads\/2023\/11\/f55f65b326bf1408c171d3cde512c5d0.jpg",450,300,false],"1536x1536":["https:\/\/arantv.az\/wp-content\/uploads\/2023\/11\/f55f65b326bf1408c171d3cde512c5d0.jpg",450,300,false],"2048x2048":["https:\/\/arantv.az\/wp-content\/uploads\/2023\/11\/f55f65b326bf1408c171d3cde512c5d0.jpg",450,300,false],"post-thumbnail":["https:\/\/arantv.az\/wp-content\/uploads\/2023\/11\/f55f65b326bf1408c171d3cde512c5d0-240x172.jpg",240,172,true],"advps-thumb-one":["https:\/\/arantv.az\/wp-content\/uploads\/2023\/11\/f55f65b326bf1408c171d3cde512c5d0.jpg",450,300,false]},"rttpg_author":{"display_name":"V\u00fcsal Rafiqo\u011flu","author_link":"https:\/\/arantv.az\/?author=2"},"rttpg_comment":0,"rttpg_category":"<a href=\"https:\/\/arantv.az\/?cat=4\" rel=\"category\">Siyas\u0259t<\/a>","rttpg_excerpt":"Konqresin Xarici \u0130\u015fl\u0259r Komit\u0259sind\u0259 \u201cQaraba\u011f\u0131n g\u0259l\u0259c\u0259yi\u201d il\u0259 ba\u011fl\u0131 q\u0259r\u0259zli m\u0259ruz\u0259 AB\u015e-Az\u0259rbaycan m\u00fcnasib\u0259tl\u0259rin\u0259 ciddi x\u0259l\u0259l g\u0259tirdi &#8211; Az\u0259rbaycan Va\u015finqton g\u00f6r\u00fc\u015f\u00fcnd\u0259n imtina etdi; deputat: \u201cBel\u0259 \u00e7\u0131x\u0131r ki, AB\u015e Qaraba\u011fda terror\u00e7ular\u0131n m\u00f6vcud olmas\u0131na \u015f\u0259rait yaratma\u011f\u0131m\u0131z\u0131 ist\u0259yirmi\u015f&#8230;\u201d Noyabr\u0131n 15-d\u0259 AB\u015e d\u00f6vl\u0259t katibinin Avropa v\u0259 Avrasiya \u00fczr\u0259 k\u00f6m\u0259k\u00e7isi Ceyms Obrayen v\u0259 USA\u0130D (AB\u015e Beyn\u0259lxalq \u0130nki\u015faf Agentliyi) r\u0259hb\u0259rinin Avropa v\u0259 Avrasiya&hellip;","_links":{"self":[{"href":"https:\/\/arantv.az\/index.php?rest_route=\/wp\/v2\/posts\/657521"}],"collection":[{"href":"https:\/\/arantv.az\/index.php?rest_route=\/wp\/v2\/posts"}],"about":[{"href":"https:\/\/arantv.az\/index.php?rest_route=\/wp\/v2\/types\/post"}],"author":[{"embeddable":true,"href":"https:\/\/arantv.az\/index.php?rest_route=\/wp\/v2\/users\/2"}],"replies":[{"embeddable":true,"href":"https:\/\/arantv.az\/index.php?rest_route=%2Fwp%2Fv2%2Fcomments&post=657521"}],"version-history":[{"count":0,"href":"https:\/\/arantv.az\/index.php?rest_route=\/wp\/v2\/posts\/657521\/revisions"}],"wp:featuredmedia":[{"embeddable":true,"href":"https:\/\/arantv.az\/index.php?rest_route=\/wp\/v2\/media\/657522"}],"wp:attachment":[{"href":"https:\/\/arantv.az\/index.php?rest_route=%2Fwp%2Fv2%2Fmedia&parent=657521"}],"wp:term":[{"taxonomy":"category","embeddable":true,"href":"https:\/\/arantv.az\/index.php?rest_route=%2Fwp%2Fv2%2Fcategories&post=657521"},{"taxonomy":"post_tag","embeddable":true,"href":"https:\/\/arantv.az\/index.php?rest_route=%2Fwp%2Fv2%2Ftags&post=657521"}],"curies":[{"name":"wp","href":"https:\/\/api.w.org\/{rel}","templated":true}]}}