{"id":657534,"date":"2023-11-17T12:54:02","date_gmt":"2023-11-17T08:54:02","guid":{"rendered":"https:\/\/arantv.az\/?p=657534"},"modified":"2023-11-17T12:54:02","modified_gmt":"2023-11-17T08:54:02","slug":"orta-d%c9%99hliz-olk%c9%99l%c9%99ri-c%c9%99rciv%c9%99-sazisi-imzalayacaqlar-aciqlama","status":"publish","type":"post","link":"https:\/\/arantv.az\/?p=657534","title":{"rendered":"Orta D\u0259hliz \u00f6lk\u0259l\u0259ri \u00c7\u0259r\u00e7iv\u0259 Sazi\u015fi imzalayacaqlar &#8211; A\u00c7IQLAMA"},"content":{"rendered":"<p>\u201cBu ilin mart ay\u0131nda Bak\u0131da Orta D\u0259hliz \u00f6lk\u0259l\u0259rinin imzalad\u0131\u011f\u0131 protokola uy\u011fun olaraq \u00c7\u0259r\u00e7iv\u0259 Sazi\u015fi\u00a0haz\u0131rlan\u0131b v\u0259 aidiyy\u0259ti \u00f6lk\u0259l\u0259r\u0259 imzalanmas\u0131 \u00fc\u00e7\u00fcn g\u00f6nd\u0259ril\u0259c\u0259k\u201d.<\/p>\n<p>\u201cReport\u201d x\u0259b\u0259r verir ki, bunu D\u00f6vl\u0259t G\u00f6mr\u00fck Komit\u0259sinin (DGK) s\u0259dr m\u00fcavini Natiq \u015eirinov \u00f6t\u0259n g\u00fcn Z\u0259ngilan \u015f\u0259h\u0259rind\u0259 i\u015f\u0259 ba\u015flam\u0131\u015f v\u0259 bu g\u00fcn i\u015fini Bak\u0131da davam etdir\u0259n \u201cBeyn\u0259lxalq n\u0259qliyyat-logistika d\u0259hlizi: Z\u0259ngilandan inki\u015faf impulslar\u0131\u201d m\u00f6vzusunda beyn\u0259lxalq konfransda bildirib.<\/p>\n<p>Onun s\u00f6zl\u0259rin\u0259 g\u00f6r\u0259, noyabr\u0131n 20-d\u0259 bununla ba\u011fl\u0131 Bak\u0131da b\u00f6y\u00fck konfrans olacaq.<\/p>\n<p>\u201cAz\u0259rbaycan\u0131n g\u00f6mr\u00fck orqanlar\u0131n\u0131n qar\u015f\u0131s\u0131nda duran m\u00fch\u00fcm v\u0259zif\u0259l\u0259rd\u0259n biri \u00f6lk\u0259nin tranzit potensial\u0131n\u0131 art\u0131rmaqla onu regionun tranzit qov\u015fa\u011f\u0131na \u00e7evirm\u0259kdir. \u018fsas beyn\u0259lxalq konvensiyalar\u0131n \u00fczv\u00fc olan Az\u0259rbaycan bu istiqam\u0259td\u0259 \u201cTranzit Konvensiyas\u0131\u201d, \u201cMallar v\u0259 Ticar\u0259td\u0259 s\u0259n\u0259dl\u0259\u015fm\u0259nin sad\u0259l\u0259\u015fdirilm\u0259si konvensiyas\u0131\u201d kimi \u00f6n\u0259mli sazi\u015fl\u0259r\u0259 qo\u015fulmaq prosesini s\u00fcr\u0259tl\u0259ndirib. Tranzit potensial\u0131n\u0131n art\u0131r\u0131lmas\u0131 \u00fc\u00e7\u00fcn at\u0131lan \u0259n m\u00fch\u00fcm add\u0131mlardan biri \u201cT\u00fcrk D\u00f6vl\u0259tl\u0259ri T\u0259\u015fkilat\u0131n\u0131n h\u00f6kum\u0259tl\u0259ri aras\u0131nda sad\u0259l\u0259\u015fdirilmi\u015f g\u00f6mr\u00fck d\u0259hlizinin yarad\u0131lmas\u0131 haqq\u0131nda\u201d\u00a0sazi\u015fin imzalanmas\u0131 olub.<\/p>\n<p>D\u0259hliz \u00fcz\u0259rind\u0259n t\u0259chizat z\u0259ncirinin art\u0131r\u0131lmas\u0131n\u0131 asanla\u015fd\u0131ran g\u00f6mr\u00fck prosedurlar\u0131n\u0131n t\u0259tbiqi qa\u00e7aqmal\u00e7\u0131l\u0131\u011f\u0131n, narkotik vasit\u0259l\u0259rinin tranzit da\u015f\u0131mas\u0131n\u0131n qar\u015f\u0131s\u0131n\u0131n al\u0131nmas\u0131na dair t\u0259dbirl\u0259ri z\u0259ruri edir v\u0259 bu m\u0259qs\u0259dl\u0259 d\u0259hliz \u00f6lk\u0259l\u0259rinin g\u00f6mr\u00fck xidm\u0259tl\u0259rinin beyn\u0259lxalq \u0259m\u0259kda\u015fl\u0131\u011f\u0131 b\u00f6y\u00fck \u0259h\u0259miyy\u0259t k\u0259sb edir. Bu bax\u0131mdan g\u00f6mr\u00fck orqanlar\u0131n\u0131n d\u0259hliz boyu ticar\u0259tin geni\u015fl\u0259ndirilm\u0259sin\u0259 \u0259n b\u00f6y\u00fck t\u00f6hf\u0259si tranzit da\u015f\u0131malar\u0131na aid m\u0259lumatlar\u0131n \u00f6nc\u0259d\u0259n m\u00fcbadil\u0259sini t\u0259min edilm\u0259si v\u0259 elektron g\u00f6mr\u00fck qeydiyyat portal\u0131n\u0131n yarad\u0131lmas\u0131 olacaq\u201d, &#8211; dey\u0259 o qeyd edib.<\/p>\n","protected":false},"excerpt":{"rendered":"<p>\u201cBu ilin mart ay\u0131nda Bak\u0131da Orta D\u0259hliz \u00f6lk\u0259l\u0259rinin imzalad\u0131\u011f\u0131 protokola uy\u011fun olaraq \u00c7\u0259r\u00e7iv\u0259 Sazi\u015fi\u00a0haz\u0131rlan\u0131b v\u0259 aidiyy\u0259ti \u00f6lk\u0259l\u0259r\u0259 imzalanmas\u0131 \u00fc\u00e7\u00fcn g\u00f6nd\u0259ril\u0259c\u0259k\u201d. \u201cReport\u201d x\u0259b\u0259r verir ki, bunu D\u00f6vl\u0259t G\u00f6mr\u00fck Komit\u0259sinin (DGK) s\u0259dr m\u00fcavini Natiq \u015eirinov \u00f6t\u0259n g\u00fcn Z\u0259ngilan \u015f\u0259h\u0259rind\u0259 i\u015f\u0259 ba\u015flam\u0131\u015f v\u0259 bu g\u00fcn i\u015fini Bak\u0131da davam etdir\u0259n \u201cBeyn\u0259lxalq n\u0259qliyyat-logistika d\u0259hlizi: Z\u0259ngilandan inki\u015faf impulslar\u0131\u201d m\u00f6vzusunda beyn\u0259lxalq konfransda bildirib. Onun s\u00f6zl\u0259rin\u0259 g\u00f6r\u0259, noyabr\u0131n 20-d\u0259 bununla ba\u011fl\u0131 Bak\u0131da b\u00f6y\u00fck konfrans olacaq. \u201cAz\u0259rbaycan\u0131n g\u00f6mr\u00fck orqanlar\u0131n\u0131n qar\u015f\u0131s\u0131nda duran m\u00fch\u00fcm v\u0259zif\u0259l\u0259rd\u0259n biri \u00f6lk\u0259nin tranzit potensial\u0131n\u0131 art\u0131rmaqla onu regionun tranzit qov\u015fa\u011f\u0131na \u00e7evirm\u0259kdir. \u018fsas beyn\u0259lxalq konvensiyalar\u0131n \u00fczv\u00fc olan Az\u0259rbaycan&hellip;<\/p>\n","protected":false},"author":2,"featured_media":577434,"comment_status":"closed","ping_status":"closed","sticky":false,"template":"","format":"standard","meta":{"om_disable_all_campaigns":false,"_monsterinsights_skip_tracking":false,"_monsterinsights_sitenote_active":false,"_monsterinsights_sitenote_note":"","_monsterinsights_sitenote_category":0},"categories":[19],"tags":[],"aioseo_notices":[],"gutentor_comment":0,"rttpg_featured_image_url":{"full":["https:\/\/arantv.az\/wp-content\/uploads\/2023\/03\/1635404882_teyinat-imza-serencam.jpg",620,413,false],"landscape":["https:\/\/arantv.az\/wp-content\/uploads\/2023\/03\/1635404882_teyinat-imza-serencam.jpg",620,413,false],"portraits":["https:\/\/arantv.az\/wp-content\/uploads\/2023\/03\/1635404882_teyinat-imza-serencam.jpg",620,413,false],"thumbnail":["https:\/\/arantv.az\/wp-content\/uploads\/2023\/03\/1635404882_teyinat-imza-serencam-500x280.jpg",500,280,true],"medium":["https:\/\/arantv.az\/wp-content\/uploads\/2023\/03\/1635404882_teyinat-imza-serencam-548x365.jpg",548,365,true],"large":["https:\/\/arantv.az\/wp-content\/uploads\/2023\/03\/1635404882_teyinat-imza-serencam.jpg",620,413,false],"1536x1536":["https:\/\/arantv.az\/wp-content\/uploads\/2023\/03\/1635404882_teyinat-imza-serencam.jpg",620,413,false],"2048x2048":["https:\/\/arantv.az\/wp-content\/uploads\/2023\/03\/1635404882_teyinat-imza-serencam.jpg",620,413,false],"post-thumbnail":["https:\/\/arantv.az\/wp-content\/uploads\/2023\/03\/1635404882_teyinat-imza-serencam-240x172.jpg",240,172,true],"advps-thumb-one":["https:\/\/arantv.az\/wp-content\/uploads\/2023\/03\/1635404882_teyinat-imza-serencam.jpg",620,413,false]},"rttpg_author":{"display_name":"V\u00fcsal Rafiqo\u011flu","author_link":"https:\/\/arantv.az\/?author=2"},"rttpg_comment":0,"rttpg_category":"<a href=\"https:\/\/arantv.az\/?cat=19\" rel=\"category\">G\u00fcnd\u0259m<\/a>","rttpg_excerpt":"\u201cBu ilin mart ay\u0131nda Bak\u0131da Orta D\u0259hliz \u00f6lk\u0259l\u0259rinin imzalad\u0131\u011f\u0131 protokola uy\u011fun olaraq \u00c7\u0259r\u00e7iv\u0259 Sazi\u015fi\u00a0haz\u0131rlan\u0131b v\u0259 aidiyy\u0259ti \u00f6lk\u0259l\u0259r\u0259 imzalanmas\u0131 \u00fc\u00e7\u00fcn g\u00f6nd\u0259ril\u0259c\u0259k\u201d. \u201cReport\u201d x\u0259b\u0259r verir ki, bunu D\u00f6vl\u0259t G\u00f6mr\u00fck Komit\u0259sinin (DGK) s\u0259dr m\u00fcavini Natiq \u015eirinov \u00f6t\u0259n g\u00fcn Z\u0259ngilan \u015f\u0259h\u0259rind\u0259 i\u015f\u0259 ba\u015flam\u0131\u015f v\u0259 bu g\u00fcn i\u015fini Bak\u0131da davam etdir\u0259n \u201cBeyn\u0259lxalq n\u0259qliyyat-logistika d\u0259hlizi: Z\u0259ngilandan inki\u015faf impulslar\u0131\u201d m\u00f6vzusunda beyn\u0259lxalq konfransda&hellip;","_links":{"self":[{"href":"https:\/\/arantv.az\/index.php?rest_route=\/wp\/v2\/posts\/657534"}],"collection":[{"href":"https:\/\/arantv.az\/index.php?rest_route=\/wp\/v2\/posts"}],"about":[{"href":"https:\/\/arantv.az\/index.php?rest_route=\/wp\/v2\/types\/post"}],"author":[{"embeddable":true,"href":"https:\/\/arantv.az\/index.php?rest_route=\/wp\/v2\/users\/2"}],"replies":[{"embeddable":true,"href":"https:\/\/arantv.az\/index.php?rest_route=%2Fwp%2Fv2%2Fcomments&post=657534"}],"version-history":[{"count":0,"href":"https:\/\/arantv.az\/index.php?rest_route=\/wp\/v2\/posts\/657534\/revisions"}],"wp:featuredmedia":[{"embeddable":true,"href":"https:\/\/arantv.az\/index.php?rest_route=\/wp\/v2\/media\/577434"}],"wp:attachment":[{"href":"https:\/\/arantv.az\/index.php?rest_route=%2Fwp%2Fv2%2Fmedia&parent=657534"}],"wp:term":[{"taxonomy":"category","embeddable":true,"href":"https:\/\/arantv.az\/index.php?rest_route=%2Fwp%2Fv2%2Fcategories&post=657534"},{"taxonomy":"post_tag","embeddable":true,"href":"https:\/\/arantv.az\/index.php?rest_route=%2Fwp%2Fv2%2Ftags&post=657534"}],"curies":[{"name":"wp","href":"https:\/\/api.w.org\/{rel}","templated":true}]}}