{"id":657544,"date":"2023-11-17T12:56:37","date_gmt":"2023-11-17T08:56:37","guid":{"rendered":"https:\/\/arantv.az\/?p=657544"},"modified":"2023-11-17T12:56:37","modified_gmt":"2023-11-17T08:56:37","slug":"h%c9%99mid-h%c9%99midov-abs-dovl%c9%99t-katibinin-kom%c9%99kcisinin-az%c9%99rbaycan-%c9%99leyhin%c9%99-b%c9%99yanatlarina-munasib%c9%99t-bildirdi-video","status":"publish","type":"post","link":"https:\/\/arantv.az\/?p=657544","title":{"rendered":"H\u0259mid H\u0259midov AB\u015e d\u00f6vl\u0259t katibinin k\u00f6m\u0259k\u00e7isinin Az\u0259rbaycan \u0259leyhin\u0259 b\u0259yanatlar\u0131na m\u00fcnasib\u0259t bildirdi &#8211; V\u0130DEO"},"content":{"rendered":"<p>AB\u015e d\u00f6vl\u0259t katibinin Avropa v\u0259 Avrasiya m\u0259s\u0259l\u0259l\u0259ri \u00fczr\u0259 k\u00f6m\u0259k\u00e7isi Ceyms O-Brayn m\u00f6vcud olmayan, ancaq amerikal\u0131lar t\u0259r\u0259find\u0259n n\u0259d\u0259ns\u0259 \u201cDa\u011fl\u0131q Qaraba\u011f\u201d adland\u0131r\u0131lan qurumun \u201cg\u0259l\u0259c\u0259yi\u201d bar\u0259d\u0259 N\u00fcmay\u0259nd\u0259l\u0259r Palatas\u0131nda dinl\u0259m\u0259l\u0259r zaman\u0131 Az\u0259rbaycan\u0131n sentyabr\u0131n 19-da ke\u00e7irdiyi lokal antiterror t\u0259dbirl\u0259rind\u0259n sonra Va\u015finqtonun Bak\u0131ya m\u00fcnasib\u0259tind\u0259n dan\u0131\u015f\u0131b. Onun s\u00f6zl\u0259rin\u0259 g\u00f6r\u0259, bu s\u0259b\u0259bd\u0259n bir s\u0131ra y\u00fcks\u0259kr\u00fctb\u0259li \u015f\u0259xsl\u0259rin s\u0259f\u0259rl\u0259ri t\u0259xir\u0259 sal\u0131n\u0131b. O-Brayn bunun b\u0259rpa edilm\u0259sinin \u015f\u0259rtinin amerikal\u0131lar\u0131n s\u00fclh istiqam\u0259tind\u0259 ir\u0259lil\u0259yi\u015fi\u00a0g\u00f6rm\u0259li oldu\u011funu bildirib.<\/p>\n<p>S\u00f6z\u00fcged\u0259n m\u0259s\u0259l\u0259 il\u0259 \u0259laq\u0259dar d\u0259rhal bir ne\u00e7\u0259 sual ortaya \u00e7\u0131x\u0131r: Birincisi, AB\u015e Administrasiyas\u0131n\u0131n n\u00fcmay\u0259nd\u0259l\u0259ri hans\u0131 s\u0259b\u0259bd\u0259n bu q\u0259d\u0259r absurd m\u00f6vzu \u00fc\u00e7\u00fcn diskussiyalar t\u0259\u015fkil etm\u0259k q\u0259rar\u0131na g\u0259libl\u0259r? \u00dcmumilikd\u0259 is\u0259 maraql\u0131d\u0131r &#8211; Bak\u0131 il\u0259 Va\u015finqton aras\u0131nda m\u00fcnasib\u0259tl\u0259rin dondurulmas\u0131 kim\u0259 s\u0259rf\u0259lidir? H\u0259m\u00e7inin AB\u015e m\u00fcnasib\u0259tl\u0259rd\u0259 fasil\u0259 il\u0259 C\u0259nubi Qafqaz regionunda \u00f6z maraqlar\u0131n\u0131 nec\u0259 t\u0259min etm\u0259k fikrind\u0259dir?<\/p>\n<p>\u201cGlobal Media Group\u201dun media direktoru, tan\u0131nm\u0131\u015f jurnalist H\u0259mid H\u0259midov bununla ba\u011fl\u0131 fikirl\u0259rini Baku TV il\u0259 b\u00f6l\u00fc\u015f\u00fcb.<\/p>\n<p>Onun s\u00f6zl\u0259rin\u0259 g\u00f6r\u0259, bu dinl\u0259m\u0259l\u0259r az\u0259rbaycanl\u0131lar aras\u0131nda ancaq g\u00fcl\u00fc\u015f\u0259 s\u0259b\u0259b olub:<\/p>\n<p>\u201c\u00c7\u00fcnki bu dinl\u0259m\u0259l\u0259ri n\u0259inki obyektiv adland\u0131rmaq olmaz, h\u0259tta buna ciddi yana\u015fmaq al\u0131nm\u0131r. Orada \u00e7\u0131x\u0131\u015f ed\u0259n insanlar, s\u0259sl\u0259ndiril\u0259n tezisl\u0259r ancaq bir d\u00fc\u015f\u00fcnc\u0259 yarad\u0131r ki, b\u00fct\u00fcn bunlar q\u0259r\u0259zlidir, Az\u0259rbaycan\u0131n \u0259leyhin\u0259dir v\u0259 Az\u0259rbaycanla Erm\u0259nistan aras\u0131nda h\u0259qiq\u0259td\u0259 n\u0259l\u0259r olub, n\u0259 ba\u015f verir v\u0259 n\u0259l\u0259r ola bil\u0259c\u0259yini real ara\u015fd\u0131rmaq ist\u0259yi yoxdur\u201d.<\/p>\n<p>H.H\u0259midovun fikrinc\u0259, amerikal\u0131lar\u0131n bel\u0259 m\u00fcnasib\u0259tin\u0259 s\u0259b\u0259b lokal antiterror t\u0259dbirl\u0259rini \u201cba\u011f\u0131\u015flaya\u201d bilm\u0259m\u0259l\u0259ridir:<\/p>\n<p>\u201cH\u0259mi\u015f\u0259 oldu\u011fu kimi d\u00fczg\u00fcn hesab etdiyimiz \u015f\u0259kild\u0259, \u00f6z irad\u0259mizl\u0259 t\u0259dbir\u0259 q\u0259rar verildi, m\u00f6ht\u0259\u015f\u0259m \u015f\u0259kild\u0259 h\u0259yata ke\u00e7irildi v\u0259 Az\u0259rbaycan\u0131n suverenliyi tam b\u0259rpa edildi. Va\u015finqton n\u0259d\u0259ns\u0259 el\u0259 hesab edir ki, biz bunu raz\u0131la\u015fd\u0131rmal\u0131yd\u0131q, icaz\u0259 almal\u0131yd\u0131q. Biz is\u0259 he\u00e7 kimd\u0259n he\u00e7 n\u0259 almamal\u0131y\u0131q\u201d, &#8211; dey\u0259 jurnalist \u0259lav\u0259 edib.<\/p>\n<p>O, bu dinl\u0259m\u0259l\u0259rd\u0259 AB\u015e-d\u0259ki Erm\u0259nistan diasporunun f\u0259aliyy\u0259tini d\u0259 qeyd edib:<\/p>\n<p>\u201cOnlar se\u00e7kil\u0259r\u0259 bir il qalm\u0131\u015f bu m\u00f6vzu \u00fcz\u0259rind\u0259n oynay\u0131rlar, bu v\u0259 dig\u0259r namiz\u0259dl\u0259ri diaspor s\u0259sl\u0259ri il\u0259 \u015fantaj edirl\u0259r\u201d.<\/p>\n<p>H\u0259mid H\u0259midov amerikal\u0131lar\u0131n davran\u0131\u015f\u0131nda \u0259sas\u0259n bu iki faktorun g\u00f6r\u00fcnd\u00fcy\u00fcn\u00fc, m\u00fc\u015fahid\u0259 edildiyini vur\u011fulay\u0131b.<\/p>\n<p>\u201cHe\u00e7 kim\u0259 biz\u0259 g\u00fcc m\u00f6vqeyi n\u00fcmayi\u015f etdirm\u0259k, dikt\u0259 il\u0259 dan\u0131\u015fmaq, \u00f6z irad\u0259l\u0259rini zorla q\u0259bul etdirm\u0259k icaz\u0259si verilm\u0259yib\u201d, &#8211; dey\u0259 H.H\u0259midov q\u0259tiyy\u0259tl\u0259 bildirib.<\/p>\n<p>\u018ftrafl\u0131 s\u00fcjetd\u0259:<\/p>\n<div><iframe loading=\"lazy\" title=\"YouTube video player\" src=\"https:\/\/www.youtube.com\/embed\/jSkilH0VkaY?si=K_TEvJemOUB3wnea\" width=\"560\" height=\"315\" frameborder=\"0\" allowfullscreen=\"allowfullscreen\" data-mce-fragment=\"1\"><\/iframe><\/div>\n<p>&nbsp;<\/p>\n","protected":false},"excerpt":{"rendered":"<p>AB\u015e d\u00f6vl\u0259t katibinin Avropa v\u0259 Avrasiya m\u0259s\u0259l\u0259l\u0259ri \u00fczr\u0259 k\u00f6m\u0259k\u00e7isi Ceyms O-Brayn m\u00f6vcud olmayan, ancaq amerikal\u0131lar t\u0259r\u0259find\u0259n n\u0259d\u0259ns\u0259 \u201cDa\u011fl\u0131q Qaraba\u011f\u201d adland\u0131r\u0131lan qurumun \u201cg\u0259l\u0259c\u0259yi\u201d bar\u0259d\u0259 N\u00fcmay\u0259nd\u0259l\u0259r Palatas\u0131nda dinl\u0259m\u0259l\u0259r zaman\u0131 Az\u0259rbaycan\u0131n sentyabr\u0131n 19-da ke\u00e7irdiyi lokal antiterror t\u0259dbirl\u0259rind\u0259n sonra Va\u015finqtonun Bak\u0131ya m\u00fcnasib\u0259tind\u0259n dan\u0131\u015f\u0131b. Onun s\u00f6zl\u0259rin\u0259 g\u00f6r\u0259, bu s\u0259b\u0259bd\u0259n bir s\u0131ra y\u00fcks\u0259kr\u00fctb\u0259li \u015f\u0259xsl\u0259rin s\u0259f\u0259rl\u0259ri t\u0259xir\u0259 sal\u0131n\u0131b. O-Brayn bunun b\u0259rpa edilm\u0259sinin \u015f\u0259rtinin amerikal\u0131lar\u0131n s\u00fclh istiqam\u0259tind\u0259 ir\u0259lil\u0259yi\u015fi\u00a0g\u00f6rm\u0259li oldu\u011funu bildirib. S\u00f6z\u00fcged\u0259n m\u0259s\u0259l\u0259 il\u0259 \u0259laq\u0259dar d\u0259rhal bir ne\u00e7\u0259 sual ortaya \u00e7\u0131x\u0131r: Birincisi, AB\u015e Administrasiyas\u0131n\u0131n n\u00fcmay\u0259nd\u0259l\u0259ri hans\u0131 s\u0259b\u0259bd\u0259n bu q\u0259d\u0259r absurd m\u00f6vzu \u00fc\u00e7\u00fcn diskussiyalar t\u0259\u015fkil etm\u0259k q\u0259rar\u0131na g\u0259libl\u0259r? \u00dcmumilikd\u0259 is\u0259&hellip;<\/p>\n","protected":false},"author":2,"featured_media":657549,"comment_status":"closed","ping_status":"closed","sticky":false,"template":"","format":"standard","meta":{"om_disable_all_campaigns":false,"_monsterinsights_skip_tracking":false,"_monsterinsights_sitenote_active":false,"_monsterinsights_sitenote_note":"","_monsterinsights_sitenote_category":0},"categories":[4],"tags":[],"aioseo_notices":[],"gutentor_comment":0,"rttpg_featured_image_url":{"full":["https:\/\/arantv.az\/wp-content\/uploads\/2023\/11\/380581491_328883693231317_4434455954146484863_n.jpg",620,413,false],"landscape":["https:\/\/arantv.az\/wp-content\/uploads\/2023\/11\/380581491_328883693231317_4434455954146484863_n.jpg",620,413,false],"portraits":["https:\/\/arantv.az\/wp-content\/uploads\/2023\/11\/380581491_328883693231317_4434455954146484863_n.jpg",620,413,false],"thumbnail":["https:\/\/arantv.az\/wp-content\/uploads\/2023\/11\/380581491_328883693231317_4434455954146484863_n-500x280.jpg",500,280,true],"medium":["https:\/\/arantv.az\/wp-content\/uploads\/2023\/11\/380581491_328883693231317_4434455954146484863_n-548x365.jpg",548,365,true],"large":["https:\/\/arantv.az\/wp-content\/uploads\/2023\/11\/380581491_328883693231317_4434455954146484863_n.jpg",620,413,false],"1536x1536":["https:\/\/arantv.az\/wp-content\/uploads\/2023\/11\/380581491_328883693231317_4434455954146484863_n.jpg",620,413,false],"2048x2048":["https:\/\/arantv.az\/wp-content\/uploads\/2023\/11\/380581491_328883693231317_4434455954146484863_n.jpg",620,413,false],"post-thumbnail":["https:\/\/arantv.az\/wp-content\/uploads\/2023\/11\/380581491_328883693231317_4434455954146484863_n-240x172.jpg",240,172,true],"advps-thumb-one":["https:\/\/arantv.az\/wp-content\/uploads\/2023\/11\/380581491_328883693231317_4434455954146484863_n.jpg",620,413,false]},"rttpg_author":{"display_name":"V\u00fcsal Rafiqo\u011flu","author_link":"https:\/\/arantv.az\/?author=2"},"rttpg_comment":0,"rttpg_category":"<a href=\"https:\/\/arantv.az\/?cat=4\" rel=\"category\">Siyas\u0259t<\/a>","rttpg_excerpt":"AB\u015e d\u00f6vl\u0259t katibinin Avropa v\u0259 Avrasiya m\u0259s\u0259l\u0259l\u0259ri \u00fczr\u0259 k\u00f6m\u0259k\u00e7isi Ceyms O-Brayn m\u00f6vcud olmayan, ancaq amerikal\u0131lar t\u0259r\u0259find\u0259n n\u0259d\u0259ns\u0259 \u201cDa\u011fl\u0131q Qaraba\u011f\u201d adland\u0131r\u0131lan qurumun \u201cg\u0259l\u0259c\u0259yi\u201d bar\u0259d\u0259 N\u00fcmay\u0259nd\u0259l\u0259r Palatas\u0131nda dinl\u0259m\u0259l\u0259r zaman\u0131 Az\u0259rbaycan\u0131n sentyabr\u0131n 19-da ke\u00e7irdiyi lokal antiterror t\u0259dbirl\u0259rind\u0259n sonra Va\u015finqtonun Bak\u0131ya m\u00fcnasib\u0259tind\u0259n dan\u0131\u015f\u0131b. Onun s\u00f6zl\u0259rin\u0259 g\u00f6r\u0259, bu s\u0259b\u0259bd\u0259n bir s\u0131ra y\u00fcks\u0259kr\u00fctb\u0259li \u015f\u0259xsl\u0259rin s\u0259f\u0259rl\u0259ri t\u0259xir\u0259 sal\u0131n\u0131b. O-Brayn bunun b\u0259rpa edilm\u0259sinin&hellip;","_links":{"self":[{"href":"https:\/\/arantv.az\/index.php?rest_route=\/wp\/v2\/posts\/657544"}],"collection":[{"href":"https:\/\/arantv.az\/index.php?rest_route=\/wp\/v2\/posts"}],"about":[{"href":"https:\/\/arantv.az\/index.php?rest_route=\/wp\/v2\/types\/post"}],"author":[{"embeddable":true,"href":"https:\/\/arantv.az\/index.php?rest_route=\/wp\/v2\/users\/2"}],"replies":[{"embeddable":true,"href":"https:\/\/arantv.az\/index.php?rest_route=%2Fwp%2Fv2%2Fcomments&post=657544"}],"version-history":[{"count":0,"href":"https:\/\/arantv.az\/index.php?rest_route=\/wp\/v2\/posts\/657544\/revisions"}],"wp:featuredmedia":[{"embeddable":true,"href":"https:\/\/arantv.az\/index.php?rest_route=\/wp\/v2\/media\/657549"}],"wp:attachment":[{"href":"https:\/\/arantv.az\/index.php?rest_route=%2Fwp%2Fv2%2Fmedia&parent=657544"}],"wp:term":[{"taxonomy":"category","embeddable":true,"href":"https:\/\/arantv.az\/index.php?rest_route=%2Fwp%2Fv2%2Fcategories&post=657544"},{"taxonomy":"post_tag","embeddable":true,"href":"https:\/\/arantv.az\/index.php?rest_route=%2Fwp%2Fv2%2Ftags&post=657544"}],"curies":[{"name":"wp","href":"https:\/\/api.w.org\/{rel}","templated":true}]}}