{"id":657563,"date":"2023-11-17T13:00:29","date_gmt":"2023-11-17T09:00:29","guid":{"rendered":"https:\/\/arantv.az\/?p=657563"},"modified":"2023-11-17T13:00:29","modified_gmt":"2023-11-17T09:00:29","slug":"istanbulda-guclu-yangin-kimy%c9%99vi-madd%c9%99-anbarinda-partlayislar-olub-foto-video","status":"publish","type":"post","link":"https:\/\/arantv.az\/?p=657563","title":{"rendered":"\u0130stanbulda g\u00fccl\u00fc yan\u011f\u0131n: Kimy\u0259vi madd\u0259 anbar\u0131nda partlay\u0131\u015flar olub &#8211; FOTO\/V\u0130DEO"},"content":{"rendered":"<p>T\u00fcrkiy\u0259nin \u0130stanbul \u015f\u0259h\u0259rinin Esenyurt rayonunda kimy\u0259vi madd\u0259l\u0259rin saxlan\u0131ld\u0131\u011f\u0131 anbar\u0131nda yan\u011f\u0131n ba\u015f verib.<\/p>\n<p>M\u0259lumata g\u00f6r\u0259, yan\u011f\u0131n bir an\u0131n i\u00e7ind\u0259 b\u00fct\u00fcn anbar\u0131 b\u00fcr\u00fcy\u00fcb. Orada olan kimy\u0259vi madd\u0259l\u0259r ki\u00e7ik partlay\u0131\u015flara da s\u0259b\u0259b olub.<\/p>\n<p>Hadis\u0259 yerin\u0259 xilasetm\u0259, h\u0259kim v\u0259 polis qruplar\u0131 c\u0259lb edilib. Yan\u011f\u0131nla m\u00fcbariz\u0259 aparark\u0259n dig\u0259r rayonlardan g\u00fccl\u0259ndirm\u0259 d\u0259st\u0259l\u0259ri v\u0259 su \u00e7\u0259nl\u0259ri b\u00f6lg\u0259y\u0259 y\u00f6n\u0259ldilib. Yan\u011f\u0131n\u0131 s\u00f6nd\u00fcrm\u0259k \u00fc\u00e7\u00fcn i\u015fl\u0259r davam edir. Polis qruplar\u0131 da \u0259trafda t\u0259hl\u00fck\u0259sizlik t\u0259dbirl\u0259ri g\u00f6r\u00fcrl\u0259r.<\/p>\n<p>Yan\u011f\u0131n\u0131n ba\u015fverm\u0259 s\u0259b\u0259bi m\u0259lum deyil.<\/p>\n<div><iframe loading=\"lazy\" src=\"https:\/\/baku.tv\/embed\/107534\" width=\"560\" height=\"315\" frameborder=\"0\" allowfullscreen=\"allowfullscreen\" data-mce-fragment=\"1\"><\/iframe><\/div>\n<p>&nbsp;<\/p>\n<div class=\"gallery\">\n<div class=\"gallery-i\"><img src=\"https:\/\/cdn.oxu.az\/uploads\/W1siZiIsIjIwMjMvMTEvMTcvMTEvMTYvMjIvZjNiNGRhNmItM2M4OC00ZDgzLTljMmEtNDUxZmYwNTAzZDVlL2FhX3BpY3R1cmVfMjAyMzExMTdfMzI5MzA0NDIuanBnIl0sWyJwIiwiZW5jb2RlIiwianBnIiwiLXF1YWxpdHkgODAiXSxbInAiLCJ0aHVtYiIsIjU5MHg1OTBcdTAwM2UiXV0?sha=536b00f5d65b535a\" alt=\"\" \/><\/p>\n<div class=\"gallery-i-caption\"><\/div>\n<\/div>\n<div class=\"gallery-i\"><img src=\"https:\/\/cdn.oxu.az\/uploads\/W1siZiIsIjIwMjMvMTEvMTcvMTEvMTYvMjMvZTQ0ZDlkNmItYTZjNS00OTkzLTg4NDAtZmUyNDY0NjMyNDQyLzQwNTNfZGhhcGhvdG83LmpwZyJdLFsicCIsImVuY29kZSIsImpwZyIsIi1xdWFsaXR5IDgwIl0sWyJwIiwidGh1bWIiLCI1OTB4NTkwXHUwMDNlIl1d?sha=1b0056669ff6ccc1\" alt=\"\" \/><\/p>\n<div class=\"gallery-i-caption\"><\/div>\n<\/div>\n<\/div>\n<p>M\u0259nb\u0259: trthaber.com<\/p>\n","protected":false},"excerpt":{"rendered":"<p>T\u00fcrkiy\u0259nin \u0130stanbul \u015f\u0259h\u0259rinin Esenyurt rayonunda kimy\u0259vi madd\u0259l\u0259rin saxlan\u0131ld\u0131\u011f\u0131 anbar\u0131nda yan\u011f\u0131n ba\u015f verib. M\u0259lumata g\u00f6r\u0259, yan\u011f\u0131n bir an\u0131n i\u00e7ind\u0259 b\u00fct\u00fcn anbar\u0131 b\u00fcr\u00fcy\u00fcb. Orada olan kimy\u0259vi madd\u0259l\u0259r ki\u00e7ik partlay\u0131\u015flara da s\u0259b\u0259b olub. Hadis\u0259 yerin\u0259 xilasetm\u0259, h\u0259kim v\u0259 polis qruplar\u0131 c\u0259lb edilib. Yan\u011f\u0131nla m\u00fcbariz\u0259 aparark\u0259n dig\u0259r rayonlardan g\u00fccl\u0259ndirm\u0259 d\u0259st\u0259l\u0259ri v\u0259 su \u00e7\u0259nl\u0259ri b\u00f6lg\u0259y\u0259 y\u00f6n\u0259ldilib. Yan\u011f\u0131n\u0131 s\u00f6nd\u00fcrm\u0259k \u00fc\u00e7\u00fcn i\u015fl\u0259r davam edir. Polis qruplar\u0131 da \u0259trafda t\u0259hl\u00fck\u0259sizlik t\u0259dbirl\u0259ri g\u00f6r\u00fcrl\u0259r. Yan\u011f\u0131n\u0131n ba\u015fverm\u0259 s\u0259b\u0259bi m\u0259lum deyil. &nbsp; M\u0259nb\u0259: trthaber.com<\/p>\n","protected":false},"author":2,"featured_media":657566,"comment_status":"closed","ping_status":"closed","sticky":false,"template":"","format":"standard","meta":{"om_disable_all_campaigns":false,"_monsterinsights_skip_tracking":false,"_monsterinsights_sitenote_active":false,"_monsterinsights_sitenote_note":"","_monsterinsights_sitenote_category":0},"categories":[7],"tags":[],"aioseo_notices":[],"gutentor_comment":0,"rttpg_featured_image_url":{"full":["https:\/\/arantv.az\/wp-content\/uploads\/2023\/11\/FotoJet-23-3.jpg",620,413,false],"landscape":["https:\/\/arantv.az\/wp-content\/uploads\/2023\/11\/FotoJet-23-3.jpg",620,413,false],"portraits":["https:\/\/arantv.az\/wp-content\/uploads\/2023\/11\/FotoJet-23-3.jpg",620,413,false],"thumbnail":["https:\/\/arantv.az\/wp-content\/uploads\/2023\/11\/FotoJet-23-3-500x280.jpg",500,280,true],"medium":["https:\/\/arantv.az\/wp-content\/uploads\/2023\/11\/FotoJet-23-3-548x365.jpg",548,365,true],"large":["https:\/\/arantv.az\/wp-content\/uploads\/2023\/11\/FotoJet-23-3.jpg",620,413,false],"1536x1536":["https:\/\/arantv.az\/wp-content\/uploads\/2023\/11\/FotoJet-23-3.jpg",620,413,false],"2048x2048":["https:\/\/arantv.az\/wp-content\/uploads\/2023\/11\/FotoJet-23-3.jpg",620,413,false],"post-thumbnail":["https:\/\/arantv.az\/wp-content\/uploads\/2023\/11\/FotoJet-23-3-240x172.jpg",240,172,true],"advps-thumb-one":["https:\/\/arantv.az\/wp-content\/uploads\/2023\/11\/FotoJet-23-3.jpg",620,413,false]},"rttpg_author":{"display_name":"V\u00fcsal Rafiqo\u011flu","author_link":"https:\/\/arantv.az\/?author=2"},"rttpg_comment":0,"rttpg_category":"<a href=\"https:\/\/arantv.az\/?cat=7\" rel=\"category\">D\u00fcnya<\/a>","rttpg_excerpt":"T\u00fcrkiy\u0259nin \u0130stanbul \u015f\u0259h\u0259rinin Esenyurt rayonunda kimy\u0259vi madd\u0259l\u0259rin saxlan\u0131ld\u0131\u011f\u0131 anbar\u0131nda yan\u011f\u0131n ba\u015f verib. M\u0259lumata g\u00f6r\u0259, yan\u011f\u0131n bir an\u0131n i\u00e7ind\u0259 b\u00fct\u00fcn anbar\u0131 b\u00fcr\u00fcy\u00fcb. Orada olan kimy\u0259vi madd\u0259l\u0259r ki\u00e7ik partlay\u0131\u015flara da s\u0259b\u0259b olub. Hadis\u0259 yerin\u0259 xilasetm\u0259, h\u0259kim v\u0259 polis qruplar\u0131 c\u0259lb edilib. Yan\u011f\u0131nla m\u00fcbariz\u0259 aparark\u0259n dig\u0259r rayonlardan g\u00fccl\u0259ndirm\u0259 d\u0259st\u0259l\u0259ri v\u0259 su \u00e7\u0259nl\u0259ri b\u00f6lg\u0259y\u0259 y\u00f6n\u0259ldilib. Yan\u011f\u0131n\u0131 s\u00f6nd\u00fcrm\u0259k \u00fc\u00e7\u00fcn i\u015fl\u0259r&hellip;","_links":{"self":[{"href":"https:\/\/arantv.az\/index.php?rest_route=\/wp\/v2\/posts\/657563"}],"collection":[{"href":"https:\/\/arantv.az\/index.php?rest_route=\/wp\/v2\/posts"}],"about":[{"href":"https:\/\/arantv.az\/index.php?rest_route=\/wp\/v2\/types\/post"}],"author":[{"embeddable":true,"href":"https:\/\/arantv.az\/index.php?rest_route=\/wp\/v2\/users\/2"}],"replies":[{"embeddable":true,"href":"https:\/\/arantv.az\/index.php?rest_route=%2Fwp%2Fv2%2Fcomments&post=657563"}],"version-history":[{"count":0,"href":"https:\/\/arantv.az\/index.php?rest_route=\/wp\/v2\/posts\/657563\/revisions"}],"wp:featuredmedia":[{"embeddable":true,"href":"https:\/\/arantv.az\/index.php?rest_route=\/wp\/v2\/media\/657566"}],"wp:attachment":[{"href":"https:\/\/arantv.az\/index.php?rest_route=%2Fwp%2Fv2%2Fmedia&parent=657563"}],"wp:term":[{"taxonomy":"category","embeddable":true,"href":"https:\/\/arantv.az\/index.php?rest_route=%2Fwp%2Fv2%2Fcategories&post=657563"},{"taxonomy":"post_tag","embeddable":true,"href":"https:\/\/arantv.az\/index.php?rest_route=%2Fwp%2Fv2%2Ftags&post=657563"}],"curies":[{"name":"wp","href":"https:\/\/api.w.org\/{rel}","templated":true}]}}