{"id":657567,"date":"2023-11-17T13:01:35","date_gmt":"2023-11-17T09:01:35","guid":{"rendered":"https:\/\/arantv.az\/?p=657567"},"modified":"2023-11-17T13:01:35","modified_gmt":"2023-11-17T09:01:35","slug":"az%c9%99rbaycanda-usaq-huquqlari-il%c9%99-bagli-qanunvericiliy%c9%99-d%c9%99yisiklik-edil%c9%99c%c9%99k","status":"publish","type":"post","link":"https:\/\/arantv.az\/?p=657567","title":{"rendered":"Az\u0259rbaycanda u\u015faq h\u00fcquqlar\u0131 il\u0259 ba\u011fl\u0131 qanunvericiliy\u0259 d\u0259yi\u015fiklik edil\u0259c\u0259k"},"content":{"rendered":"<p>\u201cU\u015faq h\u00fcquqlar\u0131 haqq\u0131nda\u201d Qanun haz\u0131rda d\u0259yi\u015fiklik \u0259r\u0259f\u0259sind\u0259dir\u201d.<\/p>\n<p>\u201cReport\u201d\u00a0x\u0259b\u0259r verir ki, bunu Ail\u0259, Qad\u0131n v\u0259 U\u015faq Probleml\u0259ri \u00fczr\u0259 D\u00f6vl\u0259t Komit\u0259sinin s\u0259dri Bahar Muradova 20 Noyabr &#8211; \u00dcmumd\u00fcnya U\u015faq H\u00fcquqlar\u0131 G\u00fcn\u00fcn\u0259 h\u0259sr edilmi\u015f \u201cU\u015faq h\u00fcquqlar\u0131 tribunas\u0131\u201d m\u00f6vzusunda ke\u00e7iril\u0259n konfransda deyib.<\/p>\n<p>Onun s\u00f6zl\u0259rin\u0259 g\u00f6r\u0259, haz\u0131rda qanun layih\u0259si \u00fcz\u0259rind\u0259 i\u015fl\u0259r gedir v\u0259 s\u0259n\u0259d yax\u0131n vaxtlarda Milli M\u0259clis\u0259 t\u0259qdim edil\u0259c\u0259k.<\/p>\n","protected":false},"excerpt":{"rendered":"<p>\u201cU\u015faq h\u00fcquqlar\u0131 haqq\u0131nda\u201d Qanun haz\u0131rda d\u0259yi\u015fiklik \u0259r\u0259f\u0259sind\u0259dir\u201d. \u201cReport\u201d\u00a0x\u0259b\u0259r verir ki, bunu Ail\u0259, Qad\u0131n v\u0259 U\u015faq Probleml\u0259ri \u00fczr\u0259 D\u00f6vl\u0259t Komit\u0259sinin s\u0259dri Bahar Muradova 20 Noyabr &#8211; \u00dcmumd\u00fcnya U\u015faq H\u00fcquqlar\u0131 G\u00fcn\u00fcn\u0259 h\u0259sr edilmi\u015f \u201cU\u015faq h\u00fcquqlar\u0131 tribunas\u0131\u201d m\u00f6vzusunda ke\u00e7iril\u0259n konfransda deyib. Onun s\u00f6zl\u0259rin\u0259 g\u00f6r\u0259, haz\u0131rda qanun layih\u0259si \u00fcz\u0259rind\u0259 i\u015fl\u0259r gedir v\u0259 s\u0259n\u0259d yax\u0131n vaxtlarda Milli M\u0259clis\u0259 t\u0259qdim edil\u0259c\u0259k.<\/p>\n","protected":false},"author":2,"featured_media":330632,"comment_status":"closed","ping_status":"closed","sticky":false,"template":"","format":"standard","meta":{"om_disable_all_campaigns":false,"_monsterinsights_skip_tracking":false,"_monsterinsights_sitenote_active":false,"_monsterinsights_sitenote_note":"","_monsterinsights_sitenote_category":0},"categories":[19],"tags":[],"aioseo_notices":[],"gutentor_comment":0,"rttpg_featured_image_url":{"full":["https:\/\/arantv.az\/wp-content\/uploads\/2021\/04\/usaq_doymek_858.jpg",800,450,false],"landscape":["https:\/\/arantv.az\/wp-content\/uploads\/2021\/04\/usaq_doymek_858.jpg",800,450,false],"portraits":["https:\/\/arantv.az\/wp-content\/uploads\/2021\/04\/usaq_doymek_858.jpg",800,450,false],"thumbnail":["https:\/\/arantv.az\/wp-content\/uploads\/2021\/04\/usaq_doymek_858-500x280.jpg",500,280,true],"medium":["https:\/\/arantv.az\/wp-content\/uploads\/2021\/04\/usaq_doymek_858-649x365.jpg",649,365,true],"large":["https:\/\/arantv.az\/wp-content\/uploads\/2021\/04\/usaq_doymek_858.jpg",640,360,false],"1536x1536":["https:\/\/arantv.az\/wp-content\/uploads\/2021\/04\/usaq_doymek_858.jpg",800,450,false],"2048x2048":["https:\/\/arantv.az\/wp-content\/uploads\/2021\/04\/usaq_doymek_858.jpg",800,450,false],"post-thumbnail":["https:\/\/arantv.az\/wp-content\/uploads\/2021\/04\/usaq_doymek_858-240x172.jpg",240,172,true],"advps-thumb-one":["https:\/\/arantv.az\/wp-content\/uploads\/2021\/04\/usaq_doymek_858.jpg",800,450,false]},"rttpg_author":{"display_name":"V\u00fcsal Rafiqo\u011flu","author_link":"https:\/\/arantv.az\/?author=2"},"rttpg_comment":0,"rttpg_category":"<a href=\"https:\/\/arantv.az\/?cat=19\" rel=\"category\">G\u00fcnd\u0259m<\/a>","rttpg_excerpt":"\u201cU\u015faq h\u00fcquqlar\u0131 haqq\u0131nda\u201d Qanun haz\u0131rda d\u0259yi\u015fiklik \u0259r\u0259f\u0259sind\u0259dir\u201d. \u201cReport\u201d\u00a0x\u0259b\u0259r verir ki, bunu Ail\u0259, Qad\u0131n v\u0259 U\u015faq Probleml\u0259ri \u00fczr\u0259 D\u00f6vl\u0259t Komit\u0259sinin s\u0259dri Bahar Muradova 20 Noyabr &#8211; \u00dcmumd\u00fcnya U\u015faq H\u00fcquqlar\u0131 G\u00fcn\u00fcn\u0259 h\u0259sr edilmi\u015f \u201cU\u015faq h\u00fcquqlar\u0131 tribunas\u0131\u201d m\u00f6vzusunda ke\u00e7iril\u0259n konfransda deyib. Onun s\u00f6zl\u0259rin\u0259 g\u00f6r\u0259, haz\u0131rda qanun layih\u0259si \u00fcz\u0259rind\u0259 i\u015fl\u0259r gedir v\u0259 s\u0259n\u0259d yax\u0131n vaxtlarda Milli M\u0259clis\u0259 t\u0259qdim edil\u0259c\u0259k.","_links":{"self":[{"href":"https:\/\/arantv.az\/index.php?rest_route=\/wp\/v2\/posts\/657567"}],"collection":[{"href":"https:\/\/arantv.az\/index.php?rest_route=\/wp\/v2\/posts"}],"about":[{"href":"https:\/\/arantv.az\/index.php?rest_route=\/wp\/v2\/types\/post"}],"author":[{"embeddable":true,"href":"https:\/\/arantv.az\/index.php?rest_route=\/wp\/v2\/users\/2"}],"replies":[{"embeddable":true,"href":"https:\/\/arantv.az\/index.php?rest_route=%2Fwp%2Fv2%2Fcomments&post=657567"}],"version-history":[{"count":0,"href":"https:\/\/arantv.az\/index.php?rest_route=\/wp\/v2\/posts\/657567\/revisions"}],"wp:featuredmedia":[{"embeddable":true,"href":"https:\/\/arantv.az\/index.php?rest_route=\/wp\/v2\/media\/330632"}],"wp:attachment":[{"href":"https:\/\/arantv.az\/index.php?rest_route=%2Fwp%2Fv2%2Fmedia&parent=657567"}],"wp:term":[{"taxonomy":"category","embeddable":true,"href":"https:\/\/arantv.az\/index.php?rest_route=%2Fwp%2Fv2%2Fcategories&post=657567"},{"taxonomy":"post_tag","embeddable":true,"href":"https:\/\/arantv.az\/index.php?rest_route=%2Fwp%2Fv2%2Ftags&post=657567"}],"curies":[{"name":"wp","href":"https:\/\/api.w.org\/{rel}","templated":true}]}}