{"id":657573,"date":"2023-11-17T13:03:22","date_gmt":"2023-11-17T09:03:22","guid":{"rendered":"https:\/\/arantv.az\/?p=657573"},"modified":"2023-11-17T13:03:22","modified_gmt":"2023-11-17T09:03:22","slug":"sulh-muqavil%c9%99sind%c9%99-bakinin-yeni-s%c9%99rti","status":"publish","type":"post","link":"https:\/\/arantv.az\/?p=657573","title":{"rendered":"S\u00fclh m\u00fcqavil\u0259sind\u0259 Bak\u0131n\u0131n yeni \u015f\u0259rti"},"content":{"rendered":"<p><strong>Az\u0259rbaycan qalib \u00f6lk\u0259 oldu\u011fu \u00fc\u00e7\u00fcn \u015f\u0259rtl\u0259ri d\u0259 o dikt\u0259 etm\u0259lidir &#8211; \u0130r\u0259van iki ayd\u0131r n\u0259 cavab ver\u0259c\u0259yini d\u00fc\u015f\u00fcn\u00fcr<\/strong><\/p>\n<p><em>Sentyabr\u0131n 11-d\u0259 Az\u0259rbaycan s\u00fclh sazi\u015finin 5-ci d\u00fcz\u0259li\u015f edilmi\u015f variant\u0131n\u0131 m\u00fcvafiq izahl\u0131 qeydl\u0259ri il\u0259 birlikd\u0259 ikit\u0259r\u0259fli kanallar vasit\u0259sil\u0259 Erm\u0259nistan t\u0259r\u0259fin\u0259 \u00e7atd\u0131r\u0131b ki, Erm\u0259nistan\u0131n cavab\u0131n\u0131n tezlikl\u0259 t\u0259qdim edil\u0259c\u0259yi g\u00f6zl\u0259nilir.\u00a0<\/em><\/p>\n<p>Bunu\u00a0 Prezidentin k\u00f6m\u0259k\u00e7isi &#8211; Prezident Administrasiyas\u0131n\u0131n Xarici siyas\u0259t m\u0259s\u0259l\u0259l\u0259ri \u015f\u00f6b\u0259sinin m\u00fcdiri Hikm\u0259t Hac\u0131yev X sosial platformas\u0131nda bildirib. \u201cBu ilin sonunad\u0259k s\u00fclh m\u00fcqavil\u0259sini imzalama\u011fa haz\u0131r olmas\u0131 bar\u0259d\u0259 ictimai b\u0259yanatlar\u0131na baxmayaraq, Erm\u0259nistan t\u0259r\u0259fi s\u0259n\u0259din \u00f6z variant\u0131n\u0131 t\u0259qdim etm\u0259yi iki aydan \u00e7oxdur l\u0259ngidir. Az\u0259rbaycan t\u0259r\u0259fi d\u0259f\u0259l\u0259rl\u0259 b\u0259yan edib ki, bu, tarixi f\u00fcrs\u0259tdir v\u0259 x\u00fcsusil\u0259 Az\u0259rbaycan\u0131n suverenliyini b\u0259rpa etdikd\u0259n sonra s\u00fclh m\u00fcqavil\u0259sinin imzalanmas\u0131na he\u00e7 bir mane\u0259 yoxdur. Erm\u0259nistan\u0131n buna n\u0259 d\u0259r\u0259c\u0259d\u0259 haz\u0131r olmas\u0131 indi ciddi suallar do\u011furur. S\u00fclh m\u00fcqavil\u0259sinin m\u0259tni n\u00fcv\u0259 fizikas\u0131 deyil. Az\u0259rbaycan\u0131n t\u0259klif etdiyi beyn\u0259lxalq h\u00fcququn \u0259sas prinsipl\u0259rin\u0259 uy\u011fun olaraq, intensiv ikit\u0259r\u0259fli dan\u0131\u015f\u0131qlar yolu il\u0259 s\u00fclh sazi\u015finin m\u0259tni daha tez tamamalana bil\u0259rdi. Top indi Erm\u0259nistan\u0131n meydan\u00e7as\u0131ndad\u0131r\u201d, &#8211; dey\u0259 H.Hac\u0131yev vur\u011fulay\u0131b.<\/p>\n<p><strong>\u201cAz\u0259rbaycan son t\u0259klifl\u0259r paketind\u0259 1988-ci ild\u0259 Q\u0259rbi Az\u0259rbaycandan deportasiya olunan \u015f\u0259xsl\u0259rin geri qaytar\u0131lmas\u0131n\u0131n s\u00fclh m\u00fcqavil\u0259sind\u0259 t\u0259sbit olunmas\u0131n\u0131 t\u0259l\u0259b kimi qoyub\u201d. Teleqraf.com x\u0259b\u0259r verir ki, bunu jurnalist, siyasi \u015f\u0259rh\u00e7i As\u0259f Quliyev deyib.\u00a0<\/strong><\/p>\n<p>\u201cAz\u0259rbaycan hesab edir ki, Q\u0259rbi Az\u0259rbaycandan deportasiya olunanlar\u0131n geri qaytar\u0131lmas\u0131 regionda davaml\u0131 s\u00fclh\u00fcn t\u0259minat\u0131 ola bil\u0259r. Erm\u0259nistan is\u0259 bu \u015f\u0259rti q\u0259bul etm\u0259k ist\u0259mir. Haz\u0131rk\u0131 durumda bu \u015f\u0259rtin q\u0259bul edilm\u0259m\u0259si, paralel olaraq, Az\u0259rbaycan\u0131n Qaraba\u011f\u0131 k\u00f6n\u00fcll\u00fc t\u0259rk ed\u0259n erm\u0259nil\u0259rin geri qay\u0131tmalar\u0131 il\u0259 ba\u011fl\u0131 \u00e7a\u011f\u0131r\u0131\u015flar\u0131 Erm\u0259nistan\u0131 pat durumuna sal\u0131b. M\u0259hz buna g\u00f6r\u0259 d\u0259 Az\u0259rbaycan\u0131n t\u0259klifl\u0259rin\u0259 cavab verm\u0259kd\u0259 \u00e7\u0259tinlik \u00e7\u0259kirl\u0259r. Bak\u0131n\u0131n bu t\u0259l\u0259bi \u0130r\u0259vanda \u015fok effekti yarad\u0131b\u201d, &#8211; dey\u0259 \u015f\u0259rh\u00e7i\u00a0 bildirib.<\/p>\n<p><strong>Qeyd ed\u0259k ki, Prezident \u0130lham \u018fliyev AT\u018fT Parlament Assambleyas\u0131n\u0131n Prezidenti Pia Kauman\u0131 q\u0259bul ed\u0259rk\u0259n d\u0259 bu bar\u0259d\u0259 dan\u0131\u015f\u0131b. D\u00f6vl\u0259timizin ba\u015f\u00e7\u0131s\u0131 bildirib ki, Az\u0259rbaycan haz\u0131rda birg\u0259ya\u015fay\u0131\u015f v\u0259 geriqay\u0131tma h\u00fcququ il\u0259 \u0259laq\u0259dar ayd\u0131n v\u0259 \u015f\u0259ffaf proqram\u0131 t\u0259qdim ets\u0259 d\u0259, az\u0259rbaycanl\u0131lar\u0131n Erm\u0259nistana geri qay\u0131d\u0131\u015f\u0131 il\u0259 ba\u011fl\u0131 geriqay\u0131tma h\u00fcququnu Erm\u0259nistan inkar edir v\u0259 bununla \u0259laq\u0259dar olaraq h\u0259r hans\u0131 bir bax\u0131\u015f ortaya qoymay\u0131b.<\/strong><\/p>\n<p><strong><img loading=\"lazy\" src=\"https:\/\/cdn.trend.az\/2015\/06\/23\/fikret_yusifov_230615.jpg\" alt=\"Fikr\u0259t Yusifov: M\u00fcharib\u0259l\u0259rin v\u0259 terrorun ali m\u0259qs\u0259di - \u0130qtisadi maraqlar\" width=\"753\" height=\"547\" \/><\/strong><\/p>\n<p><strong>Fikr\u0259t Yusifov\u00a0<\/strong><\/p>\n<p>Sabiq maliyy\u0259 naziri, iqtisad\u00e7\u0131 alim Fikr\u0259t Yusifov erm\u0259nil\u0259r \u00fc\u00e7\u00fcn hesab g\u00fcn\u00fcn\u00fcn g\u0259ldiyini qeyd etdi: \u201cS\u00fclh m\u00fcqavil\u0259si indi daha \u00e7ox Erm\u0259nistana laz\u0131md\u0131r. Bu ilin sentyabr ay\u0131n\u0131n 20-d\u0259 Ordumuzun ke\u00e7irdiyi lokal antiterror t\u0259dbirind\u0259n sonra Az\u0259rbaycan\u0131 s\u00fclh m\u00fcqavil\u0259sinin n\u0259 vaxt ba\u011flanaca\u011f\u0131 narahat etmir. Az\u0259rbaycan m\u00fcnaqi\u015f\u0259d\u0259n b\u00f6y\u00fck q\u0259l\u0259b\u0259 il\u0259 \u00e7\u0131xm\u0131\u015f \u00f6lk\u0259dir v\u0259 bu s\u0259b\u0259bd\u0259n qalib \u00f6lk\u0259 kimi \u015f\u0259rtl\u0259ri d\u0259 o dikt\u0259 etm\u0259lidir. Bizim ir\u0259li s\u00fcrd\u00fcy\u00fcm\u00fcz \u015f\u0259rtl\u0259r i\u00e7\u0259risind\u0259 beyn\u0259lxalq h\u00fcququn t\u0259l\u0259bl\u0259rin\u0259 zidd ola bil\u0259c\u0259k he\u00e7 bir m\u0259qam yoxdur. Az\u0259rbaycan Erm\u0259nistan\u0131n \u0259razi b\u00fct\u00f6vl\u00fcy\u00fcn\u00fc tan\u0131y\u0131r. Lakin bura tan\u0131mayan Erm\u0259nistan\u0131n iddia etdiyi x\u0259rit\u0259l\u0259rl\u0259 m\u00fc\u0259yy\u0259n olunan \u0259razil\u0259r deyil, h\u00fcquqi \u0259saslara s\u00f6yk\u0259n\u0259n v\u0259 ger\u00e7\u0259kl\u0259ri tam ortaya qoya bil\u0259c\u0259k x\u0259rit\u0259l\u0259rl\u0259 m\u00fc\u0259yy\u0259n edil\u0259c\u0259k \u0259razil\u0259r daxil olacaq.<\/p>\n<p><strong>Az\u0259rbaycan bu g\u00fcn b\u00fct\u00fcn d\u00fcnyada 1918-1920-ci ill\u0259rd\u0259 qurulub f\u0259aliyy\u0259t g\u00f6st\u0259rmi\u015f Xalq C\u00fcmhuriyy\u0259tinin varisi kimi tan\u0131n\u0131r v\u0259 q\u0259bul edilir. Bunun bel\u0259 oldu\u011funu kim m\u00fcbahis\u0259l\u0259ndir\u0259 bil\u0259r ki? Varisi oldu\u011fumuz d\u00f6vl\u0259tin \u0259razil\u0259ri hans\u0131 \u00f6l\u00e7\u00fcl\u0259rd\u0259 olub?<\/strong>\u00a0Uzun ill\u0259r \u0259rzind\u0259 bu \u00f6l\u00e7\u00fcl\u0259rin d\u0259yi\u015fdirilm\u0259si hans\u0131 \u0259saslarla ba\u015f verib? Bir t\u0259k Mehri d\u0259hlizi Erm\u0259nistana veril\u0259rk\u0259n onun eni 10 kilometr olsa da, n\u0259d\u0259n indi onun eni 46 km-\u0259 \u00e7at\u0131r? Bu nec\u0259 v\u0259 hans\u0131 \u0259saslarla ba\u015f verib? Az\u0259rbaycan\u0131n torpaqlar\u0131 n\u0259d\u0259n bu \u015f\u0259kild\u0259 ya\u011fmalan\u0131b? Suallar \u00e7oxdur. V\u0259 indi Qalib Az\u0259rbaycan b\u00fct\u00fcn bu suallara cavab ist\u0259yir. Az\u0259rbaycan\u0131n t\u0259l\u0259bl\u0259ri tam qanunidir v\u0259 onlar tam olaraq beyn\u0259lxalq h\u00fcququn normalar\u0131 \u00e7\u0259r\u00e7iv\u0259sind\u0259dir. Bu s\u0259b\u0259bd\u0259n d\u0259 erm\u0259nil\u0259r bu g\u00fcn ciddi narahatl\u0131q ke\u00e7irirl\u0259r. Onlar ba\u015fa d\u00fc\u015f\u00fcrl\u0259r ki, indi qa\u00e7acaq he\u00e7 bir yerl\u0259ri yoxdur, zaman-zaman Az\u0259rbaycan torpaqlar\u0131n\u0131 m\u00fcxt\u0259lif yollarla ya\u011fmalayan bu \u00fczd\u0259niraqlar indi onlar\u0131n geri qaytar\u0131laca\u011f\u0131na \u015f\u00fcbh\u0259 etmirl\u0259r. El\u0259 bu s\u0259b\u0259bd\u0259n d\u0259 \u015fokdad\u0131rlar, anlaya bilmirl\u0259r ki, bunu nec\u0259 ed\u0259c\u0259kl\u0259r. Biz qanuni haqq\u0131m\u0131z\u0131 t\u0259l\u0259b edirik. B\u0259s bu yaramazlar \u00f6zg\u0259 evin\u0259 girib, sonradan ev sahibin\u0259 quyu qazaraq onu evind\u0259n \u00e7\u0131xaranda hesab g\u00fcn\u00fcn\u00fcn g\u0259l\u0259c\u0259yini d\u00fc\u015f\u00fcnm\u00fcrd\u00fcl\u0259r? \u0130ndi hesab g\u00fcn\u00fc g\u0259lib. Qaraba\u011f\u0131 t\u0259rk edib r\u0259dd oldular. \u0130ndi on ill\u0259r boyu haqq\u0131m\u0131za girib z\u0259li kimi qar\u0131\u015f-qar\u0131\u015f sorub ald\u0131qlar\u0131 torpaqlar\u0131, s\u0259rh\u0259dl\u0259ri d\u0259qiq m\u00fc\u0259yy\u0259nl\u0259\u015fdir\u0259n x\u0259rit\u0259l\u0259r \u0259sas\u0131nda bird\u0259n v\u0259 tam \u015f\u0259kild\u0259 geri qaytarmal\u0131 olacaqlar. Bu da son olmayacaq. Erm\u0259nistan vaxtil\u0259 ata-baba torpaqlar\u0131ndan qovulmu\u015f az\u0259rbaycanl\u0131lar\u0131n indiki Erm\u0259nistan \u0259razil\u0259rin\u0259 qay\u0131tmas\u0131na \u015f\u0259rait yaratmal\u0131 v\u0259 onlar\u0131n t\u0259hl\u00fck\u0259sizliyin\u0259 t\u0259minat verm\u0259lidir. \u00d6mr\u00fc boyu t\u00fcrk\u00fcn qapaz\u0131 alt\u0131nda ya\u015fam\u0131\u015f bu h\u0259\u015f\u0259ratlar, n\u0259hay\u0259t, anlayacaqlar ki, t\u00fcrk\u00fcn yax\u0131nl\u0131\u011f\u0131nda ya\u015fay\u0131b ondan bir \u00e7ox imtiyazlar \u0259ld\u0259 etm\u0259k m\u00fcmk\u00fcn olsa da, t\u00fcrkd\u0259n torpaq almaq m\u00fcmk\u00fcn deyil. \u00c7\u00fcnki t\u00fcrk laz\u0131m g\u0259l\u0259nd\u0259 \u00f6z torpaqlar\u0131n\u0131 qanla suvar\u0131b qoruya bil\u0259n bir mill\u0259tdir&#8230;&#8221;<\/p>\n<p><img src=\"https:\/\/meclis.info\/media\/deputies\/Azer_Badamov.jpg\" alt=\"Mill\u0259t v\u0259kili - Az\u0259r Badamov\" \/><\/p>\n<p><strong>Az\u0259r Badamov\u00a0<\/strong><\/p>\n<p><strong>Deputat Az\u0259r Badamov \u201cYeni M\u00fcsavat\u201da a\u00e7\u0131qlamas\u0131nda ilin sonuna q\u0259d\u0259r tarixi bir \u015fans\u0131n yaranmas\u0131ndan s\u00f6z a\u00e7d\u0131:<\/strong>\u00a0\u201cAz\u0259rbaycan \u00fc\u00e7 il \u0259vv\u0259l m\u00fcharib\u0259nin ba\u015fa \u00e7atd\u0131\u011f\u0131n\u0131 b\u0259yan edib v\u0259 Erm\u0259nistana s\u00fclh \u0259lini uzad\u0131b. Bu, bir daha \u00f6lk\u0259mizin Erm\u0259nistanla s\u00fclh m\u00fcqavil\u0259sinin imzalanmas\u0131nda daha maraql\u0131 oldu\u011funu g\u00f6st\u0259rir. Amma Erm\u0259nistan m\u00fcxt\u0259lif b\u0259han\u0259l\u0259rl\u0259 s\u00fclh m\u00fcqavil\u0259sinin imzalanmas\u0131 il\u0259 ba\u011fl\u0131 dan\u0131\u015f\u0131qlar\u0131 manipulyasiya ed\u0259r\u0259k boyun qa\u00e7\u0131r\u0131r. \u0130ndi is\u0259 Erm\u0259nistan\u0131n b\u0259han\u0259 g\u0259tirdiyi s\u0259b\u0259bl\u0259r aradan qalx\u0131b v\u0259 s\u00fclh m\u00fcqavil\u0259sinin imzalanmas\u0131 \u00fc\u00e7\u00fcn \u0259sasl\u0131 bir mane yoxdur. Ona g\u00f6r\u0259 d\u0259 Az\u0259rbaycan dan\u0131\u015fqlar\u0131n 5-ci raundunda s\u00fclh m\u00fcqavil\u0259si il\u0259 \u015f\u0259rtl\u0259rini m\u00f6vcud kanallardan istifad\u0259 etm\u0259kl\u0259 ikit\u0259r\u0259fli formada 5 sentyabrda Erm\u0259nistana verib v\u0259 cavab\u0131n\u0131 g\u00f6zl\u0259yir. Erm\u0259nistan is\u0259 Az\u0259rbaycan\u0131n t\u0259klifin\u0259 cavab verm\u0259k \u0259v\u0259zin\u0259, Q\u0259rbin \u00e7\u0259tirinin alt\u0131na ke\u00e7\u0259r\u0259k dan\u0131\u015f\u0131qlar\u0131n apar\u0131lmas\u0131 \u00fc\u00e7\u00fcn Qranada v\u0259 Br\u00fcsseld\u0259 g\u00f6r\u00fc\u015fm\u0259y\u0259 \u00e7al\u0131\u015f\u0131r. Pa\u015finyan \u00e7al\u0131\u015f\u0131r ki, Q\u0259rb platformalar\u0131nda s\u00fclh m\u00fcqavil\u0259sinin imzalanmas\u0131 il\u0259 ba\u011fl\u0131 dan\u0131\u015f\u0131qlarda prosesi \u00f6z ist\u0259kl\u0259rin\u0259 uy\u011fun t\u0259nziml\u0259sin. Amma bizim niyy\u0259timiz t\u0259miz v\u0259 a\u00e7\u0131qd\u0131r. Ona g\u00f6r\u0259 d\u0259 dan\u0131\u015f\u0131qlar\u0131n apar\u0131lmas\u0131 \u00fc\u00e7\u00fcn Q\u0259rbd\u0259 yox, m\u0259s\u0259l\u0259y\u0259 neytral m\u00fcnasib\u0259t bildiril\u0259n dig\u0259r bir platformada dan\u0131\u015f\u0131qlara davam edilsin. \u00c7\u00fcnki Fransan\u0131n d\u0259st\u0259yi il\u0259 Erm\u0259nistan\u0131n silahland\u0131r\u0131lmas\u0131na ba\u015flan\u0131l\u0131b. \u018fg\u0259r Q\u0259rb dan\u0131\u015f\u0131qlar apar\u0131lan t\u0259r\u0259fl\u0259rd\u0259n birini silahland\u0131r\u0131r v\u0259 ona \u00fcst\u00fcnl\u00fck qazand\u0131rma\u011fa \u00e7al\u0131\u015f\u0131rsa, orada hans\u0131 s\u00fclh dan\u0131\u015f\u0131qlar\u0131ndan s\u00f6hb\u0259t ged\u0259 bil\u0259r? T\u0259bii ki, bu \u00f6z\u00fc-\u00f6z\u00fcn\u00fc aldatmaqd\u0131r. Az\u0259rbaycan \u0259razi b\u00fct\u00f6vl\u00fcy\u00fcn\u00fc t\u0259min edib v\u0259 bundan sonra s\u00fclh m\u00fcqavil\u0259sinin imzalanmas\u0131na haz\u0131rd\u0131r. M\u00fczakir\u0259 m\u00f6vzular\u0131nda qa\u00e7q\u0131nlar\u0131m\u0131z\u0131n Erm\u0259nistana qay\u0131tmas\u0131 v\u0259 anklavlar\u0131n geri qaytar\u0131lmas\u0131 m\u0259s\u0259l\u0259l\u0259ri \u0259ks olunmal\u0131d\u0131r. \u00c7\u00fcnki biz davaml\u0131 s\u00fclhd\u0259n dan\u0131\u015f\u0131r\u0131qsa, g\u0259l\u0259c\u0259kd\u0259 bu s\u00fclh\u0259 t\u0259hl\u00fck\u0259 yarada bil\u0259c\u0259k h\u0259r hans\u0131 bir m\u0259s\u0259l\u0259 qalmamal\u0131d\u0131r. Ona g\u00f6r\u0259 d\u0259 t\u0259r\u0259fl\u0259r ikit\u0259r\u0259fli dan\u0131\u015f\u0131qlar\u0131n apar\u0131lmas\u0131 \u00fc\u00e7\u00fcn neytral bir platforman\u0131n se\u00e7ilm\u0259si il\u0259 ba\u011fl\u0131 raz\u0131l\u0131\u011fa g\u0259lm\u0259li v\u0259 Az\u0259rbaycan t\u0259r\u0259find\u0259n beyn\u0259lxalq h\u00fcquq prinsipl\u0259rin\u0259 uy\u011fun olaraq t\u0259klif edil\u0259n s\u00fclh m\u00fcqavil\u0259sinin m\u0259tni intensiv ikit\u0259r\u0259fli dan\u0131\u015f\u0131qlar hesab\u0131na tez bir zamanda yekunla\u015fd\u0131r\u0131lmal\u0131d\u0131r. Bel\u0259likl\u0259, bu tarixi m\u0259s\u0259l\u0259ni ilin sonuna q\u0259d\u0259r yekunla\u015fd\u0131rmaq \u015fans\u0131 yaran\u0131b. Erm\u0259nistan bu f\u00fcrs\u0259ti d\u0259y\u0259rl\u0259ndir\u0259c\u0259yi t\u0259qdird\u0259 s\u00fclh m\u00fcqavil\u0259si q\u0131sa zaman k\u0259siyind\u0259 imzana bil\u0259r\u201d.<\/p>\n","protected":false},"excerpt":{"rendered":"<p>Az\u0259rbaycan qalib \u00f6lk\u0259 oldu\u011fu \u00fc\u00e7\u00fcn \u015f\u0259rtl\u0259ri d\u0259 o dikt\u0259 etm\u0259lidir &#8211; \u0130r\u0259van iki ayd\u0131r n\u0259 cavab ver\u0259c\u0259yini d\u00fc\u015f\u00fcn\u00fcr Sentyabr\u0131n 11-d\u0259 Az\u0259rbaycan s\u00fclh sazi\u015finin 5-ci d\u00fcz\u0259li\u015f edilmi\u015f variant\u0131n\u0131 m\u00fcvafiq izahl\u0131 qeydl\u0259ri il\u0259 birlikd\u0259 ikit\u0259r\u0259fli kanallar vasit\u0259sil\u0259 Erm\u0259nistan t\u0259r\u0259fin\u0259 \u00e7atd\u0131r\u0131b ki, Erm\u0259nistan\u0131n cavab\u0131n\u0131n tezlikl\u0259 t\u0259qdim edil\u0259c\u0259yi g\u00f6zl\u0259nilir.\u00a0 Bunu\u00a0 Prezidentin k\u00f6m\u0259k\u00e7isi &#8211; Prezident Administrasiyas\u0131n\u0131n Xarici siyas\u0259t m\u0259s\u0259l\u0259l\u0259ri \u015f\u00f6b\u0259sinin m\u00fcdiri Hikm\u0259t Hac\u0131yev X sosial platformas\u0131nda bildirib. \u201cBu ilin sonunad\u0259k s\u00fclh m\u00fcqavil\u0259sini imzalama\u011fa haz\u0131r olmas\u0131 bar\u0259d\u0259 ictimai b\u0259yanatlar\u0131na baxmayaraq, Erm\u0259nistan t\u0259r\u0259fi s\u0259n\u0259din \u00f6z variant\u0131n\u0131 t\u0259qdim etm\u0259yi iki aydan \u00e7oxdur l\u0259ngidir. Az\u0259rbaycan t\u0259r\u0259fi d\u0259f\u0259l\u0259rl\u0259 b\u0259yan edib&hellip;<\/p>\n","protected":false},"author":2,"featured_media":657576,"comment_status":"closed","ping_status":"closed","sticky":false,"template":"","format":"standard","meta":{"om_disable_all_campaigns":false,"_monsterinsights_skip_tracking":false,"_monsterinsights_sitenote_active":false,"_monsterinsights_sitenote_note":"","_monsterinsights_sitenote_category":0},"categories":[4],"tags":[],"aioseo_notices":[],"gutentor_comment":0,"rttpg_featured_image_url":{"full":["https:\/\/arantv.az\/wp-content\/uploads\/2023\/11\/d98cbcfe796d28b235cb1c80324db0e7.jpg",750,422,false],"landscape":["https:\/\/arantv.az\/wp-content\/uploads\/2023\/11\/d98cbcfe796d28b235cb1c80324db0e7.jpg",750,422,false],"portraits":["https:\/\/arantv.az\/wp-content\/uploads\/2023\/11\/d98cbcfe796d28b235cb1c80324db0e7.jpg",750,422,false],"thumbnail":["https:\/\/arantv.az\/wp-content\/uploads\/2023\/11\/d98cbcfe796d28b235cb1c80324db0e7-500x280.jpg",500,280,true],"medium":["https:\/\/arantv.az\/wp-content\/uploads\/2023\/11\/d98cbcfe796d28b235cb1c80324db0e7-649x365.jpg",649,365,true],"large":["https:\/\/arantv.az\/wp-content\/uploads\/2023\/11\/d98cbcfe796d28b235cb1c80324db0e7.jpg",640,360,false],"1536x1536":["https:\/\/arantv.az\/wp-content\/uploads\/2023\/11\/d98cbcfe796d28b235cb1c80324db0e7.jpg",750,422,false],"2048x2048":["https:\/\/arantv.az\/wp-content\/uploads\/2023\/11\/d98cbcfe796d28b235cb1c80324db0e7.jpg",750,422,false],"post-thumbnail":["https:\/\/arantv.az\/wp-content\/uploads\/2023\/11\/d98cbcfe796d28b235cb1c80324db0e7-240x172.jpg",240,172,true],"advps-thumb-one":["https:\/\/arantv.az\/wp-content\/uploads\/2023\/11\/d98cbcfe796d28b235cb1c80324db0e7.jpg",750,422,false]},"rttpg_author":{"display_name":"V\u00fcsal Rafiqo\u011flu","author_link":"https:\/\/arantv.az\/?author=2"},"rttpg_comment":0,"rttpg_category":"<a href=\"https:\/\/arantv.az\/?cat=4\" rel=\"category\">Siyas\u0259t<\/a>","rttpg_excerpt":"Az\u0259rbaycan qalib \u00f6lk\u0259 oldu\u011fu \u00fc\u00e7\u00fcn \u015f\u0259rtl\u0259ri d\u0259 o dikt\u0259 etm\u0259lidir &#8211; \u0130r\u0259van iki ayd\u0131r n\u0259 cavab ver\u0259c\u0259yini d\u00fc\u015f\u00fcn\u00fcr Sentyabr\u0131n 11-d\u0259 Az\u0259rbaycan s\u00fclh sazi\u015finin 5-ci d\u00fcz\u0259li\u015f edilmi\u015f variant\u0131n\u0131 m\u00fcvafiq izahl\u0131 qeydl\u0259ri il\u0259 birlikd\u0259 ikit\u0259r\u0259fli kanallar vasit\u0259sil\u0259 Erm\u0259nistan t\u0259r\u0259fin\u0259 \u00e7atd\u0131r\u0131b ki, Erm\u0259nistan\u0131n cavab\u0131n\u0131n tezlikl\u0259 t\u0259qdim edil\u0259c\u0259yi g\u00f6zl\u0259nilir.\u00a0 Bunu\u00a0 Prezidentin k\u00f6m\u0259k\u00e7isi &#8211; Prezident Administrasiyas\u0131n\u0131n Xarici siyas\u0259t m\u0259s\u0259l\u0259l\u0259ri \u015f\u00f6b\u0259sinin&hellip;","_links":{"self":[{"href":"https:\/\/arantv.az\/index.php?rest_route=\/wp\/v2\/posts\/657573"}],"collection":[{"href":"https:\/\/arantv.az\/index.php?rest_route=\/wp\/v2\/posts"}],"about":[{"href":"https:\/\/arantv.az\/index.php?rest_route=\/wp\/v2\/types\/post"}],"author":[{"embeddable":true,"href":"https:\/\/arantv.az\/index.php?rest_route=\/wp\/v2\/users\/2"}],"replies":[{"embeddable":true,"href":"https:\/\/arantv.az\/index.php?rest_route=%2Fwp%2Fv2%2Fcomments&post=657573"}],"version-history":[{"count":0,"href":"https:\/\/arantv.az\/index.php?rest_route=\/wp\/v2\/posts\/657573\/revisions"}],"wp:featuredmedia":[{"embeddable":true,"href":"https:\/\/arantv.az\/index.php?rest_route=\/wp\/v2\/media\/657576"}],"wp:attachment":[{"href":"https:\/\/arantv.az\/index.php?rest_route=%2Fwp%2Fv2%2Fmedia&parent=657573"}],"wp:term":[{"taxonomy":"category","embeddable":true,"href":"https:\/\/arantv.az\/index.php?rest_route=%2Fwp%2Fv2%2Fcategories&post=657573"},{"taxonomy":"post_tag","embeddable":true,"href":"https:\/\/arantv.az\/index.php?rest_route=%2Fwp%2Fv2%2Ftags&post=657573"}],"curies":[{"name":"wp","href":"https:\/\/api.w.org\/{rel}","templated":true}]}}