{"id":657575,"date":"2023-11-17T13:04:24","date_gmt":"2023-11-17T09:04:24","guid":{"rendered":"https:\/\/arantv.az\/?p=657575"},"modified":"2023-11-17T13:04:24","modified_gmt":"2023-11-17T09:04:24","slug":"baki-gorus-yeri-il%c9%99-bagli-erm%c9%99nistanin-nazi-il%c9%99-oynamayacaq","status":"publish","type":"post","link":"https:\/\/arantv.az\/?p=657575","title":{"rendered":"Bak\u0131 g\u00f6r\u00fc\u015f yeri il\u0259 ba\u011fl\u0131 Erm\u0259nistan\u0131n naz\u0131 il\u0259 oynamayacaq"},"content":{"rendered":"<p><strong>\u0130r\u0259van dan\u0131\u015f\u0131qlar \u00fc\u00e7\u00fcn Moskvaya getm\u0259kd\u0259n qorxur; Q\u0259rb paytaxtlar\u0131n\u0131 is\u0259 ona g\u00f6r\u0259 ist\u0259yirl\u0259r ki&#8230;\u00a0<\/strong><\/p>\n<p><em>S\u00fclh sazi\u015fini yekunla\u015fd\u0131rmaq \u00fc\u00e7\u00fcn bu formatda dan\u0131\u015f\u0131qlar\u0131 davam etdirm\u0259y\u0259 v\u0259 m\u00fcmk\u00fcns\u0259, ilin sonuna q\u0259d\u0259r s\u00fclh sazi\u015fi imzalama\u011fa haz\u0131r\u0131q. \u201cYeni M\u00fcsavat\u201d\u0131n x\u0259b\u0259rin\u0259 g\u00f6r\u0259, bunu Erm\u0259nistan T\u0259hl\u00fck\u0259sizlik \u015euras\u0131n\u0131n katibi Armen Qriqoryan Az\u0259rbaycanla s\u00fclh dan\u0131\u015f\u0131qlar\u0131 bar\u0259d\u0259 dan\u0131\u015fark\u0259n deyib.\u00a0<\/em><\/p>\n<p>O deyib ki, Erm\u0259nistan-Az\u0259rbaycan dan\u0131\u015f\u0131qlar\u0131 tezlikl\u0259 Br\u00fcssel v\u0259 ya Va\u015finqtonda ba\u015f tuta bil\u0259r. Qriqoryan \u0259lav\u0259 edib ki, AB\u015e d\u00f6vl\u0259t katibinin x\u00fcsusi n\u00fcmay\u0259nd\u0259si Lui Bononun regiona s\u0259f\u0259rinin m\u0259qs\u0259dl\u0259rind\u0259n biri d\u0259 Va\u015finqtonda g\u00f6r\u00fc\u015f t\u0259\u015fkil etm\u0259kdir. \u0130r\u0259van r\u0259smil\u0259rinin niy\u0259 h\u0259l\u0259 d\u0259 Moskvaya getm\u0259m\u0259si il\u0259 ba\u011fl\u0131 sual\u0131 cavabland\u0131ran Qriqoryan \u201cbiz vacib hesab etdiyimiz, haz\u0131rda f\u00fcrs\u0259t g\u00f6rd\u00fcy\u00fcm\u00fcz v\u0259 ayd\u0131n t\u0259klifl\u0259r ald\u0131\u011f\u0131m\u0131z yer\u0259 gedirik\u201d deyib.<\/p>\n<p><strong>Yada salaq ki, xarici i\u015fl\u0259r nazirl\u0259ri sonuncu d\u0259f\u0259 iyunun sonunda Va\u015finqtonda \u00fc\u00e7 g\u00fcnl\u00fck dan\u0131\u015f\u0131qlar apar\u0131blar. Onlar\u0131n oktyabr ay\u0131nda regional \u201c3+3&#8243; platformas\u0131 \u00e7\u0259r\u00e7iv\u0259sind\u0259 qeyri-r\u0259smi \u0259laq\u0259si olub.<\/strong><\/p>\n<p>Moskvadan h\u0259m liderl\u0259rin, h\u0259m d\u0259 xarici i\u015fl\u0259r nazirl\u0259rinin g\u00f6r\u00fc\u015f\u00fcn\u00fcn t\u0259\u015fkili il\u0259 ba\u011fl\u0131 t\u0259klifl\u0259r ir\u0259li s\u00fcr\u00fcl\u00fcb, lakin son d\u00f6vrl\u0259rd\u0259 Erm\u0259nistanla Rusiya aras\u0131nda a\u00e7\u0131q-a\u015fkar g\u0259rgin m\u00fcnasib\u0259tl\u0259r fonunda \u0130r\u0259vandan cavab g\u0259lm\u0259yib.<\/p>\n<p><strong>\u0130r\u0259van r\u0259smil\u0259ri deyirl\u0259r ki, bu ilin iyun ay\u0131n\u0131n sonundan b\u0259ri Rusiyan\u0131n s\u00fclh m\u00fcqavil\u0259si il\u0259 ba\u011fl\u0131 yeni ideyas\u0131 yoxdur.<\/strong><\/p>\n<p>Erm\u0259nistan v\u0259 Az\u0259rbaycan liderl\u0259rinin \u0259vv\u0259l Qranada da, oktyabr\u0131n sonunda is\u0259 Br\u00fcsseld\u0259 ke\u00e7irilm\u0259si planla\u015fd\u0131r\u0131lan g\u00f6r\u00fc\u015f\u00fc Fransan\u0131n \u201cburnunu soxmas\u0131\u201d n\u0259tic\u0259sind\u0259 ba\u015f tutmam\u0131\u015fd\u0131. Az\u0259rbaycan Prezidenti \u0130lham \u018fliyev son olaraq Tiflisin vasit\u0259\u00e7iliyini t\u0259klif edib. Erm\u0259nistan\u0131n ba\u015f naziri Pa\u015finyan is\u0259 n\u0259 Tiflis variant\u0131nda, n\u0259 d\u0259 \u0130lham \u018fliyevl\u0259 t\u0259kb\u0259t\u0259k g\u00f6r\u00fc\u015fd\u0259 maraql\u0131d\u0131r.<\/p>\n<p><em>Pa\u015finyan dan\u0131\u015f\u0131qlar platformas\u0131nda Fransa kimi bir g\u00fcc\u00fcn olmas\u0131n\u0131, Az\u0259rbaycana t\u0259zyiq g\u00f6st\u0259rm\u0259sini arzulay\u0131r. Pa\u015finyan yanl\u0131\u015f olaraq inanmaq ist\u0259yir ki, Fransa ba\u015fda olmaqla, A\u0130 Az\u0259rbaycana t\u0259zyiql\u0259r, sanksiya t\u0259hdidl\u0259ri etm\u0259kl\u0259 v\u0259ziyy\u0259ti Erm\u0259nistan\u0131n xeyrin\u0259 d\u0259yi\u015f\u0259 bil\u0259r. O s\u0259b\u0259bd\u0259n Az\u0259rbaycan\u0131n t\u0259klif etdiyi ikit\u0259r\u0259fli dan\u0131\u015f\u0131qlara, bu olmasa, t\u0259r\u0259fsiz bir \u00f6lk\u0259nin vasit\u0259\u00e7iliyi il\u0259, m\u0259s\u0259l\u0259n, G\u00fcrc\u00fcstanla m\u00fczakir\u0259l\u0259rin apar\u0131lmas\u0131na raz\u0131l\u0131q vermir.\u00a0<\/em><\/p>\n<p><strong>Yeri g\u0259lmi\u015fk\u0259n, \u0130r\u0259van\u0131n Rusiya vasit\u0259\u00e7iliyin\u0259 qar\u015f\u0131 olmas\u0131 \u00f6t\u0259n ilin dekabr\u0131nda Moskvada ke\u00e7irilm\u0259si n\u0259z\u0259rd\u0259 tutulan \u00fc\u00e7t\u0259r\u0259fli g\u00f6r\u00fc\u015f\u00fc Erm\u0259nistan\u0131n xarici i\u015fl\u0259r naziri Ararat Mirzoyan\u0131n qat\u0131lmamas\u0131 da t\u0259sdiql\u0259yirdi.\u00a0<\/strong><\/p>\n<p>Prezident \u0130lham \u018fliyev is\u0259 oktyabr\u0131n 11-d\u0259 MDB-y\u0259 \u00fczv d\u00f6vl\u0259tl\u0259rin t\u0259hl\u00fck\u0259sizlik v\u0259 x\u00fcsusi xidm\u0259t orqanlar\u0131 r\u0259hb\u0259rl\u0259ri \u015euras\u0131n\u0131n 53-c\u00fc iclas\u0131n\u0131n i\u015ftirak\u00e7\u0131lar\u0131n\u0131 q\u0259bul ed\u0259rk\u0259n Erm\u0259nistan\u0131n Rusiya vasit\u0259\u00e7iliyin\u0259 qar\u015f\u0131 oldu\u011funu qeyd etmi\u015fdi. \u201cErm\u0259ni t\u0259r\u0259finin Rusiya Federasiyas\u0131n\u0131n vasit\u0259\u00e7iliyind\u0259n imtina ed\u0259c\u0259yi t\u0259qdird\u0259, d\u00fc\u015f\u00fcn\u00fcr\u0259m ki, Az\u0259rbaycanla Erm\u0259nistan\u0131n xarici i\u015fl\u0259r nazirl\u0259ri aras\u0131nda birba\u015fa dan\u0131\u015f\u0131qlar alternativ ola bil\u0259r. H\u0259r hans\u0131 dig\u0259r platformalar \u00f6z xidm\u0259tl\u0259rini t\u0259klif ed\u0259n h\u0259min \u00f6lk\u0259l\u0259rin Az\u0259rbaycana deyil, h\u0259qiq\u0259t\u0259, haql\u0131 m\u00f6vqey\u0259 v\u0259 beyn\u0259lxalq h\u00fcquqa m\u00fcnasib\u0259ti n\u0259z\u0259r\u0259 al\u0131nmaqla t\u0259r\u0259fimizd\u0259n t\u0259hlil edil\u0259c\u0259k\u201d, &#8211; Prezident \u0130lham \u018fliyev qeyd edib.<\/p>\n<p><strong>\u0130r\u0259van\u0131n Moskvan\u0131n vasit\u0259\u00e7iliyind\u0259n imtinas\u0131 \u00f6z i\u015fidir, amma bu o dem\u0259k deyil ki, Az\u0259rbaycan Erm\u0259nistan\u0131n k\u00f6nl\u00fc xo\u015f olsun dey\u0259 onun arzulad\u0131\u011f\u0131 yerd\u0259 g\u00f6r\u00fc\u015f\u0259c\u0259k. Prezidentd\u0259n yuxar\u0131da xat\u0131rlad\u0131\u011f\u0131m\u0131z sitat da bel\u0259 d\u00fc\u015f\u00fcnm\u0259y\u0259 \u0259sas verir.\u00a0<\/strong><\/p>\n<p><strong><img src=\"https:\/\/cdn.musavat.com\/news\/thumbnails\/3877b8e1b2a1a7537e72572ee693111d.jpg\" alt=\"Erm\u0259nistan\u0131 D\u018fH\u015e\u018fT g\u00f6zl\u0259yir\" \/><\/strong><\/p>\n<p><strong>Aq\u015fin K\u0259rimov\u00a0<\/strong><\/p>\n<p><strong>Siyasi \u015f\u0259rh\u00e7i Aq\u015fin K\u0259rimov s\u00fclh dan\u0131\u015f\u0131qlar\u0131n\u0131n niy\u0259 Moskvada olmamas\u0131n\u0131 Rusiya-Erm\u0259nistan \u0259laq\u0259l\u0259ri il\u0259 izah edir:<\/strong>\u00a0\u201cC\u0259nubi Qafqaz qlobal siyasi qar\u015f\u0131durmalar\u0131n qaynar n\u00f6qt\u0259l\u0259rind\u0259n birin\u0259 \u00e7evrilm\u0259k \u0259r\u0259f\u0259sind\u0259dir. \u00d6z\u00fc d\u0259 bel\u0259 bar\u0131t \u00e7\u0259ll\u0259yini odlamaq missiyas\u0131nda Erm\u0259nistan\u0131n &#8220;piyada&#8221; kimi t\u0259msil\u00e7iliyi art\u0131r. Ba\u015f nazir Nikol Pa\u015finyan Kollektiv T\u0259hl\u00fck\u0259sizlik M\u00fcqavil\u0259si T\u0259\u015fkilat\u0131n\u0131n Minskd\u0259 ke\u00e7iril\u0259c\u0259k sessiyas\u0131nda i\u015ftirakdan imtina edir, paralel olaraq Rusiyan\u0131n \u00f6lk\u0259sind\u0259ki h\u0259rbi bazas\u0131ndan tutmu\u015f dig\u0259r siyasi vektorlar\u0131na qar\u015f\u0131 geni\u015fmiqyasl\u0131 kampaniyaya start verir. \u0130ndi proqnoz do\u011fur ki, Erm\u0259nistan q\u0259rby\u00f6n\u00fcml\u00fc oriyentasiyas\u0131na sadiq qalsa, \u00f6lk\u0259 daxilind\u0259 xaotik v\u0259ziyy\u0259tin yarad\u0131lmas\u0131 \u00fc\u00e7\u00fcn d\u00fcym\u0259l\u0259r b\u0259rk s\u0131x\u0131lacaq. Bu ssenari \u00fczr\u0259 ciddilik \u0259msal\u0131n\u0131 zaman g\u00f6st\u0259r\u0259c\u0259k, lakin art\u0131q Rusiya \u00fc\u00e7\u00fcn d\u0259, Erm\u0259nistan \u00fc\u00e7\u00fcn d\u0259 ox yaydan \u00e7\u0131xm\u0131\u015f v\u0259ziyy\u0259td\u0259dir&#8221;.<\/p>\n<p>T\u0259hlil\u00e7i Asif N\u0259rimanl\u0131n\u0131n s\u00f6zl\u0259rin\u0259 g\u00f6r\u0259, Pa\u015finyan Paris S\u00fclh Forumunda \u00e7\u0131x\u0131\u015f\u0131 zaman\u0131 Az\u0259rbaycanla s\u00fclh \u00fc\u00e7\u00fcn m\u0259lum 3 prinsipi &#8211; \u0259razi b\u00fct\u00f6vl\u00fcy\u00fc, s\u0259rh\u0259din Almat\u0131 B\u0259yannam\u0259sin\u0259 uy\u011fun delimitasiyas\u0131 v\u0259 kommunikasiyan\u0131n a\u00e7\u0131lmas\u0131nda yurisdikasiya \u00e7\u0259r\u00e7iv\u0259sind\u0259 a\u00e7\u0131lmas\u0131n\u0131 (bununla d\u0259hliz m\u0259ntiqini arxa plana ke\u00e7irir) &#8211; yenid\u0259n t\u0259krarlay\u0131b: \u201cV\u0259 \u0259lav\u0259 edib ki, indi \u0259n vacib n\u00fcans Bak\u0131n\u0131n Br\u00fcsseld\u0259 art\u0131q raz\u0131la\u015fd\u0131r\u0131lm\u0131\u015f v\u0259 Mi\u015felin b\u0259yanatlar\u0131nda yer alan m\u0259s\u0259l\u0259l\u0259ri bir daha t\u0259sdiq edib-etm\u0259y\u0259c\u0259yidir. Nikol bununla yenid\u0259n planla\u015fd\u0131r\u0131lan Br\u00fcssel g\u00f6r\u00fc\u015f\u00fcnd\u0259n \u00f6nc\u0259 Bak\u0131n\u0131 dilemma qar\u015f\u0131s\u0131nda qoyma\u011fa \u00e7al\u0131\u015f\u0131r: Az\u0259rbaycan g\u00f6r\u00fc\u015f\u0259 getm\u0259s\u0259, &#8220;s\u00fclh sazi\u015find\u0259 maraql\u0131 olmayan t\u0259r\u0259f&#8221; kimi t\u0259qdim edil\u0259c\u0259k; g\u00f6r\u00fc\u015fd\u0259 i\u015ftirak ets\u0259, \u0130r\u0259van\u0131n dediyi \u00fc\u00e7 prinsipi yenid\u0259n t\u0259sdiq etm\u0259lidir&#8221;. Ekspertin fikrinc\u0259, h\u0259r\u00e7\u0259nd r\u0259smi Bak\u0131 \u00fc\u00e7\u00fcn Br\u00fcssel format\u0131 m\u00fcharib\u0259d\u0259n sonra Q\u0259rb c\u0259bh\u0259sind\u0259 Minsk Qrupunun \u201cdirildilm\u0259sin\u0259\u201d qar\u015f\u0131 alternativ xarakter da\u015f\u0131y\u0131rd\u0131 v\u0259 x\u00fcsusil\u0259 Qaraba\u011fa (erm\u0259nil\u0259rin ya\u015fad\u0131\u011f\u0131 \u0259razil\u0259r) g\u00f6r\u0259 laz\u0131m idi: \u201cQaraba\u011f m\u0259s\u0259l\u0259si tamamil\u0259 h\u0259ll edil\u0259nd\u0259n sonra s\u0259rh\u0259din nec\u0259 delimitasiyas\u0131 edilm\u0259si v\u0259 kommunikasiyan\u0131n hans\u0131 prinsipl\u0259 a\u00e7\u0131lmas\u0131 m\u0259s\u0259l\u0259sind\u0259 Q\u0259rb masas\u0131 maraqlar\u0131m\u0131za tam cavab vermir. Bundan sonra m\u0259s\u0259l\u0259l\u0259rin regional m\u00fcst\u0259vid\u0259 h\u0259lli prinsipi \u00f6n plandad\u0131r\u201d.<\/p>\n<p><img loading=\"lazy\" src=\"https:\/\/i.ytimg.com\/vi\/LdmzQ9ivtWs\/maxresdefault.jpg\" alt=\"Fransan\u0131n q\u0259r\u0259zli m\u00f6vqeyi (Murad \u00d6zkalili, M\u0259h\u0259mm\u0259d \u018fs\u0259dullazad\u0259) - ARB24  (G\u00fcnd\u0259m) - YouTube\" width=\"788\" height=\"443\" \/><\/p>\n<p><strong>M\u0259h\u0259mm\u0259d \u018fs\u0259dullazad\u0259<\/strong><\/p>\n<p><strong>Siyasi icmal\u00e7\u0131 M\u0259h\u0259mm\u0259d \u018fs\u0259dullazad\u0259 is\u0259 hesab edir ki, AB\u015e v\u0259 Avropa \u0130ttifaq\u0131 Erm\u0259nistanla Az\u0259rbaycan aras\u0131nda s\u00fclh m\u00fcqavil\u0259sinin ba\u011flanmas\u0131nda maraql\u0131 deyil:<\/strong>\u00a0\u201cFransan\u0131n t\u0259limat\u0131 il\u0259 Avropa \u0130ttifaq\u0131n\u0131n Prezidenti \u015earl Mi\u015fel, xarici siyas\u0259t v\u0259 t\u0259hl\u00fck\u0259sizlik m\u0259s\u0259l\u0259l\u0259ri \u00fczr\u0259 komissar\u0131 Cozef Borrel Az\u0259rbaycana qar\u015f\u0131 Erm\u0259nistan\u0131n avant\u00fcrist siyas\u0259tini d\u0259st\u0259kl\u0259m\u0259k kursu g\u00f6t\u00fcr\u00fcbl\u0259r. Bu ritorika il\u0259 Avropa \u0130ttifaq\u0131n\u0131n Erm\u0259nistanla Az\u0259rbaycan aras\u0131nda vasit\u0259\u00e7ilik missiyas\u0131n\u0131 praktiki \u015f\u0259kild\u0259 davam etdirm\u0259si m\u00fcmk\u00fcn deyil. \u018fg\u0259r Br\u00fcssel \u0259vv\u0259lki kursunu davam etdirs\u0259ydi, iki \u00f6lk\u0259 aras\u0131nda s\u00fclh m\u00fcqavil\u0259sinin ba\u011flanmas\u0131 yekunla\u015fa bil\u0259rdi. Avropa \u0130ttifaq\u0131 v\u0259 AB\u015e is\u0259 hesab edir ki, Erm\u0259nistana siyasi d\u0259st\u0259k verm\u0259kl\u0259, Az\u0259rbaycana t\u0259zyiq siyas\u0259ti il\u0259 C\u0259nubi Qafqazda geosiyasi m\u00f6vqel\u0259rini m\u00f6hk\u0259ml\u0259ndir\u0259c\u0259k\u201d.<\/p>\n<p><strong>Ekspertin q\u0259na\u0259tin\u0259 g\u00f6r\u0259, \u0259slind\u0259 AB\u015e v\u0259 A\u0130 s\u00fclh m\u00fcqavil\u0259sinin ba\u011flanmas\u0131 istiqam\u0259tind\u0259 real i\u015fl\u0259r g\u00f6r\u0259 bil\u0259r:<\/strong>\u00a0\u201cHaz\u0131rda Rusiyanin Erm\u0259nistanda dayaqlar\u0131 z\u0259ifl\u0259yib. Q\u0259rbin Erm\u0259nistan hakimiyy\u0259tin\u0259 kifay\u0259t q\u0259d\u0259r t\u0259sirl\u0259rini n\u0259z\u0259r\u0259 alsaq, s\u00fclh m\u00fcqavil\u0259sinin ba\u011flanmas\u0131 m\u00fcmk\u00fcnd\u00fcr. Amma izl\u0259dikl\u0259ri siyas\u0259t regionda h\u0259rbi eskalasiyaya g\u0259tirib \u00e7\u0131xaracaq bir prosesdir. Bu g\u00fcn Avropa \u0130ttifaq\u0131n\u0131n tutdu\u011fu siyasi kursla Erm\u0259nistan revan\u015fizm\u0259 d\u0259st\u0259k verir. Q\u0259rb Rusiyan\u0131 Erm\u0259nistandan uzaqla\u015fd\u0131rmaq siyas\u0259tini Az\u0259rbaycana t\u0259zyiq v\u0259 s\u00fclh\u0259 mane olacaq m\u00fcst\u0259vid\u0259 h\u0259yata ke\u00e7irir\u201d.<\/p>\n","protected":false},"excerpt":{"rendered":"<p>\u0130r\u0259van dan\u0131\u015f\u0131qlar \u00fc\u00e7\u00fcn Moskvaya getm\u0259kd\u0259n qorxur; Q\u0259rb paytaxtlar\u0131n\u0131 is\u0259 ona g\u00f6r\u0259 ist\u0259yirl\u0259r ki&#8230;\u00a0 S\u00fclh sazi\u015fini yekunla\u015fd\u0131rmaq \u00fc\u00e7\u00fcn bu formatda dan\u0131\u015f\u0131qlar\u0131 davam etdirm\u0259y\u0259 v\u0259 m\u00fcmk\u00fcns\u0259, ilin sonuna q\u0259d\u0259r s\u00fclh sazi\u015fi imzalama\u011fa haz\u0131r\u0131q. \u201cYeni M\u00fcsavat\u201d\u0131n x\u0259b\u0259rin\u0259 g\u00f6r\u0259, bunu Erm\u0259nistan T\u0259hl\u00fck\u0259sizlik \u015euras\u0131n\u0131n katibi Armen Qriqoryan Az\u0259rbaycanla s\u00fclh dan\u0131\u015f\u0131qlar\u0131 bar\u0259d\u0259 dan\u0131\u015fark\u0259n deyib.\u00a0 O deyib ki, Erm\u0259nistan-Az\u0259rbaycan dan\u0131\u015f\u0131qlar\u0131 tezlikl\u0259 Br\u00fcssel v\u0259 ya Va\u015finqtonda ba\u015f tuta bil\u0259r. Qriqoryan \u0259lav\u0259 edib ki, AB\u015e d\u00f6vl\u0259t katibinin x\u00fcsusi n\u00fcmay\u0259nd\u0259si Lui Bononun regiona s\u0259f\u0259rinin m\u0259qs\u0259dl\u0259rind\u0259n biri d\u0259 Va\u015finqtonda g\u00f6r\u00fc\u015f t\u0259\u015fkil etm\u0259kdir. \u0130r\u0259van r\u0259smil\u0259rinin niy\u0259 h\u0259l\u0259 d\u0259 Moskvaya getm\u0259m\u0259si il\u0259 ba\u011fl\u0131&hellip;<\/p>\n","protected":false},"author":2,"featured_media":657579,"comment_status":"closed","ping_status":"closed","sticky":false,"template":"","format":"standard","meta":{"om_disable_all_campaigns":false,"_monsterinsights_skip_tracking":false,"_monsterinsights_sitenote_active":false,"_monsterinsights_sitenote_note":"","_monsterinsights_sitenote_category":0},"categories":[4],"tags":[],"aioseo_notices":[],"gutentor_comment":0,"rttpg_featured_image_url":{"full":["https:\/\/arantv.az\/wp-content\/uploads\/2023\/11\/f7c01f78cbdb2fa53bd6e5339b08774d.jpg",640,344,false],"landscape":["https:\/\/arantv.az\/wp-content\/uploads\/2023\/11\/f7c01f78cbdb2fa53bd6e5339b08774d.jpg",640,344,false],"portraits":["https:\/\/arantv.az\/wp-content\/uploads\/2023\/11\/f7c01f78cbdb2fa53bd6e5339b08774d.jpg",640,344,false],"thumbnail":["https:\/\/arantv.az\/wp-content\/uploads\/2023\/11\/f7c01f78cbdb2fa53bd6e5339b08774d-500x280.jpg",500,280,true],"medium":["https:\/\/arantv.az\/wp-content\/uploads\/2023\/11\/f7c01f78cbdb2fa53bd6e5339b08774d.jpg",640,344,false],"large":["https:\/\/arantv.az\/wp-content\/uploads\/2023\/11\/f7c01f78cbdb2fa53bd6e5339b08774d.jpg",640,344,false],"1536x1536":["https:\/\/arantv.az\/wp-content\/uploads\/2023\/11\/f7c01f78cbdb2fa53bd6e5339b08774d.jpg",640,344,false],"2048x2048":["https:\/\/arantv.az\/wp-content\/uploads\/2023\/11\/f7c01f78cbdb2fa53bd6e5339b08774d.jpg",640,344,false],"post-thumbnail":["https:\/\/arantv.az\/wp-content\/uploads\/2023\/11\/f7c01f78cbdb2fa53bd6e5339b08774d-240x172.jpg",240,172,true],"advps-thumb-one":["https:\/\/arantv.az\/wp-content\/uploads\/2023\/11\/f7c01f78cbdb2fa53bd6e5339b08774d.jpg",640,344,false]},"rttpg_author":{"display_name":"V\u00fcsal Rafiqo\u011flu","author_link":"https:\/\/arantv.az\/?author=2"},"rttpg_comment":0,"rttpg_category":"<a href=\"https:\/\/arantv.az\/?cat=4\" rel=\"category\">Siyas\u0259t<\/a>","rttpg_excerpt":"\u0130r\u0259van dan\u0131\u015f\u0131qlar \u00fc\u00e7\u00fcn Moskvaya getm\u0259kd\u0259n qorxur; Q\u0259rb paytaxtlar\u0131n\u0131 is\u0259 ona g\u00f6r\u0259 ist\u0259yirl\u0259r ki&#8230;\u00a0 S\u00fclh sazi\u015fini yekunla\u015fd\u0131rmaq \u00fc\u00e7\u00fcn bu formatda dan\u0131\u015f\u0131qlar\u0131 davam etdirm\u0259y\u0259 v\u0259 m\u00fcmk\u00fcns\u0259, ilin sonuna q\u0259d\u0259r s\u00fclh sazi\u015fi imzalama\u011fa haz\u0131r\u0131q. \u201cYeni M\u00fcsavat\u201d\u0131n x\u0259b\u0259rin\u0259 g\u00f6r\u0259, bunu Erm\u0259nistan T\u0259hl\u00fck\u0259sizlik \u015euras\u0131n\u0131n katibi Armen Qriqoryan Az\u0259rbaycanla s\u00fclh dan\u0131\u015f\u0131qlar\u0131 bar\u0259d\u0259 dan\u0131\u015fark\u0259n deyib.\u00a0 O deyib ki, Erm\u0259nistan-Az\u0259rbaycan dan\u0131\u015f\u0131qlar\u0131 tezlikl\u0259 Br\u00fcssel&hellip;","_links":{"self":[{"href":"https:\/\/arantv.az\/index.php?rest_route=\/wp\/v2\/posts\/657575"}],"collection":[{"href":"https:\/\/arantv.az\/index.php?rest_route=\/wp\/v2\/posts"}],"about":[{"href":"https:\/\/arantv.az\/index.php?rest_route=\/wp\/v2\/types\/post"}],"author":[{"embeddable":true,"href":"https:\/\/arantv.az\/index.php?rest_route=\/wp\/v2\/users\/2"}],"replies":[{"embeddable":true,"href":"https:\/\/arantv.az\/index.php?rest_route=%2Fwp%2Fv2%2Fcomments&post=657575"}],"version-history":[{"count":0,"href":"https:\/\/arantv.az\/index.php?rest_route=\/wp\/v2\/posts\/657575\/revisions"}],"wp:featuredmedia":[{"embeddable":true,"href":"https:\/\/arantv.az\/index.php?rest_route=\/wp\/v2\/media\/657579"}],"wp:attachment":[{"href":"https:\/\/arantv.az\/index.php?rest_route=%2Fwp%2Fv2%2Fmedia&parent=657575"}],"wp:term":[{"taxonomy":"category","embeddable":true,"href":"https:\/\/arantv.az\/index.php?rest_route=%2Fwp%2Fv2%2Fcategories&post=657575"},{"taxonomy":"post_tag","embeddable":true,"href":"https:\/\/arantv.az\/index.php?rest_route=%2Fwp%2Fv2%2Ftags&post=657575"}],"curies":[{"name":"wp","href":"https:\/\/api.w.org\/{rel}","templated":true}]}}