{"id":657585,"date":"2023-11-17T13:06:51","date_gmt":"2023-11-17T09:06:51","guid":{"rendered":"https:\/\/arantv.az\/?p=657585"},"modified":"2023-11-17T13:06:51","modified_gmt":"2023-11-17T09:06:51","slug":"prorektorun-q%c9%99tlinin-sifarisind%c9%99-ittiham-edil%c9%99n-sabiq-rektor-nec%c9%99-saxlanilib-yeni-detallar","status":"publish","type":"post","link":"https:\/\/arantv.az\/?p=657585","title":{"rendered":"Prorektorun q\u0259tlinin sifari\u015find\u0259 ittiham edil\u0259n sabiq rektor nec\u0259 saxlan\u0131l\u0131b? &#8211; YEN\u0130 DETALLAR"},"content":{"rendered":"<p>Elm v\u0259 T\u0259hsil M\u0259rk\u0259zi \u201cT\u0259f\u0259kk\u00fcr\u201d Universitetinin m\u0259rhum prorektoru Tariyel \u018fhm\u0259dovun q\u0259tl\u0259 yetirilm\u0259si fakt\u0131 il\u0259 ba\u011fl\u0131 s\u00f6z\u00fcged\u0259n t\u0259hsil m\u00fc\u0259ssis\u0259sinin sabiq rektoru\u00a0<a href=\"https:\/\/oxu.az\/criminal\/803852\" target=\"_blank\" rel=\"noopener\">M\u00fc\u015ffiq Ataki\u015fiyev saxlan\u0131l\u0131b<\/a>. M\u0259hk\u0259m\u0259nin q\u0259rar\u0131 il\u0259 M\u00fc\u015ffiq Ataki\u015fiyev bar\u0259sind\u0259 v\u0259zif\u0259d\u0259n k\u0259narla\u015fd\u0131r\u0131lmaqla h\u0259bs q\u0259timkan t\u0259dbiri se\u00e7ilib.<\/p>\n<p>Qeyd ed\u0259k ki, sabiq rektor prorektorun q\u0259tlini bac\u0131s\u0131 o\u011flu D\u0259yan\u0259t Quliyev\u0259 sifari\u015f verib. Sonuncu is\u0259, h\u0259mk\u0259ndlisi il\u0259 \u0259lbir olaraq, Tariyel \u018fhm\u0259dovu q\u0259tl\u0259 yetirib.<\/p>\n<p>\u201cYeni Sabah\u201d M\u00fc\u015ffiq Ataki\u015fiyevin saxlan\u0131lmas\u0131 il\u0259 ba\u011fl\u0131 detallar\u0131 \u00f6yr\u0259nib.<\/p>\n<p>M\u0259lum olub ki, Ba\u015f Prokurorluq, Daxili \u0130\u015fl\u0259r Nazirliyi v\u0259 \u018fdliyy\u0259 Nazirliyinin Penitensiar Xidm\u0259ti t\u0259r\u0259find\u0259n birg\u0259 ke\u00e7iril\u0259n \u00e7oxsayl\u0131 istintaq v\u0259 \u0259m\u0259liyyat-axtar\u0131\u015f t\u0259dbirl\u0259ri n\u0259tic\u0259sind\u0259 cinay\u0259t \u0259m\u0259linin sifari\u015f \u0259sas\u0131nda t\u00f6r\u0259dilm\u0259sin\u0259 dair s\u00fcbutlar \u0259ld\u0259 edildikd\u0259n sonra M\u00fc\u015ffiq Ataki\u015fiyevin h\u0259bsin\u0259 q\u0259rar verilib.<\/p>\n<p>Sabiq rektor Az\u0259rbaycan Milli Elml\u0259r Akademiyas\u0131n\u0131n \u0130qtisadiyyat \u0130nstitutunda i\u015f ota\u011f\u0131nda saxlan\u0131l\u0131b.<\/p>\n<p>M\u0259lumat \u00fc\u00e7\u00fcn bildir\u0259k ki, M\u00fc\u015ffiq Ataki\u015fiyev 2022-ci ild\u0259n AMEA \u0130qtisadiyyat \u0130nstitutunun icra\u00e7\u0131 direktoru v\u0259zif\u0259sind\u0259 \u00e7al\u0131\u015f\u0131r. O, professor Nazim \u0130manovun r\u0259hb\u0259rlik etdiyi bu n\u0259h\u0259ng elm oca\u011f\u0131nda \u0259sas adam say\u0131l\u0131rd\u0131. \u0130nstitutun direktoru sabiq deputat Nazim \u0130manov olsa da, quruma r\u0259hb\u0259rliyi M\u00fc\u015ffiq Ataki\u015fiyev h\u0259yata ke\u00e7irirdi. Onun raz\u0131l\u0131\u011f\u0131 olmadan n\u0259 doktorluq, n\u0259 d\u0259 namiz\u0259dlik dissertasiyas\u0131n\u0131n m\u00fcdafi\u0259si m\u00fcmk\u00fcn olub. H\u0259tta kadr t\u0259yinatlar\u0131na da birba\u015fa M\u00fc\u015ffiq Ataki\u015fiyev r\u0259hb\u0259rlik edib.<\/p>\n<p>\u0130\u015f yolda\u015flar\u0131ndan biri deyib ki, M\u00fc\u015ffiq Ataki\u015fiyev saxlan\u0131laca\u011f\u0131ndan tamamil\u0259 x\u0259b\u0259rsiz olub. O, d\u00fcn\u0259n y\u00fcks\u0259k \u0259hvali-ruhiyy\u0259 il\u0259 i\u015f\u0259 g\u0259lib. \u018fn\u0259n\u0259vi tap\u015f\u0131r\u0131qlar\u0131n\u0131 ver\u0259nd\u0259n sonra 16-18 noyabr tarixl\u0259rind\u0259 \u201cBeyn\u0259lxalq n\u0259qliyyat-logistika d\u0259hlizi: Z\u0259ngilandan inki\u015faf impulslar\u0131\u201d m\u00f6vzusunda ke\u00e7iril\u0259c\u0259k beyn\u0259lxalq konfransda i\u015ftirak etm\u0259k \u00fc\u00e7\u00fcn Heyd\u0259r \u018fliyev ad\u0131na Beyn\u0259lxalq Hava Liman\u0131na yola d\u00fc\u015fm\u0259y\u0259 haz\u0131rla\u015f\u0131b. Bu vaxt h\u00fcquq-m\u00fchafiz\u0259 orqanlar\u0131n\u0131n \u0259m\u0259kda\u015flar\u0131 professorun AMEA-dak\u0131 i\u015f ota\u011f\u0131na daxil olaraq, onu h\u0259bs edibl\u0259r.<\/p>\n<p>M\u0259lumatlara g\u00f6r\u0259, M\u00fc\u015ffiq Ataki\u015fiyevin q\u0259fil h\u0259bsi \u0130qtisadiyyat \u0130nstitutunun kollektivi aras\u0131nda \u015fok effekti yarad\u0131b. Bu h\u0259bsd\u0259n \u0259n \u00e7ox narahat olan is\u0259 \u0130qtisadiyyat \u0130nstitutunun direktoru 69 ya\u015fl\u0131 professor Nazim \u0130manovdur. Qocaman professorun haz\u0131rda karyeras\u0131 il\u0259 ba\u011fl\u0131 ciddi narahatl\u0131q ke\u00e7irdiyi bildirilir.<\/p>\n","protected":false},"excerpt":{"rendered":"<p>Elm v\u0259 T\u0259hsil M\u0259rk\u0259zi \u201cT\u0259f\u0259kk\u00fcr\u201d Universitetinin m\u0259rhum prorektoru Tariyel \u018fhm\u0259dovun q\u0259tl\u0259 yetirilm\u0259si fakt\u0131 il\u0259 ba\u011fl\u0131 s\u00f6z\u00fcged\u0259n t\u0259hsil m\u00fc\u0259ssis\u0259sinin sabiq rektoru\u00a0M\u00fc\u015ffiq Ataki\u015fiyev saxlan\u0131l\u0131b. M\u0259hk\u0259m\u0259nin q\u0259rar\u0131 il\u0259 M\u00fc\u015ffiq Ataki\u015fiyev bar\u0259sind\u0259 v\u0259zif\u0259d\u0259n k\u0259narla\u015fd\u0131r\u0131lmaqla h\u0259bs q\u0259timkan t\u0259dbiri se\u00e7ilib. Qeyd ed\u0259k ki, sabiq rektor prorektorun q\u0259tlini bac\u0131s\u0131 o\u011flu D\u0259yan\u0259t Quliyev\u0259 sifari\u015f verib. Sonuncu is\u0259, h\u0259mk\u0259ndlisi il\u0259 \u0259lbir olaraq, Tariyel \u018fhm\u0259dovu q\u0259tl\u0259 yetirib. \u201cYeni Sabah\u201d M\u00fc\u015ffiq Ataki\u015fiyevin saxlan\u0131lmas\u0131 il\u0259 ba\u011fl\u0131 detallar\u0131 \u00f6yr\u0259nib. M\u0259lum olub ki, Ba\u015f Prokurorluq, Daxili \u0130\u015fl\u0259r Nazirliyi v\u0259 \u018fdliyy\u0259 Nazirliyinin Penitensiar Xidm\u0259ti t\u0259r\u0259find\u0259n birg\u0259 ke\u00e7iril\u0259n \u00e7oxsayl\u0131 istintaq v\u0259 \u0259m\u0259liyyat-axtar\u0131\u015f t\u0259dbirl\u0259ri n\u0259tic\u0259sind\u0259 cinay\u0259t \u0259m\u0259linin&hellip;<\/p>\n","protected":false},"author":2,"featured_media":657588,"comment_status":"closed","ping_status":"closed","sticky":false,"template":"","format":"standard","meta":{"om_disable_all_campaigns":false,"_monsterinsights_skip_tracking":false,"_monsterinsights_sitenote_active":false,"_monsterinsights_sitenote_note":"","_monsterinsights_sitenote_category":0},"categories":[5],"tags":[],"aioseo_notices":[],"gutentor_comment":0,"rttpg_featured_image_url":{"full":["https:\/\/arantv.az\/wp-content\/uploads\/2023\/11\/MA\u00bcA_fiq_AtakiA_iyev.jpg",620,413,false],"landscape":["https:\/\/arantv.az\/wp-content\/uploads\/2023\/11\/MA\u00bcA_fiq_AtakiA_iyev.jpg",620,413,false],"portraits":["https:\/\/arantv.az\/wp-content\/uploads\/2023\/11\/MA\u00bcA_fiq_AtakiA_iyev.jpg",620,413,false],"thumbnail":["https:\/\/arantv.az\/wp-content\/uploads\/2023\/11\/MA\u00bcA_fiq_AtakiA_iyev-500x280.jpg",500,280,true],"medium":["https:\/\/arantv.az\/wp-content\/uploads\/2023\/11\/MA\u00bcA_fiq_AtakiA_iyev-548x365.jpg",548,365,true],"large":["https:\/\/arantv.az\/wp-content\/uploads\/2023\/11\/MA\u00bcA_fiq_AtakiA_iyev.jpg",620,413,false],"1536x1536":["https:\/\/arantv.az\/wp-content\/uploads\/2023\/11\/MA\u00bcA_fiq_AtakiA_iyev.jpg",620,413,false],"2048x2048":["https:\/\/arantv.az\/wp-content\/uploads\/2023\/11\/MA\u00bcA_fiq_AtakiA_iyev.jpg",620,413,false],"post-thumbnail":["https:\/\/arantv.az\/wp-content\/uploads\/2023\/11\/MA\u00bcA_fiq_AtakiA_iyev-240x172.jpg",240,172,true],"advps-thumb-one":["https:\/\/arantv.az\/wp-content\/uploads\/2023\/11\/MA\u00bcA_fiq_AtakiA_iyev.jpg",620,413,false]},"rttpg_author":{"display_name":"V\u00fcsal Rafiqo\u011flu","author_link":"https:\/\/arantv.az\/?author=2"},"rttpg_comment":0,"rttpg_category":"<a href=\"https:\/\/arantv.az\/?cat=5\" rel=\"category\">Hadis\u0259<\/a>","rttpg_excerpt":"Elm v\u0259 T\u0259hsil M\u0259rk\u0259zi \u201cT\u0259f\u0259kk\u00fcr\u201d Universitetinin m\u0259rhum prorektoru Tariyel \u018fhm\u0259dovun q\u0259tl\u0259 yetirilm\u0259si fakt\u0131 il\u0259 ba\u011fl\u0131 s\u00f6z\u00fcged\u0259n t\u0259hsil m\u00fc\u0259ssis\u0259sinin sabiq rektoru\u00a0M\u00fc\u015ffiq Ataki\u015fiyev saxlan\u0131l\u0131b. M\u0259hk\u0259m\u0259nin q\u0259rar\u0131 il\u0259 M\u00fc\u015ffiq Ataki\u015fiyev bar\u0259sind\u0259 v\u0259zif\u0259d\u0259n k\u0259narla\u015fd\u0131r\u0131lmaqla h\u0259bs q\u0259timkan t\u0259dbiri se\u00e7ilib. Qeyd ed\u0259k ki, sabiq rektor prorektorun q\u0259tlini bac\u0131s\u0131 o\u011flu D\u0259yan\u0259t Quliyev\u0259 sifari\u015f verib. Sonuncu is\u0259, h\u0259mk\u0259ndlisi il\u0259 \u0259lbir olaraq, Tariyel \u018fhm\u0259dovu&hellip;","_links":{"self":[{"href":"https:\/\/arantv.az\/index.php?rest_route=\/wp\/v2\/posts\/657585"}],"collection":[{"href":"https:\/\/arantv.az\/index.php?rest_route=\/wp\/v2\/posts"}],"about":[{"href":"https:\/\/arantv.az\/index.php?rest_route=\/wp\/v2\/types\/post"}],"author":[{"embeddable":true,"href":"https:\/\/arantv.az\/index.php?rest_route=\/wp\/v2\/users\/2"}],"replies":[{"embeddable":true,"href":"https:\/\/arantv.az\/index.php?rest_route=%2Fwp%2Fv2%2Fcomments&post=657585"}],"version-history":[{"count":0,"href":"https:\/\/arantv.az\/index.php?rest_route=\/wp\/v2\/posts\/657585\/revisions"}],"wp:featuredmedia":[{"embeddable":true,"href":"https:\/\/arantv.az\/index.php?rest_route=\/wp\/v2\/media\/657588"}],"wp:attachment":[{"href":"https:\/\/arantv.az\/index.php?rest_route=%2Fwp%2Fv2%2Fmedia&parent=657585"}],"wp:term":[{"taxonomy":"category","embeddable":true,"href":"https:\/\/arantv.az\/index.php?rest_route=%2Fwp%2Fv2%2Fcategories&post=657585"},{"taxonomy":"post_tag","embeddable":true,"href":"https:\/\/arantv.az\/index.php?rest_route=%2Fwp%2Fv2%2Ftags&post=657585"}],"curies":[{"name":"wp","href":"https:\/\/api.w.org\/{rel}","templated":true}]}}