{"id":657592,"date":"2023-11-17T13:08:31","date_gmt":"2023-11-17T09:08:31","guid":{"rendered":"https:\/\/arantv.az\/?p=657592"},"modified":"2023-11-17T13:08:31","modified_gmt":"2023-11-17T09:08:31","slug":"azad-edilmis-%c9%99razil%c9%99rd%c9%99-yaxin-vaxtlarda-dovl%c9%99t-komit%c9%99sinin-xidm%c9%99t-bolm%c9%99l%c9%99ri-istifad%c9%99y%c9%99-veril%c9%99c%c9%99k","status":"publish","type":"post","link":"https:\/\/arantv.az\/?p=657592","title":{"rendered":"Azad edilmi\u015f \u0259razil\u0259rd\u0259 yax\u0131n vaxtlarda D\u00f6vl\u0259t Komit\u0259sinin xidm\u0259t b\u00f6lm\u0259l\u0259ri istifad\u0259y\u0259 veril\u0259c\u0259k"},"content":{"rendered":"<p>\u201cYax\u0131n vaxtlarda azad edilmi\u015f \u0259razil\u0259rd\u0259 D\u00f6vl\u0259t Komit\u0259sinin xidm\u0259t b\u00f6lm\u0259l\u0259ri istifad\u0259y\u0259 veril\u0259c\u0259k\u201d.<\/p>\n<p>\u201cReport\u201d\u00a0x\u0259b\u0259r verir ki, bu bar\u0259d\u0259 Ail\u0259, Qad\u0131n v\u0259 U\u015faq Probleml\u0259ri \u00fczr\u0259 D\u00f6vl\u0259t Komit\u0259sinin s\u0259dri Bahar Muradova jurnalistl\u0259r\u0259 a\u00e7\u0131qlamas\u0131nda m\u0259lumat verib.<\/p>\n<p>O, D\u00f6vl\u0259t Komit\u0259sinin azad edilmi\u015f \u0259razil\u0259rd\u0259 m\u00fcvafiq xidm\u0259t b\u00f6lm\u0259l\u0259rini t\u0259\u015fkil etm\u0259k niyy\u0259tind\u0259 olduqlar\u0131n\u0131 bildirib:<\/p>\n<p>\u201cB\u00f6y\u00fck Qay\u0131d\u0131\u015f\u00a0proqram\u0131nda bununla ba\u011fl\u0131 m\u00fcdd\u0259alar var v\u0259 t\u0259r\u0259fimizd\u0259n buna uy\u011fun olaraq i\u015fl\u0259r apar\u0131l\u0131r. Qaraba\u011fda m\u00fcvafiq m\u0259rk\u0259zl\u0259rin a\u00e7\u0131lmas\u0131 plana daxil edilib. Haz\u0131rda onlar\u0131n \u00fcz\u0259rind\u0259 i\u015fl\u0259yirik. Y\u0259qin ki, yax\u0131n vaxtlarda onlar\u0131n istifad\u0259y\u0259 verilm\u0259sinin \u015fahidi olacaqs\u0131n\u0131z\u201d.<\/p>\n","protected":false},"excerpt":{"rendered":"<p>\u201cYax\u0131n vaxtlarda azad edilmi\u015f \u0259razil\u0259rd\u0259 D\u00f6vl\u0259t Komit\u0259sinin xidm\u0259t b\u00f6lm\u0259l\u0259ri istifad\u0259y\u0259 veril\u0259c\u0259k\u201d. \u201cReport\u201d\u00a0x\u0259b\u0259r verir ki, bu bar\u0259d\u0259 Ail\u0259, Qad\u0131n v\u0259 U\u015faq Probleml\u0259ri \u00fczr\u0259 D\u00f6vl\u0259t Komit\u0259sinin s\u0259dri Bahar Muradova jurnalistl\u0259r\u0259 a\u00e7\u0131qlamas\u0131nda m\u0259lumat verib. O, D\u00f6vl\u0259t Komit\u0259sinin azad edilmi\u015f \u0259razil\u0259rd\u0259 m\u00fcvafiq xidm\u0259t b\u00f6lm\u0259l\u0259rini t\u0259\u015fkil etm\u0259k niyy\u0259tind\u0259 olduqlar\u0131n\u0131 bildirib: \u201cB\u00f6y\u00fck Qay\u0131d\u0131\u015f\u00a0proqram\u0131nda bununla ba\u011fl\u0131 m\u00fcdd\u0259alar var v\u0259 t\u0259r\u0259fimizd\u0259n buna uy\u011fun olaraq i\u015fl\u0259r apar\u0131l\u0131r. Qaraba\u011fda m\u00fcvafiq m\u0259rk\u0259zl\u0259rin a\u00e7\u0131lmas\u0131 plana daxil edilib. Haz\u0131rda onlar\u0131n \u00fcz\u0259rind\u0259 i\u015fl\u0259yirik. Y\u0259qin ki, yax\u0131n vaxtlarda onlar\u0131n istifad\u0259y\u0259 verilm\u0259sinin \u015fahidi olacaqs\u0131n\u0131z\u201d.<\/p>\n","protected":false},"author":2,"featured_media":657596,"comment_status":"closed","ping_status":"closed","sticky":false,"template":"","format":"standard","meta":{"om_disable_all_campaigns":false,"_monsterinsights_skip_tracking":false,"_monsterinsights_sitenote_active":false,"_monsterinsights_sitenote_note":"","_monsterinsights_sitenote_category":0},"categories":[19],"tags":[],"aioseo_notices":[],"gutentor_comment":0,"rttpg_featured_image_url":{"full":["https:\/\/arantv.az\/wp-content\/uploads\/2023\/11\/download-3.jpg",284,177,false],"landscape":["https:\/\/arantv.az\/wp-content\/uploads\/2023\/11\/download-3.jpg",284,177,false],"portraits":["https:\/\/arantv.az\/wp-content\/uploads\/2023\/11\/download-3.jpg",284,177,false],"thumbnail":["https:\/\/arantv.az\/wp-content\/uploads\/2023\/11\/download-3.jpg",284,177,false],"medium":["https:\/\/arantv.az\/wp-content\/uploads\/2023\/11\/download-3.jpg",284,177,false],"large":["https:\/\/arantv.az\/wp-content\/uploads\/2023\/11\/download-3.jpg",284,177,false],"1536x1536":["https:\/\/arantv.az\/wp-content\/uploads\/2023\/11\/download-3.jpg",284,177,false],"2048x2048":["https:\/\/arantv.az\/wp-content\/uploads\/2023\/11\/download-3.jpg",284,177,false],"post-thumbnail":["https:\/\/arantv.az\/wp-content\/uploads\/2023\/11\/download-3-240x172.jpg",240,172,true],"advps-thumb-one":["https:\/\/arantv.az\/wp-content\/uploads\/2023\/11\/download-3.jpg",284,177,false]},"rttpg_author":{"display_name":"V\u00fcsal Rafiqo\u011flu","author_link":"https:\/\/arantv.az\/?author=2"},"rttpg_comment":0,"rttpg_category":"<a href=\"https:\/\/arantv.az\/?cat=19\" rel=\"category\">G\u00fcnd\u0259m<\/a>","rttpg_excerpt":"\u201cYax\u0131n vaxtlarda azad edilmi\u015f \u0259razil\u0259rd\u0259 D\u00f6vl\u0259t Komit\u0259sinin xidm\u0259t b\u00f6lm\u0259l\u0259ri istifad\u0259y\u0259 veril\u0259c\u0259k\u201d. \u201cReport\u201d\u00a0x\u0259b\u0259r verir ki, bu bar\u0259d\u0259 Ail\u0259, Qad\u0131n v\u0259 U\u015faq Probleml\u0259ri \u00fczr\u0259 D\u00f6vl\u0259t Komit\u0259sinin s\u0259dri Bahar Muradova jurnalistl\u0259r\u0259 a\u00e7\u0131qlamas\u0131nda m\u0259lumat verib. O, D\u00f6vl\u0259t Komit\u0259sinin azad edilmi\u015f \u0259razil\u0259rd\u0259 m\u00fcvafiq xidm\u0259t b\u00f6lm\u0259l\u0259rini t\u0259\u015fkil etm\u0259k niyy\u0259tind\u0259 olduqlar\u0131n\u0131 bildirib: \u201cB\u00f6y\u00fck Qay\u0131d\u0131\u015f\u00a0proqram\u0131nda bununla ba\u011fl\u0131 m\u00fcdd\u0259alar var v\u0259 t\u0259r\u0259fimizd\u0259n buna uy\u011fun&hellip;","_links":{"self":[{"href":"https:\/\/arantv.az\/index.php?rest_route=\/wp\/v2\/posts\/657592"}],"collection":[{"href":"https:\/\/arantv.az\/index.php?rest_route=\/wp\/v2\/posts"}],"about":[{"href":"https:\/\/arantv.az\/index.php?rest_route=\/wp\/v2\/types\/post"}],"author":[{"embeddable":true,"href":"https:\/\/arantv.az\/index.php?rest_route=\/wp\/v2\/users\/2"}],"replies":[{"embeddable":true,"href":"https:\/\/arantv.az\/index.php?rest_route=%2Fwp%2Fv2%2Fcomments&post=657592"}],"version-history":[{"count":0,"href":"https:\/\/arantv.az\/index.php?rest_route=\/wp\/v2\/posts\/657592\/revisions"}],"wp:featuredmedia":[{"embeddable":true,"href":"https:\/\/arantv.az\/index.php?rest_route=\/wp\/v2\/media\/657596"}],"wp:attachment":[{"href":"https:\/\/arantv.az\/index.php?rest_route=%2Fwp%2Fv2%2Fmedia&parent=657592"}],"wp:term":[{"taxonomy":"category","embeddable":true,"href":"https:\/\/arantv.az\/index.php?rest_route=%2Fwp%2Fv2%2Fcategories&post=657592"},{"taxonomy":"post_tag","embeddable":true,"href":"https:\/\/arantv.az\/index.php?rest_route=%2Fwp%2Fv2%2Ftags&post=657592"}],"curies":[{"name":"wp","href":"https:\/\/api.w.org\/{rel}","templated":true}]}}