{"id":657595,"date":"2023-11-17T13:09:05","date_gmt":"2023-11-17T09:09:05","guid":{"rendered":"https:\/\/arantv.az\/?p=657595"},"modified":"2023-11-17T13:09:05","modified_gmt":"2023-11-17T09:09:05","slug":"usaqlarini-peyv%c9%99nd-etdirm%c9%99y%c9%99n-valideynl%c9%99r-m%c9%99suliyy%c9%99t%c9%99-c%c9%99lb-oluna-bil%c9%99rl%c9%99r","status":"publish","type":"post","link":"https:\/\/arantv.az\/?p=657595","title":{"rendered":"U\u015faqlar\u0131n\u0131 peyv\u0259nd etdirm\u0259y\u0259n valideynl\u0259r m\u0259suliyy\u0259t\u0259 c\u0259lb oluna bil\u0259rl\u0259r"},"content":{"rendered":"<p>\u201cH\u0259l\u0259 d\u0259 \u00f6vlad\u0131n\u0131 m\u00fcayin\u0259y\u0259 aparmayan, peyv\u0259ndd\u0259n yay\u0131nd\u0131ran valideynl\u0259r var\u201d.<\/p>\n<p>APA x\u0259b\u0259r verir ki, bunu \u201cU\u015faq h\u00fcquqlar\u0131n\u0131n tribunas\u0131\u201d m\u00f6vzusunda ke\u00e7iril\u0259n t\u0259dbird\u0259 S\u0259hiyy\u0259 Nazirliyi S\u0259hiyy\u0259 siyas\u0259ti \u015f\u00f6b\u0259sinin Ana v\u0259 u\u015faqlar\u0131n sa\u011flaml\u0131\u011f\u0131n\u0131n qorunmas\u0131 sektorunun m\u00fcdiri Aynur\u0259 Zeynalova deyib.<\/p>\n<p>\u201cN\u0259z\u0259rd\u0259 tutulub ki, u\u015faqlar\u0131n\u0131 vaxt\u0131nda m\u00fcayin\u0259y\u0259, peyv\u0259nd\u0259 g\u0259tirm\u0259y\u0259n valideynl\u0259r m\u0259suliyy\u0259t\u0259 c\u0259lb olunsunlar, onlarla dan\u0131\u015f\u0131qlar apar\u0131ls\u0131n. Bu istiqam\u0259td\u0259 maarifl\u0259ndirm\u0259 t\u0259dbirl\u0259rin\u0259 ehtiyac var\u201d, &#8211; o qeyd edib.<\/p>\n","protected":false},"excerpt":{"rendered":"<p>\u201cH\u0259l\u0259 d\u0259 \u00f6vlad\u0131n\u0131 m\u00fcayin\u0259y\u0259 aparmayan, peyv\u0259ndd\u0259n yay\u0131nd\u0131ran valideynl\u0259r var\u201d. APA x\u0259b\u0259r verir ki, bunu \u201cU\u015faq h\u00fcquqlar\u0131n\u0131n tribunas\u0131\u201d m\u00f6vzusunda ke\u00e7iril\u0259n t\u0259dbird\u0259 S\u0259hiyy\u0259 Nazirliyi S\u0259hiyy\u0259 siyas\u0259ti \u015f\u00f6b\u0259sinin Ana v\u0259 u\u015faqlar\u0131n sa\u011flaml\u0131\u011f\u0131n\u0131n qorunmas\u0131 sektorunun m\u00fcdiri Aynur\u0259 Zeynalova deyib. \u201cN\u0259z\u0259rd\u0259 tutulub ki, u\u015faqlar\u0131n\u0131 vaxt\u0131nda m\u00fcayin\u0259y\u0259, peyv\u0259nd\u0259 g\u0259tirm\u0259y\u0259n valideynl\u0259r m\u0259suliyy\u0259t\u0259 c\u0259lb olunsunlar, onlarla dan\u0131\u015f\u0131qlar apar\u0131ls\u0131n. Bu istiqam\u0259td\u0259 maarifl\u0259ndirm\u0259 t\u0259dbirl\u0259rin\u0259 ehtiyac var\u201d, &#8211; o qeyd edib.<\/p>\n","protected":false},"author":2,"featured_media":657599,"comment_status":"closed","ping_status":"closed","sticky":false,"template":"","format":"standard","meta":{"om_disable_all_campaigns":false,"_monsterinsights_skip_tracking":false,"_monsterinsights_sitenote_active":false,"_monsterinsights_sitenote_note":"","_monsterinsights_sitenote_category":0},"categories":[1],"tags":[],"aioseo_notices":[],"gutentor_comment":0,"rttpg_featured_image_url":{"full":["https:\/\/arantv.az\/wp-content\/uploads\/2023\/11\/1549279982548309429_1200x630.jpg",620,413,false],"landscape":["https:\/\/arantv.az\/wp-content\/uploads\/2023\/11\/1549279982548309429_1200x630.jpg",620,413,false],"portraits":["https:\/\/arantv.az\/wp-content\/uploads\/2023\/11\/1549279982548309429_1200x630.jpg",620,413,false],"thumbnail":["https:\/\/arantv.az\/wp-content\/uploads\/2023\/11\/1549279982548309429_1200x630-500x280.jpg",500,280,true],"medium":["https:\/\/arantv.az\/wp-content\/uploads\/2023\/11\/1549279982548309429_1200x630-548x365.jpg",548,365,true],"large":["https:\/\/arantv.az\/wp-content\/uploads\/2023\/11\/1549279982548309429_1200x630.jpg",620,413,false],"1536x1536":["https:\/\/arantv.az\/wp-content\/uploads\/2023\/11\/1549279982548309429_1200x630.jpg",620,413,false],"2048x2048":["https:\/\/arantv.az\/wp-content\/uploads\/2023\/11\/1549279982548309429_1200x630.jpg",620,413,false],"post-thumbnail":["https:\/\/arantv.az\/wp-content\/uploads\/2023\/11\/1549279982548309429_1200x630-240x172.jpg",240,172,true],"advps-thumb-one":["https:\/\/arantv.az\/wp-content\/uploads\/2023\/11\/1549279982548309429_1200x630.jpg",620,413,false]},"rttpg_author":{"display_name":"V\u00fcsal Rafiqo\u011flu","author_link":"https:\/\/arantv.az\/?author=2"},"rttpg_comment":0,"rttpg_category":"<a href=\"https:\/\/arantv.az\/?cat=1\" rel=\"category\">C\u0259miyy\u0259t<\/a>","rttpg_excerpt":"\u201cH\u0259l\u0259 d\u0259 \u00f6vlad\u0131n\u0131 m\u00fcayin\u0259y\u0259 aparmayan, peyv\u0259ndd\u0259n yay\u0131nd\u0131ran valideynl\u0259r var\u201d. APA x\u0259b\u0259r verir ki, bunu \u201cU\u015faq h\u00fcquqlar\u0131n\u0131n tribunas\u0131\u201d m\u00f6vzusunda ke\u00e7iril\u0259n t\u0259dbird\u0259 S\u0259hiyy\u0259 Nazirliyi S\u0259hiyy\u0259 siyas\u0259ti \u015f\u00f6b\u0259sinin Ana v\u0259 u\u015faqlar\u0131n sa\u011flaml\u0131\u011f\u0131n\u0131n qorunmas\u0131 sektorunun m\u00fcdiri Aynur\u0259 Zeynalova deyib. \u201cN\u0259z\u0259rd\u0259 tutulub ki, u\u015faqlar\u0131n\u0131 vaxt\u0131nda m\u00fcayin\u0259y\u0259, peyv\u0259nd\u0259 g\u0259tirm\u0259y\u0259n valideynl\u0259r m\u0259suliyy\u0259t\u0259 c\u0259lb olunsunlar, onlarla dan\u0131\u015f\u0131qlar apar\u0131ls\u0131n. Bu istiqam\u0259td\u0259 maarifl\u0259ndirm\u0259 t\u0259dbirl\u0259rin\u0259 ehtiyac&hellip;","_links":{"self":[{"href":"https:\/\/arantv.az\/index.php?rest_route=\/wp\/v2\/posts\/657595"}],"collection":[{"href":"https:\/\/arantv.az\/index.php?rest_route=\/wp\/v2\/posts"}],"about":[{"href":"https:\/\/arantv.az\/index.php?rest_route=\/wp\/v2\/types\/post"}],"author":[{"embeddable":true,"href":"https:\/\/arantv.az\/index.php?rest_route=\/wp\/v2\/users\/2"}],"replies":[{"embeddable":true,"href":"https:\/\/arantv.az\/index.php?rest_route=%2Fwp%2Fv2%2Fcomments&post=657595"}],"version-history":[{"count":0,"href":"https:\/\/arantv.az\/index.php?rest_route=\/wp\/v2\/posts\/657595\/revisions"}],"wp:featuredmedia":[{"embeddable":true,"href":"https:\/\/arantv.az\/index.php?rest_route=\/wp\/v2\/media\/657599"}],"wp:attachment":[{"href":"https:\/\/arantv.az\/index.php?rest_route=%2Fwp%2Fv2%2Fmedia&parent=657595"}],"wp:term":[{"taxonomy":"category","embeddable":true,"href":"https:\/\/arantv.az\/index.php?rest_route=%2Fwp%2Fv2%2Fcategories&post=657595"},{"taxonomy":"post_tag","embeddable":true,"href":"https:\/\/arantv.az\/index.php?rest_route=%2Fwp%2Fv2%2Ftags&post=657595"}],"curies":[{"name":"wp","href":"https:\/\/api.w.org\/{rel}","templated":true}]}}