{"id":657622,"date":"2023-11-17T15:51:59","date_gmt":"2023-11-17T11:51:59","guid":{"rendered":"https:\/\/arantv.az\/?p=657622"},"modified":"2023-11-17T15:51:59","modified_gmt":"2023-11-17T11:51:59","slug":"dmitri-trenin-n%c9%99z%c9%99ri-baximdan-nuv%c9%99-silahi-avropada-istifad%c9%99-edil%c9%99-bil%c9%99r-s%c9%99rh","status":"publish","type":"post","link":"https:\/\/arantv.az\/?p=657622","title":{"rendered":"Dmitri Trenin: \u201cN\u0259z\u0259ri bax\u0131mdan n\u00fcv\u0259 silah\u0131 Avropada istifad\u0259 edil\u0259 bil\u0259r\u201d &#8211; \u015e\u018fRH"},"content":{"rendered":"<p>Son h\u0259ft\u0259l\u0259r \u0259rzind\u0259 d\u00fcnyada n\u00fcv\u0259 silah\u0131ndan istifad\u0259 t\u0259hl\u00fck\u0259sinin artd\u0131\u011f\u0131n\u0131 g\u00f6st\u0259r\u0259n bir \u00e7ox hadis\u0259l\u0259r ba\u015f verib. S\u00f6hb\u0259t h\u0259m art\u0131q q\u0131z\u011f\u0131n m\u0259rh\u0259l\u0259d\u0259 olan, h\u0259m d\u0259 q\u0131sa m\u00fcdd\u0259td\u0259 k\u0259skinl\u0259\u015fm\u0259 potensial\u0131 olan m\u00fcxt\u0259lif m\u00fcnaqi\u015f\u0259l\u0259rd\u0259n gedir.<\/p>\n<p>Rusiya il\u0259 Ukrayna aras\u0131nda toqqu\u015fma ba\u015f ver\u0259rs\u0259, taktiki n\u00fcv\u0259 silah\u0131ndan istifad\u0259 faktiki olaraq art\u0131q m\u00fczakir\u0259 olunmur. Lakin H\u018fMAS-\u0131n \u0130srail\u0259 qar\u015f\u0131 m\u00fcharib\u0259 apard\u0131\u011f\u0131 Yax\u0131n \u015e\u0259rqd\u0259 bu bar\u0259d\u0259 dan\u0131\u015fma\u011fa ba\u015flay\u0131blar. Bu yax\u0131nlarda \u0130srailin irs m\u0259s\u0259l\u0259l\u0259ri \u00fczr\u0259 naziri Amihay Eliyahu Q\u0259zzaya n\u00fcv\u0259 z\u0259rb\u0259sinin endirilm\u0259sin\u0259 dair ehtimal\u0131n\u0131 a\u00e7\u0131qlam\u0131\u015fd\u0131. \u018flb\u0259tt\u0259 ki, o, sonradan s\u0259hv ba\u015fa d\u00fc\u015f\u00fcld\u00fcy\u00fcn\u00fc bildirib, amma bu s\u00f6zl\u0259r s\u0259sl\u0259nib. \u0130srailli politoloqlardan birinin bununla ba\u011fl\u0131 \u201cA\u011f\u0131ll\u0131 insan\u0131n fikrin\u0259 g\u0259tirib dey\u0259 bilm\u0259diyi axma\u011f\u0131n dilind\u0259dir\u201d demi\u015fdi.<\/p>\n<p>Pentaqon AB\u015e-nin \u0259sas \u201cB61\u201d atom bombas\u0131n\u0131 \u201cB61-13\u201d variant\u0131na t\u0259kmill\u0259\u015fdir\u0259c\u0259yini bildirib. \u015eimali Koreya yeni ortam\u0259nzilli ballistik raketin b\u0259rk yanacaqla i\u015fl\u0259y\u0259n reaktiv m\u00fch\u0259rrikl\u0259rini s\u0131naqdan ke\u00e7irib. Rusiya Yaponiya il\u0259 ixtisara d\u00fc\u015fm\u0259li olan n\u00fcv\u0259 silah\u0131n\u0131n l\u0259\u011fvi \u00fczr\u0259 \u0259m\u0259kda\u015fl\u0131\u011fa dair sazi\u015fd\u0259n \u00e7\u0131xd\u0131\u011f\u0131n\u0131 a\u00e7\u0131qlay\u0131b. T\u0259bii ki, C\u0259nubi Qafqaz\u0131n bilavasit\u0259 regionuna aid daha bir hadis\u0259ni d\u0259 n\u0259z\u0259rd\u0259n qa\u00e7\u0131ra bilm\u0259rik. Oktyabr\u0131n sonunda G\u00fcrc\u00fcstan h\u00f6kum\u0259ti m\u00fcvafiq qurumlarla birlikd\u0259 regionda n\u00fcv\u0259 m\u00fcharib\u0259si ba\u015f ver\u0259c\u0259yi t\u0259qdird\u0259 \u0259trafl\u0131 t\u0259dbirl\u0259r plan\u0131 haz\u0131rlay\u0131b.<\/p>\n<p>B\u0259s d\u00fcnyada n\u00fcv\u0259 silah\u0131ndan istifad\u0259 t\u0259hl\u00fck\u0259si n\u0259 q\u0259d\u0259r art\u0131b?\u00a0<a href=\"https:\/\/ru.oxu.az\/politics\/804267\" target=\"_blank\" rel=\"noopener\"><strong>Oxu.Az<\/strong><\/a>\u00a0bu bar\u0259d\u0259 Rusiya Elml\u0259r Akademiyas\u0131n\u0131n D\u00fcnya \u0130qtisadiyyat\u0131 v\u0259 Beyn\u0259lxalq M\u00fcnasib\u0259tl\u0259r \u0130nstitutunun apar\u0131c\u0131 elmi i\u015f\u00e7isi, Milli T\u0259dqiqat Universitetinin Ali \u0130qtisadiyyat M\u0259kt\u0259binin professoru\u00a0<strong>Dmitri Trenin<\/strong>l\u0259 dan\u0131\u015f\u0131b.<\/p>\n<p>N\u00fcv\u0259 silah\u0131n\u0131n n\u0259z\u0259ri olaraq istifad\u0259 edil\u0259 bil\u0259c\u0259yi yer v\u0259 \u015f\u0259raitl\u0259 ba\u011fl\u0131 suala cavab olaraq, Dmitri Trenin bildirib ki, AB\u015e-nin n\u0259inki m\u00fcnaqi\u015f\u0259l\u0259ri h\u0259ll etm\u0259k, h\u0259tta onlar\u0131 idar\u0259 etm\u0259k qabiliyy\u0259tinin getdikc\u0259 azalmas\u0131 dig\u0259r regionlarda da &#8211; Yax\u0131n v\u0259 Orta \u015e\u0259rqd\u0259 (\u0130srail &#8211; \u0130ran), \u015eimal-\u015e\u0259rqi Asiyada (Koreya yar\u0131madas\u0131) v\u0259 \u015e\u0259rqi Asiyada (Tayvan) n\u00fcv\u0259 silah\u0131ndan istifad\u0259 riskini art\u0131r\u0131r:<\/p>\n<p>\u201cN\u0259z\u0259ri bax\u0131mdan n\u00fcv\u0259 silah\u0131 Avropada istifad\u0259 oluna bil\u0259r (bunun Ukrayna \u0259razisind\u0259 ba\u015f verm\u0259si ehtimal\u0131 az olsa da). \u00dcmid edir\u0259m ki, \u0259lb\u0259tt\u0259, i\u015f bu yer\u0259 g\u0259lib \u00e7atmaz, lakin n\u00fcv\u0259 t\u0259hl\u00fck\u0259sinin qar\u015f\u0131s\u0131n\u0131n al\u0131nmas\u0131n\u0131n effektivliyi m\u00fcmk\u00fcn t\u0259tbiqin d\u0259qiqliyind\u0259n as\u0131l\u0131d\u0131r. N\u00fcv\u0259 \u0259srind\u0259 s\u00fclh qorxuya \u0259saslan\u0131r. Qorxu aradan qalxd\u0131qda h\u0259rbi toqqu\u015fma ehtimal\u0131 daha da y\u00fcks\u0259lir v\u0259 n\u00fcv\u0259 silah\u0131ndan istifad\u0259 ehtimal\u0131 yaran\u0131r\u201d.<\/p>\n<p>N\u00fcv\u0259 m\u00fcharib\u0259si ba\u015f ver\u0259c\u0259yi t\u0259qdird\u0259 art\u0131q f\u0259aliyy\u0259t planlar\u0131 haz\u0131rlayan G\u00fcrc\u00fcstana v\u0259 C\u0259nubi Qafqazda Erm\u0259nistan atom elektrik stansiyas\u0131, n\u00fcv\u0259 silah\u0131na malik Rusiya v\u0259 regionun yax\u0131nl\u0131\u011f\u0131nda yerl\u0259\u015f\u0259n n\u00fcv\u0259 t\u0259hl\u00fck\u0259si yaradan \u0130rana g\u0259ldikd\u0259 is\u0259 professor C\u0259nubi Qafqaz \u00f6lk\u0259l\u0259rind\u0259 n\u00fcv\u0259 silah\u0131ndan istifad\u0259y\u0259 dair real risk g\u00f6rm\u0259diyini bildirib.<\/p>\n<p>\u201c\u018flb\u0259tt\u0259, regionda yeni silahl\u0131 toqqu\u015fmalara s\u0259b\u0259b ola bil\u0259c\u0259k m\u00fcnaqi\u015f\u0259li v\u0259ziyy\u0259tl\u0259r qal\u0131r, lakin burada kimins\u0259 n\u00fcv\u0259 silah\u0131ndan istifad\u0259 ed\u0259c\u0259yini t\u0259s\u0259vv\u00fcr etm\u0259k m\u0259nim \u00fc\u00e7\u00fcn \u00e7\u0259tindir\u201d, &#8211; dey\u0259 Trenin s\u00f6hb\u0259tini yekunla\u015fd\u0131r\u0131b.<\/p>\n","protected":false},"excerpt":{"rendered":"<p>Son h\u0259ft\u0259l\u0259r \u0259rzind\u0259 d\u00fcnyada n\u00fcv\u0259 silah\u0131ndan istifad\u0259 t\u0259hl\u00fck\u0259sinin artd\u0131\u011f\u0131n\u0131 g\u00f6st\u0259r\u0259n bir \u00e7ox hadis\u0259l\u0259r ba\u015f verib. S\u00f6hb\u0259t h\u0259m art\u0131q q\u0131z\u011f\u0131n m\u0259rh\u0259l\u0259d\u0259 olan, h\u0259m d\u0259 q\u0131sa m\u00fcdd\u0259td\u0259 k\u0259skinl\u0259\u015fm\u0259 potensial\u0131 olan m\u00fcxt\u0259lif m\u00fcnaqi\u015f\u0259l\u0259rd\u0259n gedir. Rusiya il\u0259 Ukrayna aras\u0131nda toqqu\u015fma ba\u015f ver\u0259rs\u0259, taktiki n\u00fcv\u0259 silah\u0131ndan istifad\u0259 faktiki olaraq art\u0131q m\u00fczakir\u0259 olunmur. Lakin H\u018fMAS-\u0131n \u0130srail\u0259 qar\u015f\u0131 m\u00fcharib\u0259 apard\u0131\u011f\u0131 Yax\u0131n \u015e\u0259rqd\u0259 bu bar\u0259d\u0259 dan\u0131\u015fma\u011fa ba\u015flay\u0131blar. Bu yax\u0131nlarda \u0130srailin irs m\u0259s\u0259l\u0259l\u0259ri \u00fczr\u0259 naziri Amihay Eliyahu Q\u0259zzaya n\u00fcv\u0259 z\u0259rb\u0259sinin endirilm\u0259sin\u0259 dair ehtimal\u0131n\u0131 a\u00e7\u0131qlam\u0131\u015fd\u0131. \u018flb\u0259tt\u0259 ki, o, sonradan s\u0259hv ba\u015fa d\u00fc\u015f\u00fcld\u00fcy\u00fcn\u00fc bildirib, amma bu s\u00f6zl\u0259r s\u0259sl\u0259nib. \u0130srailli politoloqlardan birinin&hellip;<\/p>\n","protected":false},"author":2,"featured_media":657624,"comment_status":"closed","ping_status":"closed","sticky":false,"template":"","format":"standard","meta":{"om_disable_all_campaigns":false,"_monsterinsights_skip_tracking":false,"_monsterinsights_sitenote_active":false,"_monsterinsights_sitenote_note":"","_monsterinsights_sitenote_category":0},"categories":[4],"tags":[],"aioseo_notices":[],"gutentor_comment":0,"rttpg_featured_image_url":{"full":["https:\/\/arantv.az\/wp-content\/uploads\/2023\/11\/370200964_1405719210293444_4085718705030818475_n.jpg",620,413,false],"landscape":["https:\/\/arantv.az\/wp-content\/uploads\/2023\/11\/370200964_1405719210293444_4085718705030818475_n.jpg",620,413,false],"portraits":["https:\/\/arantv.az\/wp-content\/uploads\/2023\/11\/370200964_1405719210293444_4085718705030818475_n.jpg",620,413,false],"thumbnail":["https:\/\/arantv.az\/wp-content\/uploads\/2023\/11\/370200964_1405719210293444_4085718705030818475_n-500x280.jpg",500,280,true],"medium":["https:\/\/arantv.az\/wp-content\/uploads\/2023\/11\/370200964_1405719210293444_4085718705030818475_n-548x365.jpg",548,365,true],"large":["https:\/\/arantv.az\/wp-content\/uploads\/2023\/11\/370200964_1405719210293444_4085718705030818475_n.jpg",620,413,false],"1536x1536":["https:\/\/arantv.az\/wp-content\/uploads\/2023\/11\/370200964_1405719210293444_4085718705030818475_n.jpg",620,413,false],"2048x2048":["https:\/\/arantv.az\/wp-content\/uploads\/2023\/11\/370200964_1405719210293444_4085718705030818475_n.jpg",620,413,false],"post-thumbnail":["https:\/\/arantv.az\/wp-content\/uploads\/2023\/11\/370200964_1405719210293444_4085718705030818475_n-240x172.jpg",240,172,true],"advps-thumb-one":["https:\/\/arantv.az\/wp-content\/uploads\/2023\/11\/370200964_1405719210293444_4085718705030818475_n.jpg",620,413,false]},"rttpg_author":{"display_name":"V\u00fcsal Rafiqo\u011flu","author_link":"https:\/\/arantv.az\/?author=2"},"rttpg_comment":0,"rttpg_category":"<a href=\"https:\/\/arantv.az\/?cat=4\" rel=\"category\">Siyas\u0259t<\/a>","rttpg_excerpt":"Son h\u0259ft\u0259l\u0259r \u0259rzind\u0259 d\u00fcnyada n\u00fcv\u0259 silah\u0131ndan istifad\u0259 t\u0259hl\u00fck\u0259sinin artd\u0131\u011f\u0131n\u0131 g\u00f6st\u0259r\u0259n bir \u00e7ox hadis\u0259l\u0259r ba\u015f verib. S\u00f6hb\u0259t h\u0259m art\u0131q q\u0131z\u011f\u0131n m\u0259rh\u0259l\u0259d\u0259 olan, h\u0259m d\u0259 q\u0131sa m\u00fcdd\u0259td\u0259 k\u0259skinl\u0259\u015fm\u0259 potensial\u0131 olan m\u00fcxt\u0259lif m\u00fcnaqi\u015f\u0259l\u0259rd\u0259n gedir. Rusiya il\u0259 Ukrayna aras\u0131nda toqqu\u015fma ba\u015f ver\u0259rs\u0259, taktiki n\u00fcv\u0259 silah\u0131ndan istifad\u0259 faktiki olaraq art\u0131q m\u00fczakir\u0259 olunmur. Lakin H\u018fMAS-\u0131n \u0130srail\u0259 qar\u015f\u0131 m\u00fcharib\u0259 apard\u0131\u011f\u0131 Yax\u0131n \u015e\u0259rqd\u0259&hellip;","_links":{"self":[{"href":"https:\/\/arantv.az\/index.php?rest_route=\/wp\/v2\/posts\/657622"}],"collection":[{"href":"https:\/\/arantv.az\/index.php?rest_route=\/wp\/v2\/posts"}],"about":[{"href":"https:\/\/arantv.az\/index.php?rest_route=\/wp\/v2\/types\/post"}],"author":[{"embeddable":true,"href":"https:\/\/arantv.az\/index.php?rest_route=\/wp\/v2\/users\/2"}],"replies":[{"embeddable":true,"href":"https:\/\/arantv.az\/index.php?rest_route=%2Fwp%2Fv2%2Fcomments&post=657622"}],"version-history":[{"count":0,"href":"https:\/\/arantv.az\/index.php?rest_route=\/wp\/v2\/posts\/657622\/revisions"}],"wp:featuredmedia":[{"embeddable":true,"href":"https:\/\/arantv.az\/index.php?rest_route=\/wp\/v2\/media\/657624"}],"wp:attachment":[{"href":"https:\/\/arantv.az\/index.php?rest_route=%2Fwp%2Fv2%2Fmedia&parent=657622"}],"wp:term":[{"taxonomy":"category","embeddable":true,"href":"https:\/\/arantv.az\/index.php?rest_route=%2Fwp%2Fv2%2Fcategories&post=657622"},{"taxonomy":"post_tag","embeddable":true,"href":"https:\/\/arantv.az\/index.php?rest_route=%2Fwp%2Fv2%2Ftags&post=657622"}],"curies":[{"name":"wp","href":"https:\/\/api.w.org\/{rel}","templated":true}]}}