{"id":657633,"date":"2023-11-17T15:55:04","date_gmt":"2023-11-17T11:55:04","guid":{"rendered":"https:\/\/arantv.az\/?p=657633"},"modified":"2023-11-17T15:55:04","modified_gmt":"2023-11-17T11:55:04","slug":"az%c9%99rbaycan-dovl%c9%99t-su-ehtiyatlari-agentliyinin-f%c9%99aliyy%c9%99t-istiqam%c9%99tl%c9%99ri-m%c9%99lum-olub","status":"publish","type":"post","link":"https:\/\/arantv.az\/?p=657633","title":{"rendered":"Az\u0259rbaycan D\u00f6vl\u0259t Su Ehtiyatlar\u0131 Agentliyinin f\u0259aliyy\u0259t istiqam\u0259tl\u0259ri m\u0259lum olub"},"content":{"rendered":"<p>Prezident\u00a0<strong>\u0130lham \u018fliyevin<\/strong>\u00a0bu g\u00fcn t\u0259sdiql\u0259diyi Az\u0259rbaycan D\u00f6vl\u0259t Su Ehtiyatlar\u0131 Agentliyi haqq\u0131nda \u018fSASNAM\u018fy\u0259 \u0259sas\u0259n, qurumun 11 f\u0259aliyy\u0259t istiqam\u0259ti olacaq.<\/p>\n<p>\u201cReport\u201d\u00a0x\u0259b\u0259r verir ki, bunlar a\u015fa\u011f\u0131dak\u0131lard\u0131r:<\/p>\n<p>&#8211; m\u00fcvafiq sah\u0259d\u0259 vahid d\u00f6vl\u0259t siyas\u0259tinin formala\u015fmas\u0131nda i\u015ftirak etm\u0259k v\u0259 onun h\u0259yata ke\u00e7irilm\u0259sini t\u0259min etm\u0259k;<\/p>\n<p>&#8211; m\u00fcvafiq sah\u0259d\u0259 d\u00f6vl\u0259t t\u0259nziml\u0259m\u0259sini v\u0259 \u0259laq\u0259l\u0259ndirm\u0259ni h\u0259yata ke\u00e7irm\u0259k;<\/p>\n<p>&#8211; m\u00fcvafiq sah\u0259d\u0259 normayaratma f\u0259aliyy\u0259tini h\u0259yata ke\u00e7irm\u0259k;<\/p>\n<p>&#8211; m\u00fcvafiq sah\u0259nin inki\u015faf\u0131n\u0131 t\u0259min etm\u0259k;<\/p>\n<p>&#8211; Az\u0259rbaycan Respublikas\u0131n\u0131n \u0259razisind\u0259 su t\u0259hl\u00fck\u0259sizliyinin t\u0259min edilm\u0259si m\u0259qs\u0259dil\u0259 t\u0259dbirl\u0259r g\u00f6rm\u0259k;<\/p>\n<p>&#8211; tabeliyind\u0259ki qurumlar\u0131n balans\u0131nda olan su t\u0259s\u0259rr\u00fcfat\u0131 obyektl\u0259rinin t\u0259hl\u00fck\u0259siz istismar\u0131n\u0131n v\u0259 etibarl\u0131 m\u00fchafiz\u0259sinin t\u0259min edilm\u0259si il\u0259 ba\u011fl\u0131 t\u0259dbirl\u0259r g\u00f6rm\u0259k v\u0259 onlar\u0131n texniki v\u0259ziyy\u0259tin\u0259 m\u00fcnt\u0259z\u0259m n\u0259zar\u0259ti h\u0259yata ke\u00e7irm\u0259k;<\/p>\n<p>&#8211; Az\u0259rbaycan Respublikas\u0131n\u0131n \u0259razisind\u0259 yer\u00fcst\u00fc v\u0259 yeralt\u0131 su ehtiyatlar\u0131n\u0131n, su v\u0259 su t\u0259s\u0259rr\u00fcfat\u0131 obyektl\u0259rinin, hidrotexniki qur\u011fular\u0131n, su t\u0259chizat\u0131 sisteml\u0259rinin monitorinqini aparmaq;<\/p>\n<p>&#8211; su obyektl\u0259rinin m\u00fchafiz\u0259si v\u0259 onlardan istifad\u0259 \u00fcz\u0259rind\u0259 d\u00f6vl\u0259t n\u0259zar\u0259tini h\u0259yata ke\u00e7irm\u0259k;<\/p>\n<p>&#8211; torpaqlar\u0131n meliorativ v\u0259ziyy\u0259tini yax\u015f\u0131la\u015fd\u0131rmaq m\u0259qs\u0259dil\u0259 meliorasiya sah\u0259sind\u0259 xidm\u0259tl\u0259ri inki\u015faf etdirm\u0259k, el\u0259c\u0259 d\u0259 suvar\u0131lan torpaqlar\u0131n meliorativ v\u0259ziyy\u0259ti \u00fcz\u0259rind\u0259 n\u0259zar\u0259ti h\u0259yata ke\u00e7irm\u0259k;<\/p>\n<p>&#8211; su ehtiyatlar\u0131ndan s\u0259m\u0259r\u0259li, q\u0259na\u0259tl\u0259 istifad\u0259 olunmas\u0131 v\u0259 su itkisinin qar\u015f\u0131s\u0131n\u0131n al\u0131nmas\u0131 sah\u0259sind\u0259 t\u0259dbirl\u0259ri m\u00fc\u0259yy\u0259nl\u0259\u015fdirm\u0259k v\u0259 onlar\u0131n h\u0259yata ke\u00e7irilm\u0259sini t\u0259\u015fkil etm\u0259k;<\/p>\n<p>&#8211; su ehtiyatlar\u0131n\u0131n inteqrasiyal\u0131 idar\u0259 olunmas\u0131n\u0131 t\u0259min etm\u0259k.<\/p>\n","protected":false},"excerpt":{"rendered":"<p>Prezident\u00a0\u0130lham \u018fliyevin\u00a0bu g\u00fcn t\u0259sdiql\u0259diyi Az\u0259rbaycan D\u00f6vl\u0259t Su Ehtiyatlar\u0131 Agentliyi haqq\u0131nda \u018fSASNAM\u018fy\u0259 \u0259sas\u0259n, qurumun 11 f\u0259aliyy\u0259t istiqam\u0259ti olacaq. \u201cReport\u201d\u00a0x\u0259b\u0259r verir ki, bunlar a\u015fa\u011f\u0131dak\u0131lard\u0131r: &#8211; m\u00fcvafiq sah\u0259d\u0259 vahid d\u00f6vl\u0259t siyas\u0259tinin formala\u015fmas\u0131nda i\u015ftirak etm\u0259k v\u0259 onun h\u0259yata ke\u00e7irilm\u0259sini t\u0259min etm\u0259k; &#8211; m\u00fcvafiq sah\u0259d\u0259 d\u00f6vl\u0259t t\u0259nziml\u0259m\u0259sini v\u0259 \u0259laq\u0259l\u0259ndirm\u0259ni h\u0259yata ke\u00e7irm\u0259k; &#8211; m\u00fcvafiq sah\u0259d\u0259 normayaratma f\u0259aliyy\u0259tini h\u0259yata ke\u00e7irm\u0259k; &#8211; m\u00fcvafiq sah\u0259nin inki\u015faf\u0131n\u0131 t\u0259min etm\u0259k; &#8211; Az\u0259rbaycan Respublikas\u0131n\u0131n \u0259razisind\u0259 su t\u0259hl\u00fck\u0259sizliyinin t\u0259min edilm\u0259si m\u0259qs\u0259dil\u0259 t\u0259dbirl\u0259r g\u00f6rm\u0259k; &#8211; tabeliyind\u0259ki qurumlar\u0131n balans\u0131nda olan su t\u0259s\u0259rr\u00fcfat\u0131 obyektl\u0259rinin t\u0259hl\u00fck\u0259siz istismar\u0131n\u0131n v\u0259 etibarl\u0131 m\u00fchafiz\u0259sinin t\u0259min edilm\u0259si il\u0259 ba\u011fl\u0131 t\u0259dbirl\u0259r g\u00f6rm\u0259k v\u0259&hellip;<\/p>\n","protected":false},"author":2,"featured_media":630549,"comment_status":"closed","ping_status":"closed","sticky":false,"template":"","format":"standard","meta":{"om_disable_all_campaigns":false,"_monsterinsights_skip_tracking":false,"_monsterinsights_sitenote_active":false,"_monsterinsights_sitenote_note":"","_monsterinsights_sitenote_category":0},"categories":[4],"tags":[],"aioseo_notices":[],"gutentor_comment":0,"rttpg_featured_image_url":{"full":["https:\/\/arantv.az\/wp-content\/uploads\/2023\/09\/su.jpg",620,413,false],"landscape":["https:\/\/arantv.az\/wp-content\/uploads\/2023\/09\/su.jpg",620,413,false],"portraits":["https:\/\/arantv.az\/wp-content\/uploads\/2023\/09\/su.jpg",620,413,false],"thumbnail":["https:\/\/arantv.az\/wp-content\/uploads\/2023\/09\/su-500x280.jpg",500,280,true],"medium":["https:\/\/arantv.az\/wp-content\/uploads\/2023\/09\/su-548x365.jpg",548,365,true],"large":["https:\/\/arantv.az\/wp-content\/uploads\/2023\/09\/su.jpg",620,413,false],"1536x1536":["https:\/\/arantv.az\/wp-content\/uploads\/2023\/09\/su.jpg",620,413,false],"2048x2048":["https:\/\/arantv.az\/wp-content\/uploads\/2023\/09\/su.jpg",620,413,false],"post-thumbnail":["https:\/\/arantv.az\/wp-content\/uploads\/2023\/09\/su-240x172.jpg",240,172,true],"advps-thumb-one":["https:\/\/arantv.az\/wp-content\/uploads\/2023\/09\/su.jpg",620,413,false]},"rttpg_author":{"display_name":"V\u00fcsal Rafiqo\u011flu","author_link":"https:\/\/arantv.az\/?author=2"},"rttpg_comment":0,"rttpg_category":"<a href=\"https:\/\/arantv.az\/?cat=4\" rel=\"category\">Siyas\u0259t<\/a>","rttpg_excerpt":"Prezident\u00a0\u0130lham \u018fliyevin\u00a0bu g\u00fcn t\u0259sdiql\u0259diyi Az\u0259rbaycan D\u00f6vl\u0259t Su Ehtiyatlar\u0131 Agentliyi haqq\u0131nda \u018fSASNAM\u018fy\u0259 \u0259sas\u0259n, qurumun 11 f\u0259aliyy\u0259t istiqam\u0259ti olacaq. \u201cReport\u201d\u00a0x\u0259b\u0259r verir ki, bunlar a\u015fa\u011f\u0131dak\u0131lard\u0131r: &#8211; m\u00fcvafiq sah\u0259d\u0259 vahid d\u00f6vl\u0259t siyas\u0259tinin formala\u015fmas\u0131nda i\u015ftirak etm\u0259k v\u0259 onun h\u0259yata ke\u00e7irilm\u0259sini t\u0259min etm\u0259k; &#8211; m\u00fcvafiq sah\u0259d\u0259 d\u00f6vl\u0259t t\u0259nziml\u0259m\u0259sini v\u0259 \u0259laq\u0259l\u0259ndirm\u0259ni h\u0259yata ke\u00e7irm\u0259k; &#8211; m\u00fcvafiq sah\u0259d\u0259 normayaratma f\u0259aliyy\u0259tini h\u0259yata ke\u00e7irm\u0259k; &#8211; m\u00fcvafiq&hellip;","_links":{"self":[{"href":"https:\/\/arantv.az\/index.php?rest_route=\/wp\/v2\/posts\/657633"}],"collection":[{"href":"https:\/\/arantv.az\/index.php?rest_route=\/wp\/v2\/posts"}],"about":[{"href":"https:\/\/arantv.az\/index.php?rest_route=\/wp\/v2\/types\/post"}],"author":[{"embeddable":true,"href":"https:\/\/arantv.az\/index.php?rest_route=\/wp\/v2\/users\/2"}],"replies":[{"embeddable":true,"href":"https:\/\/arantv.az\/index.php?rest_route=%2Fwp%2Fv2%2Fcomments&post=657633"}],"version-history":[{"count":0,"href":"https:\/\/arantv.az\/index.php?rest_route=\/wp\/v2\/posts\/657633\/revisions"}],"wp:featuredmedia":[{"embeddable":true,"href":"https:\/\/arantv.az\/index.php?rest_route=\/wp\/v2\/media\/630549"}],"wp:attachment":[{"href":"https:\/\/arantv.az\/index.php?rest_route=%2Fwp%2Fv2%2Fmedia&parent=657633"}],"wp:term":[{"taxonomy":"category","embeddable":true,"href":"https:\/\/arantv.az\/index.php?rest_route=%2Fwp%2Fv2%2Fcategories&post=657633"},{"taxonomy":"post_tag","embeddable":true,"href":"https:\/\/arantv.az\/index.php?rest_route=%2Fwp%2Fv2%2Ftags&post=657633"}],"curies":[{"name":"wp","href":"https:\/\/api.w.org\/{rel}","templated":true}]}}