{"id":657637,"date":"2023-11-17T15:55:40","date_gmt":"2023-11-17T11:55:40","guid":{"rendered":"https:\/\/arantv.az\/?p=657637"},"modified":"2023-11-17T15:55:40","modified_gmt":"2023-11-17T11:55:40","slug":"as%c9%99f-haciyev-yenid%c9%99n-bas-katib-secildi","status":"publish","type":"post","link":"https:\/\/arantv.az\/?p=657637","title":{"rendered":"As\u0259f Hac\u0131yev yenid\u0259n ba\u015f katib se\u00e7ildi"},"content":{"rendered":"<p>Noyabr\u0131n 16-17-d\u0259 Ukraynan\u0131n Kiyev \u015f\u0259h\u0259rind\u0259 Qara D\u0259niz \u0130qtisadi \u018fm\u0259kda\u015fl\u0131q T\u0259\u015fkilat\u0131 Parlament M\u0259clisi (QD\u0130\u018fT PM) Ba\u015f Assambleyas\u0131n\u0131n 62-ci plenar iclas\u0131 ke\u00e7irilib.<\/p>\n<p>Milli M\u0259clisin M\u0259tbuat v\u0259 ictimaiyy\u0259tl\u0259 \u0259laq\u0259l\u0259r \u015f\u00f6b\u0259sind\u0259n\u00a0veril\u0259n m\u0259lumata\u00a0g\u00f6r\u0259, toplant\u0131da Qara D\u0259niz regionunda t\u0259hl\u00fck\u0259sizliyin m\u00f6hk\u0259ml\u0259ndirilm\u0259si, \u0259m\u0259kda\u015fl\u0131\u011f\u0131n inki\u015faf etdirilm\u0259sind\u0259 parlamentl\u0259rin rolu, f\u00f6vq\u0259lad\u0259 hallar zaman\u0131 \u0259m\u0259kda\u015fl\u0131q, u\u015faq h\u00fcquqlar\u0131n\u0131n qorunmas\u0131 v\u0259 dig\u0259r m\u0259s\u0259l\u0259l\u0259r m\u00fczakir\u0259 olunub.<\/p>\n<p>H\u0259m\u00e7inin iclasda bir s\u0131ra t\u0259\u015fkilati m\u0259s\u0259l\u0259l\u0259r\u0259 bax\u0131l\u0131b, As\u0259f Hac\u0131yev qurumun ba\u015f katibi v\u0259zif\u0259sin\u0259 yenid\u0259n se\u00e7ilib.<\/p>\n<p>Yekunda qurumun n\u00f6vb\u0259ti sessiyas\u0131n\u0131n tarixi, yeri v\u0259 g\u00fcnd\u0259liyi m\u00fc\u0259yy\u0259nl\u0259\u015fdirilib.<\/p>\n","protected":false},"excerpt":{"rendered":"<p>Noyabr\u0131n 16-17-d\u0259 Ukraynan\u0131n Kiyev \u015f\u0259h\u0259rind\u0259 Qara D\u0259niz \u0130qtisadi \u018fm\u0259kda\u015fl\u0131q T\u0259\u015fkilat\u0131 Parlament M\u0259clisi (QD\u0130\u018fT PM) Ba\u015f Assambleyas\u0131n\u0131n 62-ci plenar iclas\u0131 ke\u00e7irilib. Milli M\u0259clisin M\u0259tbuat v\u0259 ictimaiyy\u0259tl\u0259 \u0259laq\u0259l\u0259r \u015f\u00f6b\u0259sind\u0259n\u00a0veril\u0259n m\u0259lumata\u00a0g\u00f6r\u0259, toplant\u0131da Qara D\u0259niz regionunda t\u0259hl\u00fck\u0259sizliyin m\u00f6hk\u0259ml\u0259ndirilm\u0259si, \u0259m\u0259kda\u015fl\u0131\u011f\u0131n inki\u015faf etdirilm\u0259sind\u0259 parlamentl\u0259rin rolu, f\u00f6vq\u0259lad\u0259 hallar zaman\u0131 \u0259m\u0259kda\u015fl\u0131q, u\u015faq h\u00fcquqlar\u0131n\u0131n qorunmas\u0131 v\u0259 dig\u0259r m\u0259s\u0259l\u0259l\u0259r m\u00fczakir\u0259 olunub. H\u0259m\u00e7inin iclasda bir s\u0131ra t\u0259\u015fkilati m\u0259s\u0259l\u0259l\u0259r\u0259 bax\u0131l\u0131b, As\u0259f Hac\u0131yev qurumun ba\u015f katibi v\u0259zif\u0259sin\u0259 yenid\u0259n se\u00e7ilib. Yekunda qurumun n\u00f6vb\u0259ti sessiyas\u0131n\u0131n tarixi, yeri v\u0259 g\u00fcnd\u0259liyi m\u00fc\u0259yy\u0259nl\u0259\u015fdirilib.<\/p>\n","protected":false},"author":2,"featured_media":657640,"comment_status":"closed","ping_status":"closed","sticky":false,"template":"","format":"standard","meta":{"om_disable_all_campaigns":false,"_monsterinsights_skip_tracking":false,"_monsterinsights_sitenote_active":false,"_monsterinsights_sitenote_note":"","_monsterinsights_sitenote_category":0},"categories":[4],"tags":[],"aioseo_notices":[],"gutentor_comment":0,"rttpg_featured_image_url":{"full":["https:\/\/arantv.az\/wp-content\/uploads\/2023\/11\/FotoJet-81-1.jpg",620,413,false],"landscape":["https:\/\/arantv.az\/wp-content\/uploads\/2023\/11\/FotoJet-81-1.jpg",620,413,false],"portraits":["https:\/\/arantv.az\/wp-content\/uploads\/2023\/11\/FotoJet-81-1.jpg",620,413,false],"thumbnail":["https:\/\/arantv.az\/wp-content\/uploads\/2023\/11\/FotoJet-81-1-500x280.jpg",500,280,true],"medium":["https:\/\/arantv.az\/wp-content\/uploads\/2023\/11\/FotoJet-81-1-548x365.jpg",548,365,true],"large":["https:\/\/arantv.az\/wp-content\/uploads\/2023\/11\/FotoJet-81-1.jpg",620,413,false],"1536x1536":["https:\/\/arantv.az\/wp-content\/uploads\/2023\/11\/FotoJet-81-1.jpg",620,413,false],"2048x2048":["https:\/\/arantv.az\/wp-content\/uploads\/2023\/11\/FotoJet-81-1.jpg",620,413,false],"post-thumbnail":["https:\/\/arantv.az\/wp-content\/uploads\/2023\/11\/FotoJet-81-1-240x172.jpg",240,172,true],"advps-thumb-one":["https:\/\/arantv.az\/wp-content\/uploads\/2023\/11\/FotoJet-81-1.jpg",620,413,false]},"rttpg_author":{"display_name":"V\u00fcsal Rafiqo\u011flu","author_link":"https:\/\/arantv.az\/?author=2"},"rttpg_comment":0,"rttpg_category":"<a href=\"https:\/\/arantv.az\/?cat=4\" rel=\"category\">Siyas\u0259t<\/a>","rttpg_excerpt":"Noyabr\u0131n 16-17-d\u0259 Ukraynan\u0131n Kiyev \u015f\u0259h\u0259rind\u0259 Qara D\u0259niz \u0130qtisadi \u018fm\u0259kda\u015fl\u0131q T\u0259\u015fkilat\u0131 Parlament M\u0259clisi (QD\u0130\u018fT PM) Ba\u015f Assambleyas\u0131n\u0131n 62-ci plenar iclas\u0131 ke\u00e7irilib. Milli M\u0259clisin M\u0259tbuat v\u0259 ictimaiyy\u0259tl\u0259 \u0259laq\u0259l\u0259r \u015f\u00f6b\u0259sind\u0259n\u00a0veril\u0259n m\u0259lumata\u00a0g\u00f6r\u0259, toplant\u0131da Qara D\u0259niz regionunda t\u0259hl\u00fck\u0259sizliyin m\u00f6hk\u0259ml\u0259ndirilm\u0259si, \u0259m\u0259kda\u015fl\u0131\u011f\u0131n inki\u015faf etdirilm\u0259sind\u0259 parlamentl\u0259rin rolu, f\u00f6vq\u0259lad\u0259 hallar zaman\u0131 \u0259m\u0259kda\u015fl\u0131q, u\u015faq h\u00fcquqlar\u0131n\u0131n qorunmas\u0131 v\u0259 dig\u0259r m\u0259s\u0259l\u0259l\u0259r m\u00fczakir\u0259 olunub. H\u0259m\u00e7inin iclasda bir s\u0131ra&hellip;","_links":{"self":[{"href":"https:\/\/arantv.az\/index.php?rest_route=\/wp\/v2\/posts\/657637"}],"collection":[{"href":"https:\/\/arantv.az\/index.php?rest_route=\/wp\/v2\/posts"}],"about":[{"href":"https:\/\/arantv.az\/index.php?rest_route=\/wp\/v2\/types\/post"}],"author":[{"embeddable":true,"href":"https:\/\/arantv.az\/index.php?rest_route=\/wp\/v2\/users\/2"}],"replies":[{"embeddable":true,"href":"https:\/\/arantv.az\/index.php?rest_route=%2Fwp%2Fv2%2Fcomments&post=657637"}],"version-history":[{"count":0,"href":"https:\/\/arantv.az\/index.php?rest_route=\/wp\/v2\/posts\/657637\/revisions"}],"wp:featuredmedia":[{"embeddable":true,"href":"https:\/\/arantv.az\/index.php?rest_route=\/wp\/v2\/media\/657640"}],"wp:attachment":[{"href":"https:\/\/arantv.az\/index.php?rest_route=%2Fwp%2Fv2%2Fmedia&parent=657637"}],"wp:term":[{"taxonomy":"category","embeddable":true,"href":"https:\/\/arantv.az\/index.php?rest_route=%2Fwp%2Fv2%2Fcategories&post=657637"},{"taxonomy":"post_tag","embeddable":true,"href":"https:\/\/arantv.az\/index.php?rest_route=%2Fwp%2Fv2%2Ftags&post=657637"}],"curies":[{"name":"wp","href":"https:\/\/api.w.org\/{rel}","templated":true}]}}