{"id":657642,"date":"2023-11-17T15:56:41","date_gmt":"2023-11-17T11:56:41","guid":{"rendered":"https:\/\/arantv.az\/?p=657642"},"modified":"2023-11-17T15:56:41","modified_gmt":"2023-11-17T11:56:41","slug":"erm%c9%99ni-deputat-ilin-sonuna-kimi-sulh-sazisinin-imzalanmasi-ucun-h%c9%99r-seyi-ed%c9%99c%c9%99yik","status":"publish","type":"post","link":"https:\/\/arantv.az\/?p=657642","title":{"rendered":"Erm\u0259ni deputat: \u201c\u0130lin sonuna kimi s\u00fclh sazi\u015finin imzalanmas\u0131 \u00fc\u00e7\u00fcn h\u0259r \u015feyi ed\u0259c\u0259yik\u201d"},"content":{"rendered":"<p>\u201cErm\u0259nistanla Az\u0259rbaycan aras\u0131nda s\u00fclh sazi\u015fi bu ilin sonuna q\u0259d\u0259r imzalana bil\u0259r\u201d.<\/p>\n<p>Erm\u0259nistan medias\u0131n\u0131n m\u0259lumat\u0131na g\u00f6r\u0259, bunu parlamentd\u0259 brifinq zaman\u0131 hakim \u201cV\u0259t\u0259nda\u015f sazi\u015fi\u201d fraksiyas\u0131n\u0131n katibi Artur Ovannisyan bildirib.<\/p>\n<p>O, Erm\u0259nistan t\u0259r\u0259finin bunun \u00fc\u00e7\u00fcn h\u0259r \u015feyi ed\u0259c\u0259yini vur\u011fulay\u0131b.<\/p>\n<p>Onun fraksiyadan h\u0259mkar\u0131 deputat Gevorq Papoyan is\u0259 Az\u0259rbaycanla m\u00fcnasib\u0259tl\u0259rin normalla\u015fd\u0131r\u0131lmas\u0131 prosesi \u00e7\u0259r\u00e7iv\u0259sind\u0259 qar\u015f\u0131da \u00e7\u0259tin diplomatik i\u015f dayand\u0131\u011f\u0131n\u0131 deyib.<\/p>\n","protected":false},"excerpt":{"rendered":"<p>\u201cErm\u0259nistanla Az\u0259rbaycan aras\u0131nda s\u00fclh sazi\u015fi bu ilin sonuna q\u0259d\u0259r imzalana bil\u0259r\u201d. Erm\u0259nistan medias\u0131n\u0131n m\u0259lumat\u0131na g\u00f6r\u0259, bunu parlamentd\u0259 brifinq zaman\u0131 hakim \u201cV\u0259t\u0259nda\u015f sazi\u015fi\u201d fraksiyas\u0131n\u0131n katibi Artur Ovannisyan bildirib. O, Erm\u0259nistan t\u0259r\u0259finin bunun \u00fc\u00e7\u00fcn h\u0259r \u015feyi ed\u0259c\u0259yini vur\u011fulay\u0131b. Onun fraksiyadan h\u0259mkar\u0131 deputat Gevorq Papoyan is\u0259 Az\u0259rbaycanla m\u00fcnasib\u0259tl\u0259rin normalla\u015fd\u0131r\u0131lmas\u0131 prosesi \u00e7\u0259r\u00e7iv\u0259sind\u0259 qar\u015f\u0131da \u00e7\u0259tin diplomatik i\u015f dayand\u0131\u011f\u0131n\u0131 deyib.<\/p>\n","protected":false},"author":2,"featured_media":657645,"comment_status":"closed","ping_status":"closed","sticky":false,"template":"","format":"standard","meta":{"om_disable_all_campaigns":false,"_monsterinsights_skip_tracking":false,"_monsterinsights_sitenote_active":false,"_monsterinsights_sitenote_note":"","_monsterinsights_sitenote_category":0},"categories":[4],"tags":[],"aioseo_notices":[],"gutentor_comment":0,"rttpg_featured_image_url":{"full":["https:\/\/arantv.az\/wp-content\/uploads\/2023\/11\/l-4ueuEx47zq.jpg",620,413,false],"landscape":["https:\/\/arantv.az\/wp-content\/uploads\/2023\/11\/l-4ueuEx47zq.jpg",620,413,false],"portraits":["https:\/\/arantv.az\/wp-content\/uploads\/2023\/11\/l-4ueuEx47zq.jpg",620,413,false],"thumbnail":["https:\/\/arantv.az\/wp-content\/uploads\/2023\/11\/l-4ueuEx47zq-500x280.jpg",500,280,true],"medium":["https:\/\/arantv.az\/wp-content\/uploads\/2023\/11\/l-4ueuEx47zq-548x365.jpg",548,365,true],"large":["https:\/\/arantv.az\/wp-content\/uploads\/2023\/11\/l-4ueuEx47zq.jpg",620,413,false],"1536x1536":["https:\/\/arantv.az\/wp-content\/uploads\/2023\/11\/l-4ueuEx47zq.jpg",620,413,false],"2048x2048":["https:\/\/arantv.az\/wp-content\/uploads\/2023\/11\/l-4ueuEx47zq.jpg",620,413,false],"post-thumbnail":["https:\/\/arantv.az\/wp-content\/uploads\/2023\/11\/l-4ueuEx47zq-240x172.jpg",240,172,true],"advps-thumb-one":["https:\/\/arantv.az\/wp-content\/uploads\/2023\/11\/l-4ueuEx47zq.jpg",620,413,false]},"rttpg_author":{"display_name":"V\u00fcsal Rafiqo\u011flu","author_link":"https:\/\/arantv.az\/?author=2"},"rttpg_comment":0,"rttpg_category":"<a href=\"https:\/\/arantv.az\/?cat=4\" rel=\"category\">Siyas\u0259t<\/a>","rttpg_excerpt":"\u201cErm\u0259nistanla Az\u0259rbaycan aras\u0131nda s\u00fclh sazi\u015fi bu ilin sonuna q\u0259d\u0259r imzalana bil\u0259r\u201d. Erm\u0259nistan medias\u0131n\u0131n m\u0259lumat\u0131na g\u00f6r\u0259, bunu parlamentd\u0259 brifinq zaman\u0131 hakim \u201cV\u0259t\u0259nda\u015f sazi\u015fi\u201d fraksiyas\u0131n\u0131n katibi Artur Ovannisyan bildirib. O, Erm\u0259nistan t\u0259r\u0259finin bunun \u00fc\u00e7\u00fcn h\u0259r \u015feyi ed\u0259c\u0259yini vur\u011fulay\u0131b. Onun fraksiyadan h\u0259mkar\u0131 deputat Gevorq Papoyan is\u0259 Az\u0259rbaycanla m\u00fcnasib\u0259tl\u0259rin normalla\u015fd\u0131r\u0131lmas\u0131 prosesi \u00e7\u0259r\u00e7iv\u0259sind\u0259 qar\u015f\u0131da \u00e7\u0259tin diplomatik i\u015f dayand\u0131\u011f\u0131n\u0131 deyib.","_links":{"self":[{"href":"https:\/\/arantv.az\/index.php?rest_route=\/wp\/v2\/posts\/657642"}],"collection":[{"href":"https:\/\/arantv.az\/index.php?rest_route=\/wp\/v2\/posts"}],"about":[{"href":"https:\/\/arantv.az\/index.php?rest_route=\/wp\/v2\/types\/post"}],"author":[{"embeddable":true,"href":"https:\/\/arantv.az\/index.php?rest_route=\/wp\/v2\/users\/2"}],"replies":[{"embeddable":true,"href":"https:\/\/arantv.az\/index.php?rest_route=%2Fwp%2Fv2%2Fcomments&post=657642"}],"version-history":[{"count":0,"href":"https:\/\/arantv.az\/index.php?rest_route=\/wp\/v2\/posts\/657642\/revisions"}],"wp:featuredmedia":[{"embeddable":true,"href":"https:\/\/arantv.az\/index.php?rest_route=\/wp\/v2\/media\/657645"}],"wp:attachment":[{"href":"https:\/\/arantv.az\/index.php?rest_route=%2Fwp%2Fv2%2Fmedia&parent=657642"}],"wp:term":[{"taxonomy":"category","embeddable":true,"href":"https:\/\/arantv.az\/index.php?rest_route=%2Fwp%2Fv2%2Fcategories&post=657642"},{"taxonomy":"post_tag","embeddable":true,"href":"https:\/\/arantv.az\/index.php?rest_route=%2Fwp%2Fv2%2Ftags&post=657642"}],"curies":[{"name":"wp","href":"https:\/\/api.w.org\/{rel}","templated":true}]}}