{"id":657648,"date":"2023-11-17T15:57:28","date_gmt":"2023-11-17T11:57:28","guid":{"rendered":"https:\/\/arantv.az\/?p=657648"},"modified":"2023-11-17T15:57:28","modified_gmt":"2023-11-17T11:57:28","slug":"erm%c9%99nistanin-turkiy%c9%99-il%c9%99-s%c9%99rh%c9%99dind%c9%99ki-kecid-m%c9%99nt%c9%99q%c9%99sind%c9%99-isl%c9%99r-basa-catir","status":"publish","type":"post","link":"https:\/\/arantv.az\/?p=657648","title":{"rendered":"Erm\u0259nistan\u0131n T\u00fcrkiy\u0259 il\u0259 s\u0259rh\u0259dind\u0259ki ke\u00e7id m\u0259nt\u0259q\u0259sind\u0259 i\u015fl\u0259r ba\u015fa \u00e7at\u0131r"},"content":{"rendered":"<p>Erm\u0259nistanla T\u00fcrkiy\u0259nin s\u0259rh\u0259dind\u0259 \u201cMarqara\u201d ke\u00e7id m\u0259nt\u0259q\u0259sinin tikintisi g\u0259l\u0259n h\u0259ft\u0259 ba\u015fa \u00e7ata bil\u0259r.<\/p>\n<p>Erm\u0259nistan medias\u0131n\u0131n m\u0259lumat\u0131na g\u00f6r\u0259, bunu jurnalistl\u0259r\u0259 a\u00e7\u0131qlamas\u0131nda \u00f6lk\u0259nin D\u00f6vl\u0259t G\u0259lirl\u0259ri Komit\u0259sinin r\u0259hb\u0259ri Rustam Badasyan deyib.<\/p>\n<p>\u201cM\u0259nt\u0259q\u0259d\u0259 i\u015fl\u0259r dem\u0259k olar haz\u0131rd\u0131r. Tikinti m\u00fcqavil\u0259sind\u0259 m\u00fc\u0259yy\u0259n edilmi\u015f konkret m\u00fcdd\u0259tl\u0259r var. Amma g\u0259l\u0259n h\u0259ft\u0259 o, \u00e7ox g\u00fcman ki, haz\u0131r olacaq. Dem\u0259k olar ki, b\u00fct\u00fcn i\u015fl\u0259r g\u00f6r\u00fcl\u00fcb\u201d, &#8211; dey\u0259 o bildirib.<\/p>\n<p>R.Badasyan Erm\u0259nistan-T\u00fcrkiy\u0259 s\u0259rh\u0259dinin a\u00e7\u0131l\u0131\u015f tarixi \u00a0il\u0259 ba\u011fl\u0131 m\u0259s\u0259l\u0259l\u0259r\u0259 m\u00fcnasib\u0259t bildirm\u0259yib v\u0259 bunun onun s\u0259lahiyy\u0259tin\u0259 aid olmad\u0131\u011f\u0131n\u0131 qeyd edib.<\/p>\n<p>Qeyd ed\u0259k ki, bu il may\u0131n 27-d\u0259 bildirilib ki, Erm\u0259nistan T\u00fcrkiy\u0259 il\u0259 s\u0259rh\u0259dd\u0259 yerl\u0259\u015f\u0259n\u00a0<a href=\"https:\/\/oxu.az\/world\/734805\" target=\"_blank\" rel=\"noopener\"><strong>\u201cMarqara\u201d ke\u00e7id m\u0259nt\u0259q\u0259sinin tikintisin\u0259<\/strong><\/a>\u00a0haz\u0131rla\u015f\u0131r.<\/p>\n","protected":false},"excerpt":{"rendered":"<p>Erm\u0259nistanla T\u00fcrkiy\u0259nin s\u0259rh\u0259dind\u0259 \u201cMarqara\u201d ke\u00e7id m\u0259nt\u0259q\u0259sinin tikintisi g\u0259l\u0259n h\u0259ft\u0259 ba\u015fa \u00e7ata bil\u0259r. Erm\u0259nistan medias\u0131n\u0131n m\u0259lumat\u0131na g\u00f6r\u0259, bunu jurnalistl\u0259r\u0259 a\u00e7\u0131qlamas\u0131nda \u00f6lk\u0259nin D\u00f6vl\u0259t G\u0259lirl\u0259ri Komit\u0259sinin r\u0259hb\u0259ri Rustam Badasyan deyib. \u201cM\u0259nt\u0259q\u0259d\u0259 i\u015fl\u0259r dem\u0259k olar haz\u0131rd\u0131r. Tikinti m\u00fcqavil\u0259sind\u0259 m\u00fc\u0259yy\u0259n edilmi\u015f konkret m\u00fcdd\u0259tl\u0259r var. Amma g\u0259l\u0259n h\u0259ft\u0259 o, \u00e7ox g\u00fcman ki, haz\u0131r olacaq. Dem\u0259k olar ki, b\u00fct\u00fcn i\u015fl\u0259r g\u00f6r\u00fcl\u00fcb\u201d, &#8211; dey\u0259 o bildirib. R.Badasyan Erm\u0259nistan-T\u00fcrkiy\u0259 s\u0259rh\u0259dinin a\u00e7\u0131l\u0131\u015f tarixi \u00a0il\u0259 ba\u011fl\u0131 m\u0259s\u0259l\u0259l\u0259r\u0259 m\u00fcnasib\u0259t bildirm\u0259yib v\u0259 bunun onun s\u0259lahiyy\u0259tin\u0259 aid olmad\u0131\u011f\u0131n\u0131 qeyd edib. Qeyd ed\u0259k ki, bu il may\u0131n 27-d\u0259 bildirilib ki, Erm\u0259nistan T\u00fcrkiy\u0259 il\u0259 s\u0259rh\u0259dd\u0259 yerl\u0259\u015f\u0259n\u00a0\u201cMarqara\u201d&hellip;<\/p>\n","protected":false},"author":2,"featured_media":657651,"comment_status":"closed","ping_status":"closed","sticky":false,"template":"","format":"standard","meta":{"om_disable_all_campaigns":false,"_monsterinsights_skip_tracking":false,"_monsterinsights_sitenote_active":false,"_monsterinsights_sitenote_note":"","_monsterinsights_sitenote_category":0},"categories":[7],"tags":[],"aioseo_notices":[],"gutentor_comment":0,"rttpg_featured_image_url":{"full":["https:\/\/arantv.az\/wp-content\/uploads\/2023\/11\/arm-turk-border-1.jpg",620,413,false],"landscape":["https:\/\/arantv.az\/wp-content\/uploads\/2023\/11\/arm-turk-border-1.jpg",620,413,false],"portraits":["https:\/\/arantv.az\/wp-content\/uploads\/2023\/11\/arm-turk-border-1.jpg",620,413,false],"thumbnail":["https:\/\/arantv.az\/wp-content\/uploads\/2023\/11\/arm-turk-border-1-500x280.jpg",500,280,true],"medium":["https:\/\/arantv.az\/wp-content\/uploads\/2023\/11\/arm-turk-border-1-548x365.jpg",548,365,true],"large":["https:\/\/arantv.az\/wp-content\/uploads\/2023\/11\/arm-turk-border-1.jpg",620,413,false],"1536x1536":["https:\/\/arantv.az\/wp-content\/uploads\/2023\/11\/arm-turk-border-1.jpg",620,413,false],"2048x2048":["https:\/\/arantv.az\/wp-content\/uploads\/2023\/11\/arm-turk-border-1.jpg",620,413,false],"post-thumbnail":["https:\/\/arantv.az\/wp-content\/uploads\/2023\/11\/arm-turk-border-1-240x172.jpg",240,172,true],"advps-thumb-one":["https:\/\/arantv.az\/wp-content\/uploads\/2023\/11\/arm-turk-border-1.jpg",620,413,false]},"rttpg_author":{"display_name":"V\u00fcsal Rafiqo\u011flu","author_link":"https:\/\/arantv.az\/?author=2"},"rttpg_comment":0,"rttpg_category":"<a href=\"https:\/\/arantv.az\/?cat=7\" rel=\"category\">D\u00fcnya<\/a>","rttpg_excerpt":"Erm\u0259nistanla T\u00fcrkiy\u0259nin s\u0259rh\u0259dind\u0259 \u201cMarqara\u201d ke\u00e7id m\u0259nt\u0259q\u0259sinin tikintisi g\u0259l\u0259n h\u0259ft\u0259 ba\u015fa \u00e7ata bil\u0259r. Erm\u0259nistan medias\u0131n\u0131n m\u0259lumat\u0131na g\u00f6r\u0259, bunu jurnalistl\u0259r\u0259 a\u00e7\u0131qlamas\u0131nda \u00f6lk\u0259nin D\u00f6vl\u0259t G\u0259lirl\u0259ri Komit\u0259sinin r\u0259hb\u0259ri Rustam Badasyan deyib. \u201cM\u0259nt\u0259q\u0259d\u0259 i\u015fl\u0259r dem\u0259k olar haz\u0131rd\u0131r. Tikinti m\u00fcqavil\u0259sind\u0259 m\u00fc\u0259yy\u0259n edilmi\u015f konkret m\u00fcdd\u0259tl\u0259r var. Amma g\u0259l\u0259n h\u0259ft\u0259 o, \u00e7ox g\u00fcman ki, haz\u0131r olacaq. Dem\u0259k olar ki, b\u00fct\u00fcn i\u015fl\u0259r g\u00f6r\u00fcl\u00fcb\u201d, &#8211;&hellip;","_links":{"self":[{"href":"https:\/\/arantv.az\/index.php?rest_route=\/wp\/v2\/posts\/657648"}],"collection":[{"href":"https:\/\/arantv.az\/index.php?rest_route=\/wp\/v2\/posts"}],"about":[{"href":"https:\/\/arantv.az\/index.php?rest_route=\/wp\/v2\/types\/post"}],"author":[{"embeddable":true,"href":"https:\/\/arantv.az\/index.php?rest_route=\/wp\/v2\/users\/2"}],"replies":[{"embeddable":true,"href":"https:\/\/arantv.az\/index.php?rest_route=%2Fwp%2Fv2%2Fcomments&post=657648"}],"version-history":[{"count":0,"href":"https:\/\/arantv.az\/index.php?rest_route=\/wp\/v2\/posts\/657648\/revisions"}],"wp:featuredmedia":[{"embeddable":true,"href":"https:\/\/arantv.az\/index.php?rest_route=\/wp\/v2\/media\/657651"}],"wp:attachment":[{"href":"https:\/\/arantv.az\/index.php?rest_route=%2Fwp%2Fv2%2Fmedia&parent=657648"}],"wp:term":[{"taxonomy":"category","embeddable":true,"href":"https:\/\/arantv.az\/index.php?rest_route=%2Fwp%2Fv2%2Fcategories&post=657648"},{"taxonomy":"post_tag","embeddable":true,"href":"https:\/\/arantv.az\/index.php?rest_route=%2Fwp%2Fv2%2Ftags&post=657648"}],"curies":[{"name":"wp","href":"https:\/\/api.w.org\/{rel}","templated":true}]}}