{"id":657661,"date":"2023-11-17T15:59:45","date_gmt":"2023-11-17T11:59:45","guid":{"rendered":"https:\/\/arantv.az\/?p=657661"},"modified":"2023-11-17T15:59:45","modified_gmt":"2023-11-17T11:59:45","slug":"prezident-ilham-%c9%99liyevin-namiz%c9%99dliyinin-nobel-sulh-mukafatina-t%c9%99qdim-olunmasi-t%c9%99klif-edilib","status":"publish","type":"post","link":"https:\/\/arantv.az\/?p=657661","title":{"rendered":"Prezident \u0130lham \u018fliyevin namiz\u0259dliyinin Nobel S\u00fclh m\u00fckafat\u0131na t\u0259qdim olunmas\u0131 t\u0259klif edilib"},"content":{"rendered":"<p>\u201cT\u0259klif edir\u0259m ki, Prezident \u0130lham \u018fliyevin namiz\u0259dliyi Nobel S\u00fclh m\u00fckafat\u0131na t\u0259qdim edilsin\u201d.<\/p>\n<p>APA x\u0259b\u0259r verir ki, bunu Az\u0259rbaycan Yaz\u0131\u00e7\u0131lar Birliyinin s\u0259dr m\u00fcavini Xalq yaz\u0131\u00e7\u0131s\u0131 \u00c7ingiz Abdullayev \u201cNobel m\u00fckafat\u0131na aparan yolun d\u0259rsl\u0259ri: mif, reall\u0131qlar, u\u011furlar v\u0259 \u00e7a\u011f\u0131r\u0131\u015flar\u201d adl\u0131 konfransda deyib.<\/p>\n<p>\u201cBarak Obama he\u00e7 n\u0259 etm\u0259yib, ona m\u00fckafat veribl\u0259r. Biz haqq m\u00fcharib\u0259mizd\u0259 bir u\u015fa\u011fa, qad\u0131na g\u00fcll\u0259 atmad\u0131q, z\u0259r\u0259r verm\u0259dik. Bu, c\u0259nab \u0130lham \u018fliyevin siyas\u0259tinin n\u0259tic\u0259si idi\u201d, &#8211; o deyib.<\/p>\n","protected":false},"excerpt":{"rendered":"<p>\u201cT\u0259klif edir\u0259m ki, Prezident \u0130lham \u018fliyevin namiz\u0259dliyi Nobel S\u00fclh m\u00fckafat\u0131na t\u0259qdim edilsin\u201d. APA x\u0259b\u0259r verir ki, bunu Az\u0259rbaycan Yaz\u0131\u00e7\u0131lar Birliyinin s\u0259dr m\u00fcavini Xalq yaz\u0131\u00e7\u0131s\u0131 \u00c7ingiz Abdullayev \u201cNobel m\u00fckafat\u0131na aparan yolun d\u0259rsl\u0259ri: mif, reall\u0131qlar, u\u011furlar v\u0259 \u00e7a\u011f\u0131r\u0131\u015flar\u201d adl\u0131 konfransda deyib. \u201cBarak Obama he\u00e7 n\u0259 etm\u0259yib, ona m\u00fckafat veribl\u0259r. Biz haqq m\u00fcharib\u0259mizd\u0259 bir u\u015fa\u011fa, qad\u0131na g\u00fcll\u0259 atmad\u0131q, z\u0259r\u0259r verm\u0259dik. Bu, c\u0259nab \u0130lham \u018fliyevin siyas\u0259tinin n\u0259tic\u0259si idi\u201d, &#8211; o deyib.<\/p>\n","protected":false},"author":2,"featured_media":657665,"comment_status":"closed","ping_status":"closed","sticky":false,"template":"","format":"standard","meta":{"om_disable_all_campaigns":false,"_monsterinsights_skip_tracking":false,"_monsterinsights_sitenote_active":false,"_monsterinsights_sitenote_note":"","_monsterinsights_sitenote_category":0},"categories":[4],"tags":[],"aioseo_notices":[],"gutentor_comment":0,"rttpg_featured_image_url":{"full":["https:\/\/arantv.az\/wp-content\/uploads\/2023\/11\/65574928c9a8965574928c9a8a1700219176cf8f950a23d0e059dfec415f4f835358.jpg",620,413,false],"landscape":["https:\/\/arantv.az\/wp-content\/uploads\/2023\/11\/65574928c9a8965574928c9a8a1700219176cf8f950a23d0e059dfec415f4f835358.jpg",620,413,false],"portraits":["https:\/\/arantv.az\/wp-content\/uploads\/2023\/11\/65574928c9a8965574928c9a8a1700219176cf8f950a23d0e059dfec415f4f835358.jpg",620,413,false],"thumbnail":["https:\/\/arantv.az\/wp-content\/uploads\/2023\/11\/65574928c9a8965574928c9a8a1700219176cf8f950a23d0e059dfec415f4f835358-500x280.jpg",500,280,true],"medium":["https:\/\/arantv.az\/wp-content\/uploads\/2023\/11\/65574928c9a8965574928c9a8a1700219176cf8f950a23d0e059dfec415f4f835358-548x365.jpg",548,365,true],"large":["https:\/\/arantv.az\/wp-content\/uploads\/2023\/11\/65574928c9a8965574928c9a8a1700219176cf8f950a23d0e059dfec415f4f835358.jpg",620,413,false],"1536x1536":["https:\/\/arantv.az\/wp-content\/uploads\/2023\/11\/65574928c9a8965574928c9a8a1700219176cf8f950a23d0e059dfec415f4f835358.jpg",620,413,false],"2048x2048":["https:\/\/arantv.az\/wp-content\/uploads\/2023\/11\/65574928c9a8965574928c9a8a1700219176cf8f950a23d0e059dfec415f4f835358.jpg",620,413,false],"post-thumbnail":["https:\/\/arantv.az\/wp-content\/uploads\/2023\/11\/65574928c9a8965574928c9a8a1700219176cf8f950a23d0e059dfec415f4f835358-240x172.jpg",240,172,true],"advps-thumb-one":["https:\/\/arantv.az\/wp-content\/uploads\/2023\/11\/65574928c9a8965574928c9a8a1700219176cf8f950a23d0e059dfec415f4f835358.jpg",620,413,false]},"rttpg_author":{"display_name":"V\u00fcsal Rafiqo\u011flu","author_link":"https:\/\/arantv.az\/?author=2"},"rttpg_comment":0,"rttpg_category":"<a href=\"https:\/\/arantv.az\/?cat=4\" rel=\"category\">Siyas\u0259t<\/a>","rttpg_excerpt":"\u201cT\u0259klif edir\u0259m ki, Prezident \u0130lham \u018fliyevin namiz\u0259dliyi Nobel S\u00fclh m\u00fckafat\u0131na t\u0259qdim edilsin\u201d. APA x\u0259b\u0259r verir ki, bunu Az\u0259rbaycan Yaz\u0131\u00e7\u0131lar Birliyinin s\u0259dr m\u00fcavini Xalq yaz\u0131\u00e7\u0131s\u0131 \u00c7ingiz Abdullayev \u201cNobel m\u00fckafat\u0131na aparan yolun d\u0259rsl\u0259ri: mif, reall\u0131qlar, u\u011furlar v\u0259 \u00e7a\u011f\u0131r\u0131\u015flar\u201d adl\u0131 konfransda deyib. \u201cBarak Obama he\u00e7 n\u0259 etm\u0259yib, ona m\u00fckafat veribl\u0259r. Biz haqq m\u00fcharib\u0259mizd\u0259 bir u\u015fa\u011fa, qad\u0131na g\u00fcll\u0259 atmad\u0131q,&hellip;","_links":{"self":[{"href":"https:\/\/arantv.az\/index.php?rest_route=\/wp\/v2\/posts\/657661"}],"collection":[{"href":"https:\/\/arantv.az\/index.php?rest_route=\/wp\/v2\/posts"}],"about":[{"href":"https:\/\/arantv.az\/index.php?rest_route=\/wp\/v2\/types\/post"}],"author":[{"embeddable":true,"href":"https:\/\/arantv.az\/index.php?rest_route=\/wp\/v2\/users\/2"}],"replies":[{"embeddable":true,"href":"https:\/\/arantv.az\/index.php?rest_route=%2Fwp%2Fv2%2Fcomments&post=657661"}],"version-history":[{"count":0,"href":"https:\/\/arantv.az\/index.php?rest_route=\/wp\/v2\/posts\/657661\/revisions"}],"wp:featuredmedia":[{"embeddable":true,"href":"https:\/\/arantv.az\/index.php?rest_route=\/wp\/v2\/media\/657665"}],"wp:attachment":[{"href":"https:\/\/arantv.az\/index.php?rest_route=%2Fwp%2Fv2%2Fmedia&parent=657661"}],"wp:term":[{"taxonomy":"category","embeddable":true,"href":"https:\/\/arantv.az\/index.php?rest_route=%2Fwp%2Fv2%2Fcategories&post=657661"},{"taxonomy":"post_tag","embeddable":true,"href":"https:\/\/arantv.az\/index.php?rest_route=%2Fwp%2Fv2%2Ftags&post=657661"}],"curies":[{"name":"wp","href":"https:\/\/api.w.org\/{rel}","templated":true}]}}