{"id":657681,"date":"2023-11-17T16:03:04","date_gmt":"2023-11-17T12:03:04","guid":{"rendered":"https:\/\/arantv.az\/?p=657681"},"modified":"2023-11-17T16:03:04","modified_gmt":"2023-11-17T12:03:04","slug":"muharib%c9%99-veteranlarina-veril%c9%99n-t%c9%99qaud-artirila-bil%c9%99r-r%c9%99smi-aciqlama","status":"publish","type":"post","link":"https:\/\/arantv.az\/?p=657681","title":{"rendered":"M\u00fcharib\u0259 veteranlar\u0131na veril\u0259n t\u0259qa\u00fcd art\u0131r\u0131la bil\u0259r &#8211; R\u018fSM\u0130 A\u00c7IQLAMA"},"content":{"rendered":"<p>\u201cSon d\u00f6rd il \u0259rzind\u0259, dem\u0259k olar ki, h\u0259r il apar\u0131lan islahatlar \u00e7\u0259r\u00e7iv\u0259sind\u0259 h\u0259m minimum \u0259m\u0259khaqq\u0131n\u0131n, h\u0259m minimum pensiyan\u0131n, m\u00fcxt\u0259lif sosial \u00f6d\u0259ni\u015fl\u0259rin, m\u00fcavin\u0259tl\u0259rin v\u0259 t\u0259qa\u00fcdl\u0259rin m\u0259bl\u0259\u011fl\u0259ri art\u0131r\u0131l\u0131b. Bu m\u0259s\u0259l\u0259 m\u00fcnt\u0259z\u0259m \u015f\u0259kild\u0259 h\u0259m Maliyy\u0259 Nazirliyi, h\u0259m \u0130qtisadiyyat Nazirliyind\u0259 m\u00fczakir\u0259 olunur\u201d.<\/p>\n<p>\u201cTrend\u201d x\u0259b\u0259r verir ki, bunu Milli M\u0259clisin \u0130qtisadi siyas\u0259t, s\u0259naye v\u0259 sahibkarl\u0131q komit\u0259sinin iclas\u0131nda D\u00f6vl\u0259t Sosial M\u00fcdafi\u0259 Fondunun s\u0259dri Himalay M\u0259mi\u015fov deyib.<\/p>\n<p>O qeyd edib ki, h\u0259r b\u00fcdc\u0259 ilinin imkanlar\u0131 \u00e7\u0259r\u00e7iv\u0259sind\u0259 bu m\u0259s\u0259l\u0259l\u0259r\u0259 bax\u0131l\u0131r.<\/p>\n<p>\u201c\u0130stisna deyil ki, n\u00f6vb\u0259ti il \u00fc\u00e7\u00fcn d\u0259 bu m\u0259s\u0259l\u0259l\u0259r\u0259 bax\u0131lacaq. O c\u00fcml\u0259d\u0259n, m\u00fcharib\u0259 veteranlar\u0131na t\u0259qa\u00fcd\u00fcn m\u0259bl\u0259\u011finin art\u0131r\u0131lmas\u0131 m\u0259s\u0259l\u0259l\u0259ri m\u00fczakir\u0259 olunacaq. Lakin m\u00fcharib\u0259 veteranlar\u0131na veril\u0259n t\u0259qa\u00fcd\u00fcn m\u0259bl\u0259\u011finin kommunal, n\u0259qliyyat x\u0259rcl\u0259ri il\u0259 \u0259laq\u0259l\u0259ndirilm\u0259si m\u0259s\u0259l\u0259sini m\u0259qs\u0259d\u0259uy\u011fun hesab etmirik. \u00c7\u00fcnki 2019-cu ild\u0259 kommunal v\u0259 n\u0259qliyyat x\u0259rcl\u0259rin\u0259 g\u00f6r\u0259 m\u00fcavin\u0259t l\u0259\u011fv olunub, onun \u0259v\u0259zin\u0259 m\u00fcharib\u0259 veteranlar\u0131na veril\u0259n t\u0259qa\u00fcd t\u0259sis olunub v\u0259 m\u0259bl\u0259\u011fi 80 manatd\u0131r.<\/p>\n<p>Amma yen\u0259 d\u0259 biz kommunal x\u0259rcl\u0259rl\u0259 bunun m\u00fcqayis\u0259sini aparmaq ist\u0259s\u0259k, D\u00f6vl\u0259t Statistika Komit\u0259sinin 2022-ci il statistik m\u0259lumat\u0131na \u0259sas\u0259n, istehlak x\u0259rcl\u0259rinin t\u0259rkibind\u0259 su, i\u015f\u0131q, qaz v\u0259 dig\u0259r yanacaq n\u00f6vl\u0259rin\u0259 g\u00f6r\u0259 x\u0259rcl\u0259r t\u0259xmin\u0259n 27 manat 17 q\u0259pik, n\u0259qliyyat x\u0259rcl\u0259rin\u0259 g\u00f6r\u0259 21 manat 85 q\u0259pik v\u0259 rabit\u0259 x\u0259rcl\u0259rin\u0259 g\u00f6r\u0259 11 manat 20 q\u0259pik, \u00fcmumilikd\u0259 is\u0259 bir n\u0259f\u0259r \u00fc\u00e7\u00fcn 60 manat 22 q\u0259pik m\u0259bl\u0259\u011find\u0259 m\u00fc\u0259yy\u0259n edilib ki, haz\u0131rk\u0131 t\u0259qa\u00fcd\u00fcn m\u0259bl\u0259\u011fi d\u0259 qeyd edil\u0259n x\u0259rci 33 faiz \u00fcst\u0259l\u0259yir\u201d, &#8211; dey\u0259 o qeyd edib.<\/p>\n","protected":false},"excerpt":{"rendered":"<p>\u201cSon d\u00f6rd il \u0259rzind\u0259, dem\u0259k olar ki, h\u0259r il apar\u0131lan islahatlar \u00e7\u0259r\u00e7iv\u0259sind\u0259 h\u0259m minimum \u0259m\u0259khaqq\u0131n\u0131n, h\u0259m minimum pensiyan\u0131n, m\u00fcxt\u0259lif sosial \u00f6d\u0259ni\u015fl\u0259rin, m\u00fcavin\u0259tl\u0259rin v\u0259 t\u0259qa\u00fcdl\u0259rin m\u0259bl\u0259\u011fl\u0259ri art\u0131r\u0131l\u0131b. Bu m\u0259s\u0259l\u0259 m\u00fcnt\u0259z\u0259m \u015f\u0259kild\u0259 h\u0259m Maliyy\u0259 Nazirliyi, h\u0259m \u0130qtisadiyyat Nazirliyind\u0259 m\u00fczakir\u0259 olunur\u201d. \u201cTrend\u201d x\u0259b\u0259r verir ki, bunu Milli M\u0259clisin \u0130qtisadi siyas\u0259t, s\u0259naye v\u0259 sahibkarl\u0131q komit\u0259sinin iclas\u0131nda D\u00f6vl\u0259t Sosial M\u00fcdafi\u0259 Fondunun s\u0259dri Himalay M\u0259mi\u015fov deyib. O qeyd edib ki, h\u0259r b\u00fcdc\u0259 ilinin imkanlar\u0131 \u00e7\u0259r\u00e7iv\u0259sind\u0259 bu m\u0259s\u0259l\u0259l\u0259r\u0259 bax\u0131l\u0131r. \u201c\u0130stisna deyil ki, n\u00f6vb\u0259ti il \u00fc\u00e7\u00fcn d\u0259 bu m\u0259s\u0259l\u0259l\u0259r\u0259 bax\u0131lacaq. O c\u00fcml\u0259d\u0259n, m\u00fcharib\u0259 veteranlar\u0131na t\u0259qa\u00fcd\u00fcn m\u0259bl\u0259\u011finin art\u0131r\u0131lmas\u0131 m\u0259s\u0259l\u0259l\u0259ri&hellip;<\/p>\n","protected":false},"author":2,"featured_media":657682,"comment_status":"closed","ping_status":"closed","sticky":false,"template":"","format":"standard","meta":{"om_disable_all_campaigns":false,"_monsterinsights_skip_tracking":false,"_monsterinsights_sitenote_active":false,"_monsterinsights_sitenote_note":"","_monsterinsights_sitenote_category":0},"categories":[4],"tags":[],"aioseo_notices":[],"gutentor_comment":0,"rttpg_featured_image_url":{"full":["https:\/\/arantv.az\/wp-content\/uploads\/2023\/11\/FotoJet-73-2.jpg",620,413,false],"landscape":["https:\/\/arantv.az\/wp-content\/uploads\/2023\/11\/FotoJet-73-2.jpg",620,413,false],"portraits":["https:\/\/arantv.az\/wp-content\/uploads\/2023\/11\/FotoJet-73-2.jpg",620,413,false],"thumbnail":["https:\/\/arantv.az\/wp-content\/uploads\/2023\/11\/FotoJet-73-2-500x280.jpg",500,280,true],"medium":["https:\/\/arantv.az\/wp-content\/uploads\/2023\/11\/FotoJet-73-2-548x365.jpg",548,365,true],"large":["https:\/\/arantv.az\/wp-content\/uploads\/2023\/11\/FotoJet-73-2.jpg",620,413,false],"1536x1536":["https:\/\/arantv.az\/wp-content\/uploads\/2023\/11\/FotoJet-73-2.jpg",620,413,false],"2048x2048":["https:\/\/arantv.az\/wp-content\/uploads\/2023\/11\/FotoJet-73-2.jpg",620,413,false],"post-thumbnail":["https:\/\/arantv.az\/wp-content\/uploads\/2023\/11\/FotoJet-73-2-240x172.jpg",240,172,true],"advps-thumb-one":["https:\/\/arantv.az\/wp-content\/uploads\/2023\/11\/FotoJet-73-2.jpg",620,413,false]},"rttpg_author":{"display_name":"V\u00fcsal Rafiqo\u011flu","author_link":"https:\/\/arantv.az\/?author=2"},"rttpg_comment":0,"rttpg_category":"<a href=\"https:\/\/arantv.az\/?cat=4\" rel=\"category\">Siyas\u0259t<\/a>","rttpg_excerpt":"\u201cSon d\u00f6rd il \u0259rzind\u0259, dem\u0259k olar ki, h\u0259r il apar\u0131lan islahatlar \u00e7\u0259r\u00e7iv\u0259sind\u0259 h\u0259m minimum \u0259m\u0259khaqq\u0131n\u0131n, h\u0259m minimum pensiyan\u0131n, m\u00fcxt\u0259lif sosial \u00f6d\u0259ni\u015fl\u0259rin, m\u00fcavin\u0259tl\u0259rin v\u0259 t\u0259qa\u00fcdl\u0259rin m\u0259bl\u0259\u011fl\u0259ri art\u0131r\u0131l\u0131b. Bu m\u0259s\u0259l\u0259 m\u00fcnt\u0259z\u0259m \u015f\u0259kild\u0259 h\u0259m Maliyy\u0259 Nazirliyi, h\u0259m \u0130qtisadiyyat Nazirliyind\u0259 m\u00fczakir\u0259 olunur\u201d. \u201cTrend\u201d x\u0259b\u0259r verir ki, bunu Milli M\u0259clisin \u0130qtisadi siyas\u0259t, s\u0259naye v\u0259 sahibkarl\u0131q komit\u0259sinin iclas\u0131nda D\u00f6vl\u0259t Sosial M\u00fcdafi\u0259&hellip;","_links":{"self":[{"href":"https:\/\/arantv.az\/index.php?rest_route=\/wp\/v2\/posts\/657681"}],"collection":[{"href":"https:\/\/arantv.az\/index.php?rest_route=\/wp\/v2\/posts"}],"about":[{"href":"https:\/\/arantv.az\/index.php?rest_route=\/wp\/v2\/types\/post"}],"author":[{"embeddable":true,"href":"https:\/\/arantv.az\/index.php?rest_route=\/wp\/v2\/users\/2"}],"replies":[{"embeddable":true,"href":"https:\/\/arantv.az\/index.php?rest_route=%2Fwp%2Fv2%2Fcomments&post=657681"}],"version-history":[{"count":0,"href":"https:\/\/arantv.az\/index.php?rest_route=\/wp\/v2\/posts\/657681\/revisions"}],"wp:featuredmedia":[{"embeddable":true,"href":"https:\/\/arantv.az\/index.php?rest_route=\/wp\/v2\/media\/657682"}],"wp:attachment":[{"href":"https:\/\/arantv.az\/index.php?rest_route=%2Fwp%2Fv2%2Fmedia&parent=657681"}],"wp:term":[{"taxonomy":"category","embeddable":true,"href":"https:\/\/arantv.az\/index.php?rest_route=%2Fwp%2Fv2%2Fcategories&post=657681"},{"taxonomy":"post_tag","embeddable":true,"href":"https:\/\/arantv.az\/index.php?rest_route=%2Fwp%2Fv2%2Ftags&post=657681"}],"curies":[{"name":"wp","href":"https:\/\/api.w.org\/{rel}","templated":true}]}}