{"id":657685,"date":"2023-11-17T16:03:43","date_gmt":"2023-11-17T12:03:43","guid":{"rendered":"https:\/\/arantv.az\/?p=657685"},"modified":"2023-11-17T16:03:43","modified_gmt":"2023-11-17T12:03:43","slug":"bu-il-ukraynadan-deportasiya-olunan-az%c9%99rbaycan-v%c9%99t%c9%99ndaslarinin-sayi-aciqlanib","status":"publish","type":"post","link":"https:\/\/arantv.az\/?p=657685","title":{"rendered":"Bu il Ukraynadan deportasiya olunan Az\u0259rbaycan v\u0259t\u0259nda\u015flar\u0131n\u0131n say\u0131 a\u00e7\u0131qlan\u0131b"},"content":{"rendered":"<p>Bu il yanvar\u0131n 1-d\u0259n noyabr\u0131n 1-n\u0259 q\u0259d\u0259r olan m\u00fcdd\u0259td\u0259 Ukraynadan deportasiya olunan Az\u0259rbaycan v\u0259t\u0259nda\u015flar\u0131n\u0131n say\u0131 a\u00e7\u0131qlan\u0131b.<\/p>\n<p>\u201cReport\u201dun \u015e\u0259rqi Avropa b\u00fcrosunun sor\u011fusuna cavab olaraq Ukrayna D\u00f6vl\u0259t Miqrasiya Xidm\u0259tind\u0259n bildirilib ki, bu il 40 Az\u0259rbaycan v\u0259t\u0259nda\u015f\u0131 \u00f6lk\u0259d\u0259n deportasiya olunub.<\/p>\n<p>Buna s\u0259b\u0259b h\u0259min \u015f\u0259xsl\u0259rin Ukrayna qanunvericiliyinin t\u0259l\u0259bl\u0259rini pozmalar\u0131d\u0131r.<\/p>\n","protected":false},"excerpt":{"rendered":"<p>Bu il yanvar\u0131n 1-d\u0259n noyabr\u0131n 1-n\u0259 q\u0259d\u0259r olan m\u00fcdd\u0259td\u0259 Ukraynadan deportasiya olunan Az\u0259rbaycan v\u0259t\u0259nda\u015flar\u0131n\u0131n say\u0131 a\u00e7\u0131qlan\u0131b. \u201cReport\u201dun \u015e\u0259rqi Avropa b\u00fcrosunun sor\u011fusuna cavab olaraq Ukrayna D\u00f6vl\u0259t Miqrasiya Xidm\u0259tind\u0259n bildirilib ki, bu il 40 Az\u0259rbaycan v\u0259t\u0259nda\u015f\u0131 \u00f6lk\u0259d\u0259n deportasiya olunub. Buna s\u0259b\u0259b h\u0259min \u015f\u0259xsl\u0259rin Ukrayna qanunvericiliyinin t\u0259l\u0259bl\u0259rini pozmalar\u0131d\u0131r.<\/p>\n","protected":false},"author":2,"featured_media":657687,"comment_status":"closed","ping_status":"closed","sticky":false,"template":"","format":"standard","meta":{"om_disable_all_campaigns":false,"_monsterinsights_skip_tracking":false,"_monsterinsights_sitenote_active":false,"_monsterinsights_sitenote_note":"","_monsterinsights_sitenote_category":0},"categories":[1],"tags":[],"aioseo_notices":[],"gutentor_comment":0,"rttpg_featured_image_url":{"full":["https:\/\/arantv.az\/wp-content\/uploads\/2023\/11\/ac8d85f0-cea6-3c21-ac85-61f2ea6a6d84_850.jpg",620,413,false],"landscape":["https:\/\/arantv.az\/wp-content\/uploads\/2023\/11\/ac8d85f0-cea6-3c21-ac85-61f2ea6a6d84_850.jpg",620,413,false],"portraits":["https:\/\/arantv.az\/wp-content\/uploads\/2023\/11\/ac8d85f0-cea6-3c21-ac85-61f2ea6a6d84_850.jpg",620,413,false],"thumbnail":["https:\/\/arantv.az\/wp-content\/uploads\/2023\/11\/ac8d85f0-cea6-3c21-ac85-61f2ea6a6d84_850-500x280.jpg",500,280,true],"medium":["https:\/\/arantv.az\/wp-content\/uploads\/2023\/11\/ac8d85f0-cea6-3c21-ac85-61f2ea6a6d84_850-548x365.jpg",548,365,true],"large":["https:\/\/arantv.az\/wp-content\/uploads\/2023\/11\/ac8d85f0-cea6-3c21-ac85-61f2ea6a6d84_850.jpg",620,413,false],"1536x1536":["https:\/\/arantv.az\/wp-content\/uploads\/2023\/11\/ac8d85f0-cea6-3c21-ac85-61f2ea6a6d84_850.jpg",620,413,false],"2048x2048":["https:\/\/arantv.az\/wp-content\/uploads\/2023\/11\/ac8d85f0-cea6-3c21-ac85-61f2ea6a6d84_850.jpg",620,413,false],"post-thumbnail":["https:\/\/arantv.az\/wp-content\/uploads\/2023\/11\/ac8d85f0-cea6-3c21-ac85-61f2ea6a6d84_850-240x172.jpg",240,172,true],"advps-thumb-one":["https:\/\/arantv.az\/wp-content\/uploads\/2023\/11\/ac8d85f0-cea6-3c21-ac85-61f2ea6a6d84_850.jpg",620,413,false]},"rttpg_author":{"display_name":"V\u00fcsal Rafiqo\u011flu","author_link":"https:\/\/arantv.az\/?author=2"},"rttpg_comment":0,"rttpg_category":"<a href=\"https:\/\/arantv.az\/?cat=1\" rel=\"category\">C\u0259miyy\u0259t<\/a>","rttpg_excerpt":"Bu il yanvar\u0131n 1-d\u0259n noyabr\u0131n 1-n\u0259 q\u0259d\u0259r olan m\u00fcdd\u0259td\u0259 Ukraynadan deportasiya olunan Az\u0259rbaycan v\u0259t\u0259nda\u015flar\u0131n\u0131n say\u0131 a\u00e7\u0131qlan\u0131b. \u201cReport\u201dun \u015e\u0259rqi Avropa b\u00fcrosunun sor\u011fusuna cavab olaraq Ukrayna D\u00f6vl\u0259t Miqrasiya Xidm\u0259tind\u0259n bildirilib ki, bu il 40 Az\u0259rbaycan v\u0259t\u0259nda\u015f\u0131 \u00f6lk\u0259d\u0259n deportasiya olunub. Buna s\u0259b\u0259b h\u0259min \u015f\u0259xsl\u0259rin Ukrayna qanunvericiliyinin t\u0259l\u0259bl\u0259rini pozmalar\u0131d\u0131r.","_links":{"self":[{"href":"https:\/\/arantv.az\/index.php?rest_route=\/wp\/v2\/posts\/657685"}],"collection":[{"href":"https:\/\/arantv.az\/index.php?rest_route=\/wp\/v2\/posts"}],"about":[{"href":"https:\/\/arantv.az\/index.php?rest_route=\/wp\/v2\/types\/post"}],"author":[{"embeddable":true,"href":"https:\/\/arantv.az\/index.php?rest_route=\/wp\/v2\/users\/2"}],"replies":[{"embeddable":true,"href":"https:\/\/arantv.az\/index.php?rest_route=%2Fwp%2Fv2%2Fcomments&post=657685"}],"version-history":[{"count":0,"href":"https:\/\/arantv.az\/index.php?rest_route=\/wp\/v2\/posts\/657685\/revisions"}],"wp:featuredmedia":[{"embeddable":true,"href":"https:\/\/arantv.az\/index.php?rest_route=\/wp\/v2\/media\/657687"}],"wp:attachment":[{"href":"https:\/\/arantv.az\/index.php?rest_route=%2Fwp%2Fv2%2Fmedia&parent=657685"}],"wp:term":[{"taxonomy":"category","embeddable":true,"href":"https:\/\/arantv.az\/index.php?rest_route=%2Fwp%2Fv2%2Fcategories&post=657685"},{"taxonomy":"post_tag","embeddable":true,"href":"https:\/\/arantv.az\/index.php?rest_route=%2Fwp%2Fv2%2Ftags&post=657685"}],"curies":[{"name":"wp","href":"https:\/\/api.w.org\/{rel}","templated":true}]}}