{"id":657686,"date":"2023-11-17T16:04:17","date_gmt":"2023-11-17T12:04:17","guid":{"rendered":"https:\/\/arantv.az\/?p=657686"},"modified":"2023-11-17T16:04:17","modified_gmt":"2023-11-17T12:04:17","slug":"%c9%99rzaq-magazalari-aptekl%c9%99r-uzr%c9%99-tarifl%c9%99r-azaldildi","status":"publish","type":"post","link":"https:\/\/arantv.az\/?p=657686","title":{"rendered":"\u018frzaq ma\u011fazalar\u0131, aptekl\u0259r \u00fczr\u0259 tarifl\u0259r azald\u0131ld\u0131"},"content":{"rendered":"<p>M\u0259rk\u0259zi Bank haqq\u0131nda qanuna edilmi\u015f d\u0259yi\u015fiklikl\u0259rl\u0259 \u0259laq\u0259dar AMB-y\u0259 b\u00fct\u00f6vl\u00fckd\u0259 \u00f6d\u0259ni\u015f sistemi i\u015ftirak\u00e7\u0131lar\u0131 aras\u0131nda t\u0259tbiq edil\u0259n xidm\u0259t haqq\u0131 tarifl\u0259rinin yuxar\u0131 h\u0259ddini m\u00fc\u0259yy\u0259n etm\u0259k h\u00fcququ verilib.<\/p>\n<p>\u201cTrend\u201d x\u0259b\u0259r verir ki, bunu Milli M\u0259clisin \u0130qtisadi siyas\u0259t, s\u0259naye v\u0259 sahibkarl\u0131q komit\u0259sinin iclas\u0131nda M\u0259rk\u0259zi Bank\u0131n s\u0259drinin birinci m\u00fcavini R\u0259\u015fad Orucov deyib.<\/p>\n<p>\u201cBu h\u00fcquqdan istifad\u0259 ed\u0259r\u0259k AMB 25 oktyabrda bu \u201cinterchange\u201d tarifl\u0259rinin yuxar\u0131-orta h\u0259ddini m\u00fc\u0259yy\u0259n edib. Bu h\u0259dd orta hesabla 36% azald\u0131l\u0131b. X\u00fcsusil\u0259 bu h\u0259dd h\u0259ssas xidm\u0259t n\u00f6vl\u0259ri olan \u0259rzaq ma\u011fazalar\u0131, aptekl\u0259r \u00fc\u00e7\u00fcn q\u0259bul edil\u0259n \u00f6d\u0259ni\u015fl\u0259r \u00fczr\u0259 33%, yanacaq doldurma m\u0259nt\u0259q\u0259l\u0259rind\u0259 55%, dig\u0259r proqramlar \u00fczr\u0259 is\u0259 22% azald\u0131l\u0131b\u201d, &#8211; dey\u0259 R.Orucov \u0259lav\u0259 edib.<\/p>\n","protected":false},"excerpt":{"rendered":"<p>M\u0259rk\u0259zi Bank haqq\u0131nda qanuna edilmi\u015f d\u0259yi\u015fiklikl\u0259rl\u0259 \u0259laq\u0259dar AMB-y\u0259 b\u00fct\u00f6vl\u00fckd\u0259 \u00f6d\u0259ni\u015f sistemi i\u015ftirak\u00e7\u0131lar\u0131 aras\u0131nda t\u0259tbiq edil\u0259n xidm\u0259t haqq\u0131 tarifl\u0259rinin yuxar\u0131 h\u0259ddini m\u00fc\u0259yy\u0259n etm\u0259k h\u00fcququ verilib. \u201cTrend\u201d x\u0259b\u0259r verir ki, bunu Milli M\u0259clisin \u0130qtisadi siyas\u0259t, s\u0259naye v\u0259 sahibkarl\u0131q komit\u0259sinin iclas\u0131nda M\u0259rk\u0259zi Bank\u0131n s\u0259drinin birinci m\u00fcavini R\u0259\u015fad Orucov deyib. \u201cBu h\u00fcquqdan istifad\u0259 ed\u0259r\u0259k AMB 25 oktyabrda bu \u201cinterchange\u201d tarifl\u0259rinin yuxar\u0131-orta h\u0259ddini m\u00fc\u0259yy\u0259n edib. Bu h\u0259dd orta hesabla 36% azald\u0131l\u0131b. X\u00fcsusil\u0259 bu h\u0259dd h\u0259ssas xidm\u0259t n\u00f6vl\u0259ri olan \u0259rzaq ma\u011fazalar\u0131, aptekl\u0259r \u00fc\u00e7\u00fcn q\u0259bul edil\u0259n \u00f6d\u0259ni\u015fl\u0259r \u00fczr\u0259 33%, yanacaq doldurma m\u0259nt\u0259q\u0259l\u0259rind\u0259 55%, dig\u0259r proqramlar \u00fczr\u0259 is\u0259&hellip;<\/p>\n","protected":false},"author":2,"featured_media":657689,"comment_status":"closed","ping_status":"closed","sticky":false,"template":"","format":"standard","meta":{"om_disable_all_campaigns":false,"_monsterinsights_skip_tracking":false,"_monsterinsights_sitenote_active":false,"_monsterinsights_sitenote_note":"","_monsterinsights_sitenote_category":0},"categories":[19],"tags":[],"aioseo_notices":[],"gutentor_comment":0,"rttpg_featured_image_url":{"full":["https:\/\/arantv.az\/wp-content\/uploads\/2023\/11\/magaza.jpg",620,413,false],"landscape":["https:\/\/arantv.az\/wp-content\/uploads\/2023\/11\/magaza.jpg",620,413,false],"portraits":["https:\/\/arantv.az\/wp-content\/uploads\/2023\/11\/magaza.jpg",620,413,false],"thumbnail":["https:\/\/arantv.az\/wp-content\/uploads\/2023\/11\/magaza-500x280.jpg",500,280,true],"medium":["https:\/\/arantv.az\/wp-content\/uploads\/2023\/11\/magaza-548x365.jpg",548,365,true],"large":["https:\/\/arantv.az\/wp-content\/uploads\/2023\/11\/magaza.jpg",620,413,false],"1536x1536":["https:\/\/arantv.az\/wp-content\/uploads\/2023\/11\/magaza.jpg",620,413,false],"2048x2048":["https:\/\/arantv.az\/wp-content\/uploads\/2023\/11\/magaza.jpg",620,413,false],"post-thumbnail":["https:\/\/arantv.az\/wp-content\/uploads\/2023\/11\/magaza-240x172.jpg",240,172,true],"advps-thumb-one":["https:\/\/arantv.az\/wp-content\/uploads\/2023\/11\/magaza.jpg",620,413,false]},"rttpg_author":{"display_name":"V\u00fcsal Rafiqo\u011flu","author_link":"https:\/\/arantv.az\/?author=2"},"rttpg_comment":0,"rttpg_category":"<a href=\"https:\/\/arantv.az\/?cat=19\" rel=\"category\">G\u00fcnd\u0259m<\/a>","rttpg_excerpt":"M\u0259rk\u0259zi Bank haqq\u0131nda qanuna edilmi\u015f d\u0259yi\u015fiklikl\u0259rl\u0259 \u0259laq\u0259dar AMB-y\u0259 b\u00fct\u00f6vl\u00fckd\u0259 \u00f6d\u0259ni\u015f sistemi i\u015ftirak\u00e7\u0131lar\u0131 aras\u0131nda t\u0259tbiq edil\u0259n xidm\u0259t haqq\u0131 tarifl\u0259rinin yuxar\u0131 h\u0259ddini m\u00fc\u0259yy\u0259n etm\u0259k h\u00fcququ verilib. \u201cTrend\u201d x\u0259b\u0259r verir ki, bunu Milli M\u0259clisin \u0130qtisadi siyas\u0259t, s\u0259naye v\u0259 sahibkarl\u0131q komit\u0259sinin iclas\u0131nda M\u0259rk\u0259zi Bank\u0131n s\u0259drinin birinci m\u00fcavini R\u0259\u015fad Orucov deyib. \u201cBu h\u00fcquqdan istifad\u0259 ed\u0259r\u0259k AMB 25 oktyabrda bu \u201cinterchange\u201d&hellip;","_links":{"self":[{"href":"https:\/\/arantv.az\/index.php?rest_route=\/wp\/v2\/posts\/657686"}],"collection":[{"href":"https:\/\/arantv.az\/index.php?rest_route=\/wp\/v2\/posts"}],"about":[{"href":"https:\/\/arantv.az\/index.php?rest_route=\/wp\/v2\/types\/post"}],"author":[{"embeddable":true,"href":"https:\/\/arantv.az\/index.php?rest_route=\/wp\/v2\/users\/2"}],"replies":[{"embeddable":true,"href":"https:\/\/arantv.az\/index.php?rest_route=%2Fwp%2Fv2%2Fcomments&post=657686"}],"version-history":[{"count":0,"href":"https:\/\/arantv.az\/index.php?rest_route=\/wp\/v2\/posts\/657686\/revisions"}],"wp:featuredmedia":[{"embeddable":true,"href":"https:\/\/arantv.az\/index.php?rest_route=\/wp\/v2\/media\/657689"}],"wp:attachment":[{"href":"https:\/\/arantv.az\/index.php?rest_route=%2Fwp%2Fv2%2Fmedia&parent=657686"}],"wp:term":[{"taxonomy":"category","embeddable":true,"href":"https:\/\/arantv.az\/index.php?rest_route=%2Fwp%2Fv2%2Fcategories&post=657686"},{"taxonomy":"post_tag","embeddable":true,"href":"https:\/\/arantv.az\/index.php?rest_route=%2Fwp%2Fv2%2Ftags&post=657686"}],"curies":[{"name":"wp","href":"https:\/\/api.w.org\/{rel}","templated":true}]}}