{"id":657693,"date":"2023-11-17T16:05:11","date_gmt":"2023-11-17T12:05:11","guid":{"rendered":"https:\/\/arantv.az\/?p=657693"},"modified":"2023-11-17T16:05:11","modified_gmt":"2023-11-17T12:05:11","slug":"turkiy%c9%99-ali-secki-surasinin-numay%c9%99nd%c9%99-hey%c9%99ti-ulu-ond%c9%99rin-m%c9%99zarini-v%c9%99-s%c9%99hidl%c9%99r-xiyabanini-ziyar%c9%99t-edib","status":"publish","type":"post","link":"https:\/\/arantv.az\/?p=657693","title":{"rendered":"T\u00fcrkiy\u0259 Ali Se\u00e7ki \u015euras\u0131n\u0131n n\u00fcmay\u0259nd\u0259 hey\u0259ti ulu \u00f6nd\u0259rin m\u0259zar\u0131n\u0131 v\u0259 \u015e\u0259hidl\u0259r xiyaban\u0131n\u0131 ziyar\u0259t edib"},"content":{"rendered":"<p>Az\u0259rbaycanda s\u0259f\u0259rd\u0259 olan T\u00fcrkiy\u0259 Y\u00fcks\u0259k Se\u00e7im Kurulunun s\u0259dri Ahmet Yenerin r\u0259hb\u0259rlik etdiyi n\u00fcmay\u0259nd\u0259 hey\u0259ti noyabr\u0131n 17-d\u0259 ulu \u00f6nd\u0259r Heyd\u0259r \u018fliyevin m\u0259zar\u0131n\u0131 v\u0259 \u015e\u0259hidl\u0259r xiyaban\u0131n\u0131 ziyar\u0259t edib.<\/p>\n<p>AZ\u018fRTAC x\u0259b\u0259r verir ki, n\u00fcmay\u0259nd\u0259 hey\u0259ti \u0259vv\u0259lc\u0259 F\u0259xri xiyabana g\u0259l\u0259r\u0259k xalq\u0131m\u0131z\u0131n \u00fcmummilli lideri, m\u00fcasir m\u00fcst\u0259qil Az\u0259rbaycan d\u00f6vl\u0259tinin memar\u0131 v\u0259 qurucusu Heyd\u0259r \u018fliyevin xatir\u0259sini d\u0259rin ehtiramla yad edib, m\u0259zar\u0131 \u00f6n\u00fcn\u0259 t\u0259r g\u00fcll\u0259r d\u00fcz\u00fcb.<\/p>\n<p>G\u00f6rk\u0259mli oftalmoloq-alim, akademik Z\u0259rif\u0259 xan\u0131m \u018fliyevan\u0131n da xatir\u0259si ehtiramla an\u0131l\u0131b, m\u0259zar\u0131 \u00fcz\u0259rin\u0259 t\u0259r \u00e7i\u00e7\u0259kl\u0259r d\u00fcz\u00fcl\u00fcb.<\/p>\n<p>Sonra \u015e\u0259hidl\u0259r xiyaban\u0131na g\u0259l\u0259n qonaqlar \u00f6lk\u0259mizin azadl\u0131\u011f\u0131 v\u0259 suverenliyi u\u011frunda m\u00fcbariz\u0259d\u0259 canlar\u0131ndan ke\u00e7mi\u015f q\u0259hr\u0259man V\u0259t\u0259n \u00f6vladlar\u0131n\u0131n xatir\u0259sini ehtiramla an\u0131b, m\u0259zarlar\u0131 \u00fcz\u0259rin\u0259 t\u0259r \u00e7i\u00e7\u0259kl\u0259r d\u00fcz\u00fcb, \u201c\u018fb\u0259di m\u0259\u015f\u0259l\u201d abid\u0259sini ziyar\u0259t edibl\u0259r.<\/p>\n<p>Bak\u0131n\u0131n \u0259n h\u00fcnd\u00fcr n\u00f6qt\u0259sind\u0259n Az\u0259rbaycan paytaxt\u0131n\u0131n m\u0259nz\u0259r\u0259sini seyr ed\u0259n qonaqlara \u015e\u0259hidl\u0259r xiyaban\u0131n\u0131n tarixi v\u0259 \u015f\u0259h\u0259rimizd\u0259 g\u00f6r\u00fcl\u0259n abadl\u0131q-quruculuq i\u015fl\u0259ri bar\u0259d\u0259 \u0259trafl\u0131 m\u0259lumat verilib.<\/p>\n<p>Daha sonra n\u00fcmay\u0259nd\u0259 hey\u0259ti \u015e\u0259hidl\u0259r xiyaban\u0131nda 1918-ci ild\u0259 Bak\u0131n\u0131n bol\u015fevik-erm\u0259ni da\u015fnak qo\u015funlar\u0131ndan azad edilm\u0259si u\u011frunda d\u00f6y\u00fc\u015fl\u0259rd\u0259 h\u0259lak olmu\u015f q\u0259hr\u0259man t\u00fcrk \u0259sg\u0259rl\u0259rinin xatir\u0259sin\u0259 ucald\u0131lm\u0131\u015f abid\u0259nin \u00f6n\u00fcn\u0259 g\u00fcll\u0259r qoyub, \u015e\u0259hidlik kitab\u0259sinin \u00fcz\u0259rin\u0259 g\u00fcll\u0259r d\u00fcz\u00fcb.<\/p>\n<p>&nbsp;<\/p>\n<div class=\"gallery\">\n<div class=\"gallery-i\"><img src=\"https:\/\/cdn.oxu.az\/uploads\/W1siZiIsIjIwMjMvMTEvMTcvMTMvMzIvMDkvNWY2NzIxNGMtMzc1My00MTA4LTkxOWMtMThjNmUwZjdmYjY3LzE3MDAyMTMyNzQyMDc2MzczMTdfMTIwMHg2MzAuanBnIl0sWyJwIiwiZW5jb2RlIiwianBnIiwiLXF1YWxpdHkgODAiXSxbInAiLCJ0aHVtYiIsIjU5MHg1OTBcdTAwM2UiXV0?sha=c48b09a01af725cb\" alt=\"\" \/><\/div>\n<\/div>\n","protected":false},"excerpt":{"rendered":"<p>Az\u0259rbaycanda s\u0259f\u0259rd\u0259 olan T\u00fcrkiy\u0259 Y\u00fcks\u0259k Se\u00e7im Kurulunun s\u0259dri Ahmet Yenerin r\u0259hb\u0259rlik etdiyi n\u00fcmay\u0259nd\u0259 hey\u0259ti noyabr\u0131n 17-d\u0259 ulu \u00f6nd\u0259r Heyd\u0259r \u018fliyevin m\u0259zar\u0131n\u0131 v\u0259 \u015e\u0259hidl\u0259r xiyaban\u0131n\u0131 ziyar\u0259t edib. AZ\u018fRTAC x\u0259b\u0259r verir ki, n\u00fcmay\u0259nd\u0259 hey\u0259ti \u0259vv\u0259lc\u0259 F\u0259xri xiyabana g\u0259l\u0259r\u0259k xalq\u0131m\u0131z\u0131n \u00fcmummilli lideri, m\u00fcasir m\u00fcst\u0259qil Az\u0259rbaycan d\u00f6vl\u0259tinin memar\u0131 v\u0259 qurucusu Heyd\u0259r \u018fliyevin xatir\u0259sini d\u0259rin ehtiramla yad edib, m\u0259zar\u0131 \u00f6n\u00fcn\u0259 t\u0259r g\u00fcll\u0259r d\u00fcz\u00fcb. G\u00f6rk\u0259mli oftalmoloq-alim, akademik Z\u0259rif\u0259 xan\u0131m \u018fliyevan\u0131n da xatir\u0259si ehtiramla an\u0131l\u0131b, m\u0259zar\u0131 \u00fcz\u0259rin\u0259 t\u0259r \u00e7i\u00e7\u0259kl\u0259r d\u00fcz\u00fcl\u00fcb. Sonra \u015e\u0259hidl\u0259r xiyaban\u0131na g\u0259l\u0259n qonaqlar \u00f6lk\u0259mizin azadl\u0131\u011f\u0131 v\u0259 suverenliyi u\u011frunda m\u00fcbariz\u0259d\u0259 canlar\u0131ndan ke\u00e7mi\u015f q\u0259hr\u0259man V\u0259t\u0259n \u00f6vladlar\u0131n\u0131n xatir\u0259sini&hellip;<\/p>\n","protected":false},"author":2,"featured_media":657696,"comment_status":"closed","ping_status":"closed","sticky":false,"template":"","format":"standard","meta":{"om_disable_all_campaigns":false,"_monsterinsights_skip_tracking":false,"_monsterinsights_sitenote_active":false,"_monsterinsights_sitenote_note":"","_monsterinsights_sitenote_category":0},"categories":[4],"tags":[],"aioseo_notices":[],"gutentor_comment":0,"rttpg_featured_image_url":{"full":["https:\/\/arantv.az\/wp-content\/uploads\/2023\/11\/17002132734533739899_1200x630.jpg",620,413,false],"landscape":["https:\/\/arantv.az\/wp-content\/uploads\/2023\/11\/17002132734533739899_1200x630.jpg",620,413,false],"portraits":["https:\/\/arantv.az\/wp-content\/uploads\/2023\/11\/17002132734533739899_1200x630.jpg",620,413,false],"thumbnail":["https:\/\/arantv.az\/wp-content\/uploads\/2023\/11\/17002132734533739899_1200x630-500x280.jpg",500,280,true],"medium":["https:\/\/arantv.az\/wp-content\/uploads\/2023\/11\/17002132734533739899_1200x630-548x365.jpg",548,365,true],"large":["https:\/\/arantv.az\/wp-content\/uploads\/2023\/11\/17002132734533739899_1200x630.jpg",620,413,false],"1536x1536":["https:\/\/arantv.az\/wp-content\/uploads\/2023\/11\/17002132734533739899_1200x630.jpg",620,413,false],"2048x2048":["https:\/\/arantv.az\/wp-content\/uploads\/2023\/11\/17002132734533739899_1200x630.jpg",620,413,false],"post-thumbnail":["https:\/\/arantv.az\/wp-content\/uploads\/2023\/11\/17002132734533739899_1200x630-240x172.jpg",240,172,true],"advps-thumb-one":["https:\/\/arantv.az\/wp-content\/uploads\/2023\/11\/17002132734533739899_1200x630.jpg",620,413,false]},"rttpg_author":{"display_name":"V\u00fcsal Rafiqo\u011flu","author_link":"https:\/\/arantv.az\/?author=2"},"rttpg_comment":0,"rttpg_category":"<a href=\"https:\/\/arantv.az\/?cat=4\" rel=\"category\">Siyas\u0259t<\/a>","rttpg_excerpt":"Az\u0259rbaycanda s\u0259f\u0259rd\u0259 olan T\u00fcrkiy\u0259 Y\u00fcks\u0259k Se\u00e7im Kurulunun s\u0259dri Ahmet Yenerin r\u0259hb\u0259rlik etdiyi n\u00fcmay\u0259nd\u0259 hey\u0259ti noyabr\u0131n 17-d\u0259 ulu \u00f6nd\u0259r Heyd\u0259r \u018fliyevin m\u0259zar\u0131n\u0131 v\u0259 \u015e\u0259hidl\u0259r xiyaban\u0131n\u0131 ziyar\u0259t edib. AZ\u018fRTAC x\u0259b\u0259r verir ki, n\u00fcmay\u0259nd\u0259 hey\u0259ti \u0259vv\u0259lc\u0259 F\u0259xri xiyabana g\u0259l\u0259r\u0259k xalq\u0131m\u0131z\u0131n \u00fcmummilli lideri, m\u00fcasir m\u00fcst\u0259qil Az\u0259rbaycan d\u00f6vl\u0259tinin memar\u0131 v\u0259 qurucusu Heyd\u0259r \u018fliyevin xatir\u0259sini d\u0259rin ehtiramla yad edib, m\u0259zar\u0131 \u00f6n\u00fcn\u0259&hellip;","_links":{"self":[{"href":"https:\/\/arantv.az\/index.php?rest_route=\/wp\/v2\/posts\/657693"}],"collection":[{"href":"https:\/\/arantv.az\/index.php?rest_route=\/wp\/v2\/posts"}],"about":[{"href":"https:\/\/arantv.az\/index.php?rest_route=\/wp\/v2\/types\/post"}],"author":[{"embeddable":true,"href":"https:\/\/arantv.az\/index.php?rest_route=\/wp\/v2\/users\/2"}],"replies":[{"embeddable":true,"href":"https:\/\/arantv.az\/index.php?rest_route=%2Fwp%2Fv2%2Fcomments&post=657693"}],"version-history":[{"count":0,"href":"https:\/\/arantv.az\/index.php?rest_route=\/wp\/v2\/posts\/657693\/revisions"}],"wp:featuredmedia":[{"embeddable":true,"href":"https:\/\/arantv.az\/index.php?rest_route=\/wp\/v2\/media\/657696"}],"wp:attachment":[{"href":"https:\/\/arantv.az\/index.php?rest_route=%2Fwp%2Fv2%2Fmedia&parent=657693"}],"wp:term":[{"taxonomy":"category","embeddable":true,"href":"https:\/\/arantv.az\/index.php?rest_route=%2Fwp%2Fv2%2Fcategories&post=657693"},{"taxonomy":"post_tag","embeddable":true,"href":"https:\/\/arantv.az\/index.php?rest_route=%2Fwp%2Fv2%2Ftags&post=657693"}],"curies":[{"name":"wp","href":"https:\/\/api.w.org\/{rel}","templated":true}]}}