{"id":657695,"date":"2023-11-17T16:05:58","date_gmt":"2023-11-17T12:05:58","guid":{"rendered":"https:\/\/arantv.az\/?p=657695"},"modified":"2023-11-17T16:05:58","modified_gmt":"2023-11-17T12:05:58","slug":"az%c9%99rbaycan-parlamentinin-abs-il%c9%99-%c9%99laq%c9%99l%c9%99r-uzr%c9%99-isci-qrupunun-r%c9%99hb%c9%99ri-senatin-q%c9%99rarini-k%c9%99skin-pisl%c9%99yib-foto","status":"publish","type":"post","link":"https:\/\/arantv.az\/?p=657695","title":{"rendered":"Az\u0259rbaycan parlamentinin AB\u015e il\u0259 \u0259laq\u0259l\u0259r \u00fczr\u0259 i\u015f\u00e7i qrupunun r\u0259hb\u0259ri Senat\u0131n q\u0259rar\u0131n\u0131 k\u0259skin pisl\u0259yib &#8211; FOTO"},"content":{"rendered":"<p>\u201cAz\u0259rbaycanda h\u0259r k\u0259s 907-ci d\u00fcz\u0259li\u015fin \u0259dal\u0259tsizliy\u0259 b\u0259rab\u0259r oldu\u011funu bilir\u201d.<\/p>\n<p>Bunu \u201cReport\u201da a\u00e7\u0131qlamas\u0131nda Az\u0259rbaycan Milli M\u0259clisinin AB\u015e il\u0259 parlamentl\u0259raras\u0131 \u0259laq\u0259l\u0259r \u00fczr\u0259 i\u015f\u00e7i qrupunun r\u0259hb\u0259ri, parlamentin Beyn\u0259lxalq m\u00fcnasib\u0259tl\u0259r v\u0259 parlamentl\u0259raras\u0131 \u0259laq\u0259l\u0259r komit\u0259sinin s\u0259dri S\u0259m\u0259d Seyidov deyib.<\/p>\n<p>Onun s\u00f6zl\u0259rin\u0259 g\u00f6r\u0259, AB\u015e bununla n\u0259inki qar\u015f\u0131l\u0131ql\u0131 etibar v\u0259 eyni zamanda strateji \u0259m\u0259kda\u015fl\u0131q \u0259laq\u0259l\u0259rin\u0259 z\u0259rb\u0259 vurub:<\/p>\n<p>\u201cXat\u0131rladaq ki, 907-ci d\u00fcz\u0259li\u015f 1992-ci ilin oktyabr ay\u0131nda &#8211; Xocal\u0131 soyq\u0131r\u0131m\u0131ndan c\u0259mi bir ne\u00e7\u0259 ay sonra q\u0259bul edilib. Ona g\u00f6r\u0259 bu d\u00fcz\u0259li\u015f \u0259dal\u0259tsizliyin r\u0259mzidir. Az\u0259rbaycanda xalq b\u0259lk\u0259 d\u0259 907-ci d\u00fcz\u0259li\u015f bar\u0259d\u0259 tam \u0259trafl\u0131 m\u0259lumatl\u0131 olmasa da, onun \u0259dal\u0259tsizliy\u0259 b\u0259rab\u0259r oldu\u011funu h\u0259r k\u0259s bilir. Bu bax\u0131mdan Az\u0259rbaycana qar\u015f\u0131 edil\u0259n \u0259dal\u0259tsizlikd\u0259n xalq\u0131m\u0131z x\u0259b\u0259rdard\u0131r, ist\u0259r sad\u0259 v\u0259t\u0259nda\u015f, ist\u0259rs\u0259 d\u0259 siyas\u0259t\u00e7i\u201d.<\/p>\n<p>\u0130\u015f\u00e7i qrupun r\u0259hb\u0259ri xat\u0131rlad\u0131b ki, \u0259slind\u0259, ill\u0259r boyu 907-ci d\u00fcz\u0259li\u015fin aradan qald\u0131r\u0131lmamas\u0131, onun sad\u0259c\u0259 dayand\u0131r\u0131lmas\u0131 bir daha onu g\u00f6st\u0259rirdi ki, AB\u015e senat\u0131 m\u0259cbur\u0259n Az\u0259rbaycan reall\u0131qlar\u0131n\u0131 q\u0259bul edib:<\/p>\n<p>\u201cOna g\u00f6r\u0259 ki, Az\u0259rbaycan tamamil\u0259 f\u0259rqli m\u00fcst\u0259viy\u0259 qalxd\u0131, tamamil\u0259 ba\u015fqa bir s\u0259viyy\u0259d\u0259 \u00f6z g\u00fcc\u00fcn\u00fc, q\u00fcdr\u0259tini g\u00f6st\u0259rdi. Ancaq g\u00f6r\u00fcn\u00fcr bunlar \u00fc\u00e7\u00fcn q\u0131rm\u0131z\u0131 bir x\u0259tt var idi. Bu da bizim torpaqlar\u0131m\u0131z\u0131n erm\u0259ni i\u015f\u011fal\u00e7\u0131lar\u0131ndan tamamil\u0259 azad edilm\u0259si idi. N\u0259 q\u0259d\u0259r paradoksal s\u0259sl\u0259ns\u0259 d\u0259, g\u00f6r\u00fcn\u00fcr d\u00f6vl\u0259tin \u0259razi b\u00fct\u00f6vl\u00fcy\u00fcn\u00fcn b\u0259rpas\u0131 AB\u015e senatorlar\u0131 \u00fc\u00e7\u00fcn q\u0131rm\u0131z\u0131 x\u0259tt imi\u015f. Az\u0259rbaycan \u00f6z suverenliyini tam b\u0259rpa edib, Xank\u0259ndid\u0259 bayraq qald\u0131rd\u0131qdan sonra okean\u0131n o tay\u0131ndak\u0131lar s\u00f6z\u00fcn \u0259sl m\u0259nas\u0131nda, sanki n\u0259yis\u0259 itirdil\u0259r\u201d.<\/p>\n<p>&nbsp;<\/p>\n<div class=\"gallery\">\n<div class=\"gallery-i\"><img src=\"https:\/\/cdn.oxu.az\/uploads\/W1siZiIsIjIwMjMvMTEvMTcvMTIvMzcvNDYvODJkZjE3MGEtMGI5Yi00ZDUxLThmMjYtMmRiNzYwNWE2N2QyL1ptRlp3b2ZtRUlqRVk5MlI2QkYxYm1BTkdZSktsTXhXclFySUpkckQuanBnIl0sWyJwIiwiZW5jb2RlIiwianBnIiwiLXF1YWxpdHkgODAiXSxbInAiLCJ0aHVtYiIsIjU5MHg1OTBcdTAwM2UiXV0?sha=e60b1fdaab5a607d\" alt=\"\" \/><\/p>\n<div class=\"gallery-i-caption\"><\/div>\n<\/div>\n<\/div>\n<p>\u201cH\u0259r il 907-ci d\u00fcz\u0259li\u015fin q\u0259bul olundu\u011fu vaxt\u00a0eyni hissl\u0259ri ke\u00e7iririk. O zaman biz i\u015f\u011fal alt\u0131nda idik, biz\u0259 deyilirdi ki, siz i\u015f\u011fal etmisiniz. Biz qa\u00e7q\u0131nlara malik idik, lakin qa\u00e7q\u0131n yaratmaqda ittiham edilirdik. \u0130ndi biz \u00f6z torpaqlar\u0131m\u0131z\u0131 i\u015f\u011faldan azad etmi\u015fik, i\u015f\u011falda g\u00fcnahland\u0131r\u0131l\u0131r\u0131q. Art\u0131q kartlar a\u00e7\u0131l\u0131b v\u0259 m\u0259lum olub ki, onlara z\u0259if, g\u00fccs\u00fcz, \u0259ll\u0259ri alt\u0131nda olan v\u0259 regiondan qopar\u0131lm\u0131\u015f Az\u0259rbaycan v\u0259 Erm\u0259nistan laz\u0131md\u0131r. Az\u0259rbaycan bu yolun yol\u00e7usu olmad\u0131, \u00f6z m\u00fcst\u0259qil m\u00f6vqeyini n\u00fcmayi\u015f etdirdi. Lakin Erm\u0259nistan yen\u0259 al\u0259t\u0259 \u00e7evrildi. \u018fvv\u0259ll\u0259r Rusiyan\u0131n \u0259lind\u0259 al\u0259t idi, indi d\u0259 AB\u015e-nin \u0259lind\u0259 v\u0259 regionda stabilliyi pozmaq, s\u00fclh\u0259 qar\u015f\u0131 m\u0259s\u0259l\u0259l\u0259ri g\u00fcnd\u0259m\u0259 g\u0259tirm\u0259kl\u0259 b\u00f6lg\u0259d\u0259 AB\u015e-nin maraqlar\u0131n\u0131 h\u0259yata ke\u00e7irm\u0259y\u0259 \u00e7al\u0131\u015f\u0131r. Onlar n\u0259 Az\u0259rbaycan, n\u0259 d\u0259 Erm\u0259nistan haqq\u0131nda d\u00fc\u015f\u00fcn\u00fcrl\u0259r\u201d, &#8211; dey\u0259 Milli M\u0259clisin \u00fczv\u00fc \u0259lav\u0259 edib.<\/p>\n<p>S.Seyidov vur\u011fulay\u0131b ki, AB\u015e konqresmenl\u0259rini regiondak\u0131 stabillik maraqland\u0131rm\u0131r v\u0259 he\u00e7 bir zaman maraqland\u0131rmayacaq:<\/p>\n<p>\u201cAz\u0259rbaycan-Amerika Birl\u0259\u015fmi\u015f \u015etatlar\u0131 parlamentl\u0259raras\u0131 \u0259laq\u0259l\u0259r \u00fczr\u0259 i\u015f\u00e7i qrupu da s\u00f6z\u00fcged\u0259n m\u0259s\u0259l\u0259 il\u0259 \u0259laq\u0259dar laz\u0131m olan b\u00fct\u00fcn add\u0131mlar\u0131 atacaq\u201d.<\/p>\n<p>Qeyd ed\u0259k ki, noyabr\u0131n 15-d\u0259 AB\u015e Konqresinin yuxar\u0131 palatas\u0131 Az\u0259rbaycana yard\u0131mlar\u0131 qada\u011fan ed\u0259n S.3000 qanun layih\u0259sini t\u0259sdiql\u0259yib. Qanun AB\u015e Prezidentin\u0259 Az\u0259rbaycanla ba\u011fl\u0131 907-ci d\u00fcz\u0259li\u015fi dayand\u0131rma\u011fa icaz\u0259 vermir.<\/p>\n<p>Azadl\u0131\u011fa D\u0259st\u0259k Akt\u0131na edil\u0259n 907-ci d\u00fcz\u0259li\u015f AB\u015e h\u00f6kum\u0259tinin Az\u0259rbaycan\u0131n r\u0259smi strukturlar\u0131na yard\u0131m g\u00f6st\u0259rm\u0259sini qada\u011fan edir. Q\u0259rar N\u00fcmay\u0259nd\u0259l\u0259r Palatas\u0131 t\u0259r\u0259find\u0259n t\u0259sdiq edilm\u0259li v\u0259 prezident t\u0259r\u0259find\u0259n imzalanmal\u0131d\u0131r.<\/p>\n","protected":false},"excerpt":{"rendered":"<p>\u201cAz\u0259rbaycanda h\u0259r k\u0259s 907-ci d\u00fcz\u0259li\u015fin \u0259dal\u0259tsizliy\u0259 b\u0259rab\u0259r oldu\u011funu bilir\u201d. Bunu \u201cReport\u201da a\u00e7\u0131qlamas\u0131nda Az\u0259rbaycan Milli M\u0259clisinin AB\u015e il\u0259 parlamentl\u0259raras\u0131 \u0259laq\u0259l\u0259r \u00fczr\u0259 i\u015f\u00e7i qrupunun r\u0259hb\u0259ri, parlamentin Beyn\u0259lxalq m\u00fcnasib\u0259tl\u0259r v\u0259 parlamentl\u0259raras\u0131 \u0259laq\u0259l\u0259r komit\u0259sinin s\u0259dri S\u0259m\u0259d Seyidov deyib. Onun s\u00f6zl\u0259rin\u0259 g\u00f6r\u0259, AB\u015e bununla n\u0259inki qar\u015f\u0131l\u0131ql\u0131 etibar v\u0259 eyni zamanda strateji \u0259m\u0259kda\u015fl\u0131q \u0259laq\u0259l\u0259rin\u0259 z\u0259rb\u0259 vurub: \u201cXat\u0131rladaq ki, 907-ci d\u00fcz\u0259li\u015f 1992-ci ilin oktyabr ay\u0131nda &#8211; Xocal\u0131 soyq\u0131r\u0131m\u0131ndan c\u0259mi bir ne\u00e7\u0259 ay sonra q\u0259bul edilib. Ona g\u00f6r\u0259 bu d\u00fcz\u0259li\u015f \u0259dal\u0259tsizliyin r\u0259mzidir. Az\u0259rbaycanda xalq b\u0259lk\u0259 d\u0259 907-ci d\u00fcz\u0259li\u015f bar\u0259d\u0259 tam \u0259trafl\u0131 m\u0259lumatl\u0131 olmasa da, onun \u0259dal\u0259tsizliy\u0259 b\u0259rab\u0259r oldu\u011funu&hellip;<\/p>\n","protected":false},"author":2,"featured_media":479524,"comment_status":"closed","ping_status":"closed","sticky":false,"template":"","format":"standard","meta":{"om_disable_all_campaigns":false,"_monsterinsights_skip_tracking":false,"_monsterinsights_sitenote_active":false,"_monsterinsights_sitenote_note":"","_monsterinsights_sitenote_category":0},"categories":[4],"tags":[],"aioseo_notices":[],"gutentor_comment":0,"rttpg_featured_image_url":{"full":["https:\/\/arantv.az\/wp-content\/uploads\/2022\/05\/milli_meclis_021.jpg",800,600,false],"landscape":["https:\/\/arantv.az\/wp-content\/uploads\/2022\/05\/milli_meclis_021.jpg",800,600,false],"portraits":["https:\/\/arantv.az\/wp-content\/uploads\/2022\/05\/milli_meclis_021.jpg",800,600,false],"thumbnail":["https:\/\/arantv.az\/wp-content\/uploads\/2022\/05\/milli_meclis_021-500x280.jpg",500,280,true],"medium":["https:\/\/arantv.az\/wp-content\/uploads\/2022\/05\/milli_meclis_021-487x365.jpg",487,365,true],"large":["https:\/\/arantv.az\/wp-content\/uploads\/2022\/05\/milli_meclis_021.jpg",640,480,false],"1536x1536":["https:\/\/arantv.az\/wp-content\/uploads\/2022\/05\/milli_meclis_021.jpg",800,600,false],"2048x2048":["https:\/\/arantv.az\/wp-content\/uploads\/2022\/05\/milli_meclis_021.jpg",800,600,false],"post-thumbnail":["https:\/\/arantv.az\/wp-content\/uploads\/2022\/05\/milli_meclis_021-240x172.jpg",240,172,true],"advps-thumb-one":["https:\/\/arantv.az\/wp-content\/uploads\/2022\/05\/milli_meclis_021.jpg",800,600,false]},"rttpg_author":{"display_name":"V\u00fcsal Rafiqo\u011flu","author_link":"https:\/\/arantv.az\/?author=2"},"rttpg_comment":0,"rttpg_category":"<a href=\"https:\/\/arantv.az\/?cat=4\" rel=\"category\">Siyas\u0259t<\/a>","rttpg_excerpt":"\u201cAz\u0259rbaycanda h\u0259r k\u0259s 907-ci d\u00fcz\u0259li\u015fin \u0259dal\u0259tsizliy\u0259 b\u0259rab\u0259r oldu\u011funu bilir\u201d. Bunu \u201cReport\u201da a\u00e7\u0131qlamas\u0131nda Az\u0259rbaycan Milli M\u0259clisinin AB\u015e il\u0259 parlamentl\u0259raras\u0131 \u0259laq\u0259l\u0259r \u00fczr\u0259 i\u015f\u00e7i qrupunun r\u0259hb\u0259ri, parlamentin Beyn\u0259lxalq m\u00fcnasib\u0259tl\u0259r v\u0259 parlamentl\u0259raras\u0131 \u0259laq\u0259l\u0259r komit\u0259sinin s\u0259dri S\u0259m\u0259d Seyidov deyib. Onun s\u00f6zl\u0259rin\u0259 g\u00f6r\u0259, AB\u015e bununla n\u0259inki qar\u015f\u0131l\u0131ql\u0131 etibar v\u0259 eyni zamanda strateji \u0259m\u0259kda\u015fl\u0131q \u0259laq\u0259l\u0259rin\u0259 z\u0259rb\u0259 vurub: \u201cXat\u0131rladaq ki, 907-ci d\u00fcz\u0259li\u015f 1992-ci&hellip;","_links":{"self":[{"href":"https:\/\/arantv.az\/index.php?rest_route=\/wp\/v2\/posts\/657695"}],"collection":[{"href":"https:\/\/arantv.az\/index.php?rest_route=\/wp\/v2\/posts"}],"about":[{"href":"https:\/\/arantv.az\/index.php?rest_route=\/wp\/v2\/types\/post"}],"author":[{"embeddable":true,"href":"https:\/\/arantv.az\/index.php?rest_route=\/wp\/v2\/users\/2"}],"replies":[{"embeddable":true,"href":"https:\/\/arantv.az\/index.php?rest_route=%2Fwp%2Fv2%2Fcomments&post=657695"}],"version-history":[{"count":0,"href":"https:\/\/arantv.az\/index.php?rest_route=\/wp\/v2\/posts\/657695\/revisions"}],"wp:featuredmedia":[{"embeddable":true,"href":"https:\/\/arantv.az\/index.php?rest_route=\/wp\/v2\/media\/479524"}],"wp:attachment":[{"href":"https:\/\/arantv.az\/index.php?rest_route=%2Fwp%2Fv2%2Fmedia&parent=657695"}],"wp:term":[{"taxonomy":"category","embeddable":true,"href":"https:\/\/arantv.az\/index.php?rest_route=%2Fwp%2Fv2%2Fcategories&post=657695"},{"taxonomy":"post_tag","embeddable":true,"href":"https:\/\/arantv.az\/index.php?rest_route=%2Fwp%2Fv2%2Ftags&post=657695"}],"curies":[{"name":"wp","href":"https:\/\/api.w.org\/{rel}","templated":true}]}}