{"id":657836,"date":"2023-11-17T18:43:36","date_gmt":"2023-11-17T14:43:36","guid":{"rendered":"https:\/\/arantv.az\/?p=657836"},"modified":"2023-11-17T18:43:36","modified_gmt":"2023-11-17T14:43:36","slug":"gurcu-politoloq-abs-qafqazi-oz-oyununa-al%c9%99t-ed%c9%99-bilm%c9%99y%c9%99c%c9%99k","status":"publish","type":"post","link":"https:\/\/arantv.az\/?p=657836","title":{"rendered":"G\u00fcrc\u00fc politoloq: \u201cAB\u015e Qafqaz\u0131 \u00f6z oyununa al\u0259t ed\u0259 bilm\u0259y\u0259c\u0259k\u201d"},"content":{"rendered":"<p>\u201cAB\u015e-nin q\u0259rar\u0131n\u0131n arxas\u0131nda n\u0259l\u0259r dayan\u0131r? Niy\u0259 Az\u0259rbaycana humanitar v\u0259 texniki yard\u0131m etm\u0259kd\u0259n imtina edir? Bunun yaln\u0131z bir cavab\u0131 var &#8211; s\u00fclh i\u00e7ind\u0259 olan Qafqaz\u0131 \u00f6z oyun v\u0259 m\u0259qs\u0259dl\u0259rin\u0259 al\u0259t etm\u0259k. Amma bunu ed\u0259 bilm\u0259y\u0259c\u0259k\u201d.<\/p>\n<p>Bu s\u00f6zl\u0259ri \u201cReport\u201dun yerli b\u00fcrosuna G\u00fcrc\u00fcstan Strateji Planla\u015fd\u0131rma M\u0259rk\u0259zinin r\u0259hb\u0259ri Levan Mamaladze deyib.<\/p>\n<p>\u201cQafqazda m\u00fcnaqi\u015f\u0259 olma\u011f\u0131n\u0131 ist\u0259y\u0259nl\u0259r \u00f6z m\u0259qs\u0259dl\u0259rin\u0259 \u00e7atma\u011fa \u00e7al\u0131\u015f\u0131rlar. \u00c7\u00fcnki Qaraba\u011f m\u0259s\u0259l\u0259si \u00f6z h\u0259llini tam tapd\u0131\u011f\u0131 \u00fc\u00e7\u00fcn regiona m\u00fcdaxil\u0259 \u00fc\u00e7\u00fcn s\u0259b\u0259b qalm\u0131r. Qafqazda s\u00fclh\u00fcn olmas\u0131 Az\u0259rbaycan, G\u00fcrc\u00fcstan v\u0259 Erm\u0259nistan \u00fc\u00e7\u00fcn \u00e7ox vacibdir. \u0130ki \u00f6lk\u0259 aras\u0131nda s\u00fclh m\u00fcqavil\u0259sinin imzalanmas\u0131 b\u00f6lg\u0259d\u0259 s\u00fclh\u00fcn t\u0259sdiq olunmas\u0131 dem\u0259kdir. AB\u015e-nin q\u0259bul etdiyi q\u0259rar is\u0259 s\u00fclh\u0259 qar\u015f\u0131d\u0131r. Bunu ba\u015fa d\u00fc\u015fm\u0259k olmur. \u00c7\u00fcnki bir t\u0259r\u0259fd\u0259n, AB\u015e deyirdi ki, biz Az\u0259rbaycan\u0131n \u0259razi b\u00fct\u00f6vl\u00fcy\u00fcn\u00fc tan\u0131y\u0131r\u0131q. R\u0259smi Bak\u0131 \u0259razi b\u00fct\u00f6vl\u00fcy\u00fcn\u00fc b\u0259rpa ed\u0259nd\u0259n sonra is\u0259 bel\u0259 q\u0259rar q\u0259bul edir\u201d.<\/p>\n<p>Levan Mamaladzenin s\u00f6zl\u0259rin\u0259 g\u00f6r\u0259, ox\u015far add\u0131mlar G\u00fcrc\u00fcstan \u00fc\u00e7\u00fcn d\u0259 q\u0259bul olunub:<\/p>\n<p>\u201cBel\u0259 ki, AB\u015e 2024-c\u00fc il parlament se\u00e7kil\u0259rind\u0259 G\u00fcrc\u00fcstana daimi m\u00fc\u015fahid\u0259 missiyas\u0131n\u0131 g\u00f6nd\u0259rm\u0259k ist\u0259yir. Bu n\u0259 dem\u0259kdir ax\u0131? Bu h\u0259r\u0259k\u0259tl\u0259rd\u0259 biz onlar\u0131n m\u0259krli planlar\u0131n\u0131 g\u00f6r\u0259 bil\u0259rik. Qafqaza t\u0259sir g\u00fcc\u00fcn\u0259 malik olmaq \u00fc\u00e7\u00fcn h\u0259r v\u0259chl\u0259 \u00e7al\u0131\u015f\u0131rlar ki, s\u00fclh\u0259 mane olsunlar. Ona g\u00f6r\u0259 d\u0259 t\u0259k G\u00fcrc\u00fcstan v\u0259 Az\u0259rbaycan \u00fc\u00e7\u00fcn yox, h\u0259m d\u0259 Erm\u0259nistan \u00fc\u00e7\u00fcn bu siqnal olmal\u0131d\u0131r. S\u00fclh m\u00fcqavil\u0259sini imzalay\u0131b xalqlar\u0131n rifah\u0131na zidd add\u0131mlar at\u0131lmas\u0131na yol verm\u0259m\u0259k g\u0259r\u0259kdir\u201d.<\/p>\n<p>\u201c<strong>\u0130lham \u018fliyevin<\/strong>\u00a0siyas\u0259ti bir daha s\u00fcbut etdi ki, \u0259razi b\u00fct\u00f6vl\u00fcy\u00fc nec\u0259 b\u0259rpa olunur. T\u0259bii ki, bu siyas\u0259t h\u0259m biz\u0259, h\u0259m d\u0259 Erm\u0259nistana n\u00fcmun\u0259 olmal\u0131d\u0131r\u201d, &#8211; dey\u0259 L.Mamaladze qeyd edib.<\/p>\n","protected":false},"excerpt":{"rendered":"<p>\u201cAB\u015e-nin q\u0259rar\u0131n\u0131n arxas\u0131nda n\u0259l\u0259r dayan\u0131r? Niy\u0259 Az\u0259rbaycana humanitar v\u0259 texniki yard\u0131m etm\u0259kd\u0259n imtina edir? Bunun yaln\u0131z bir cavab\u0131 var &#8211; s\u00fclh i\u00e7ind\u0259 olan Qafqaz\u0131 \u00f6z oyun v\u0259 m\u0259qs\u0259dl\u0259rin\u0259 al\u0259t etm\u0259k. Amma bunu ed\u0259 bilm\u0259y\u0259c\u0259k\u201d. Bu s\u00f6zl\u0259ri \u201cReport\u201dun yerli b\u00fcrosuna G\u00fcrc\u00fcstan Strateji Planla\u015fd\u0131rma M\u0259rk\u0259zinin r\u0259hb\u0259ri Levan Mamaladze deyib. \u201cQafqazda m\u00fcnaqi\u015f\u0259 olma\u011f\u0131n\u0131 ist\u0259y\u0259nl\u0259r \u00f6z m\u0259qs\u0259dl\u0259rin\u0259 \u00e7atma\u011fa \u00e7al\u0131\u015f\u0131rlar. \u00c7\u00fcnki Qaraba\u011f m\u0259s\u0259l\u0259si \u00f6z h\u0259llini tam tapd\u0131\u011f\u0131 \u00fc\u00e7\u00fcn regiona m\u00fcdaxil\u0259 \u00fc\u00e7\u00fcn s\u0259b\u0259b qalm\u0131r. Qafqazda s\u00fclh\u00fcn olmas\u0131 Az\u0259rbaycan, G\u00fcrc\u00fcstan v\u0259 Erm\u0259nistan \u00fc\u00e7\u00fcn \u00e7ox vacibdir. \u0130ki \u00f6lk\u0259 aras\u0131nda s\u00fclh m\u00fcqavil\u0259sinin imzalanmas\u0131 b\u00f6lg\u0259d\u0259 s\u00fclh\u00fcn t\u0259sdiq olunmas\u0131 dem\u0259kdir. AB\u015e-nin&hellip;<\/p>\n","protected":false},"author":2,"featured_media":657838,"comment_status":"closed","ping_status":"closed","sticky":false,"template":"","format":"standard","meta":{"om_disable_all_campaigns":false,"_monsterinsights_skip_tracking":false,"_monsterinsights_sitenote_active":false,"_monsterinsights_sitenote_note":"","_monsterinsights_sitenote_category":0},"categories":[4],"tags":[],"aioseo_notices":[],"gutentor_comment":0,"rttpg_featured_image_url":{"full":["https:\/\/arantv.az\/wp-content\/uploads\/2023\/11\/0e548f65-6183-3e8f-88d9-42a6e0ca81d9_850.jpg",620,413,false],"landscape":["https:\/\/arantv.az\/wp-content\/uploads\/2023\/11\/0e548f65-6183-3e8f-88d9-42a6e0ca81d9_850.jpg",620,413,false],"portraits":["https:\/\/arantv.az\/wp-content\/uploads\/2023\/11\/0e548f65-6183-3e8f-88d9-42a6e0ca81d9_850.jpg",620,413,false],"thumbnail":["https:\/\/arantv.az\/wp-content\/uploads\/2023\/11\/0e548f65-6183-3e8f-88d9-42a6e0ca81d9_850-500x280.jpg",500,280,true],"medium":["https:\/\/arantv.az\/wp-content\/uploads\/2023\/11\/0e548f65-6183-3e8f-88d9-42a6e0ca81d9_850-548x365.jpg",548,365,true],"large":["https:\/\/arantv.az\/wp-content\/uploads\/2023\/11\/0e548f65-6183-3e8f-88d9-42a6e0ca81d9_850.jpg",620,413,false],"1536x1536":["https:\/\/arantv.az\/wp-content\/uploads\/2023\/11\/0e548f65-6183-3e8f-88d9-42a6e0ca81d9_850.jpg",620,413,false],"2048x2048":["https:\/\/arantv.az\/wp-content\/uploads\/2023\/11\/0e548f65-6183-3e8f-88d9-42a6e0ca81d9_850.jpg",620,413,false],"post-thumbnail":["https:\/\/arantv.az\/wp-content\/uploads\/2023\/11\/0e548f65-6183-3e8f-88d9-42a6e0ca81d9_850-240x172.jpg",240,172,true],"advps-thumb-one":["https:\/\/arantv.az\/wp-content\/uploads\/2023\/11\/0e548f65-6183-3e8f-88d9-42a6e0ca81d9_850.jpg",620,413,false]},"rttpg_author":{"display_name":"V\u00fcsal Rafiqo\u011flu","author_link":"https:\/\/arantv.az\/?author=2"},"rttpg_comment":0,"rttpg_category":"<a href=\"https:\/\/arantv.az\/?cat=4\" rel=\"category\">Siyas\u0259t<\/a>","rttpg_excerpt":"\u201cAB\u015e-nin q\u0259rar\u0131n\u0131n arxas\u0131nda n\u0259l\u0259r dayan\u0131r? Niy\u0259 Az\u0259rbaycana humanitar v\u0259 texniki yard\u0131m etm\u0259kd\u0259n imtina edir? Bunun yaln\u0131z bir cavab\u0131 var &#8211; s\u00fclh i\u00e7ind\u0259 olan Qafqaz\u0131 \u00f6z oyun v\u0259 m\u0259qs\u0259dl\u0259rin\u0259 al\u0259t etm\u0259k. Amma bunu ed\u0259 bilm\u0259y\u0259c\u0259k\u201d. Bu s\u00f6zl\u0259ri \u201cReport\u201dun yerli b\u00fcrosuna G\u00fcrc\u00fcstan Strateji Planla\u015fd\u0131rma M\u0259rk\u0259zinin r\u0259hb\u0259ri Levan Mamaladze deyib. \u201cQafqazda m\u00fcnaqi\u015f\u0259 olma\u011f\u0131n\u0131 ist\u0259y\u0259nl\u0259r \u00f6z m\u0259qs\u0259dl\u0259rin\u0259 \u00e7atma\u011fa \u00e7al\u0131\u015f\u0131rlar.&hellip;","_links":{"self":[{"href":"https:\/\/arantv.az\/index.php?rest_route=\/wp\/v2\/posts\/657836"}],"collection":[{"href":"https:\/\/arantv.az\/index.php?rest_route=\/wp\/v2\/posts"}],"about":[{"href":"https:\/\/arantv.az\/index.php?rest_route=\/wp\/v2\/types\/post"}],"author":[{"embeddable":true,"href":"https:\/\/arantv.az\/index.php?rest_route=\/wp\/v2\/users\/2"}],"replies":[{"embeddable":true,"href":"https:\/\/arantv.az\/index.php?rest_route=%2Fwp%2Fv2%2Fcomments&post=657836"}],"version-history":[{"count":0,"href":"https:\/\/arantv.az\/index.php?rest_route=\/wp\/v2\/posts\/657836\/revisions"}],"wp:featuredmedia":[{"embeddable":true,"href":"https:\/\/arantv.az\/index.php?rest_route=\/wp\/v2\/media\/657838"}],"wp:attachment":[{"href":"https:\/\/arantv.az\/index.php?rest_route=%2Fwp%2Fv2%2Fmedia&parent=657836"}],"wp:term":[{"taxonomy":"category","embeddable":true,"href":"https:\/\/arantv.az\/index.php?rest_route=%2Fwp%2Fv2%2Fcategories&post=657836"},{"taxonomy":"post_tag","embeddable":true,"href":"https:\/\/arantv.az\/index.php?rest_route=%2Fwp%2Fv2%2Ftags&post=657836"}],"curies":[{"name":"wp","href":"https:\/\/api.w.org\/{rel}","templated":true}]}}