{"id":657843,"date":"2023-11-17T18:45:21","date_gmt":"2023-11-17T14:45:21","guid":{"rendered":"https:\/\/arantv.az\/?p=657843"},"modified":"2023-11-17T18:45:21","modified_gmt":"2023-11-17T14:45:21","slug":"baki-v%c9%99-ir%c9%99van-arasinda-danisiqlar-ucun-yeni-format-gorus-yeri-tbilisi-s%c9%99rh-foto","status":"publish","type":"post","link":"https:\/\/arantv.az\/?p=657843","title":{"rendered":"Bak\u0131 v\u0259 \u0130r\u0259van aras\u0131nda dan\u0131\u015f\u0131qlar \u00fc\u00e7\u00fcn yeni format: G\u00f6r\u00fc\u015f yeri Tbilisi &#8211; \u015e\u018fRH + FOTO"},"content":{"rendered":"<p>Az\u0259rbaycanla Erm\u0259nistan aras\u0131nda normalla\u015fma prosesi niy\u0259 ba\u015f tutmur? Yaxud t\u0259r\u0259fl\u0259r aras\u0131nda s\u00fclh m\u00fcqavil\u0259sinin imzalanmas\u0131na n\u0259 mane olur?<\/p>\n<p>R\u0259smi Bak\u0131 s\u00fclh m\u00fcqavil\u0259sinin imzalanmas\u0131, m\u00fcnasib\u0259tl\u0259rin normalla\u015fmas\u0131 il\u0259 ba\u011fl\u0131 t\u0259klifl\u0259r z\u0259rfini \u0130r\u0259vana t\u0259qdim edib. Bu onu g\u00f6st\u0259rir ki, Az\u0259rbaycan t\u0259r\u0259fi h\u0259r iki istiqam\u0259td\u0259 m\u0259s\u0259l\u0259nin h\u0259llind\u0259 daha maraql\u0131d\u0131r. Prezident\u00a0<strong>\u0130lham \u018fliyev\u00a0<\/strong>d\u0259 r\u0259smi Bak\u0131n\u0131n s\u00fclh\u0259 v\u0259 normalla\u015fmaya haz\u0131r oldu\u011funu d\u0259f\u0259l\u0259rl\u0259 bildirib.<\/p>\n<p>Erm\u0259nistan t\u0259r\u0259fi cavab verm\u0259s\u0259 d\u0259, t\u0259klifl\u0259ri ald\u0131qlar\u0131n\u0131 etiraf edib. \u0130r\u0259van r\u0259smil\u0259ri d\u0259 bu ist\u0259y\u0259 m\u00fcsb\u0259t yana\u015fd\u0131qlar\u0131n\u0131 bildiribl\u0259r.<\/p>\n<p>\u018fsas m\u0259s\u0259l\u0259 &#8211; Az\u0259rbaycan v\u0259 Erm\u0259nistan liderl\u0259rinin s\u00fclh v\u0259 normalla\u015fmaya m\u00fcsb\u0259t yana\u015fmas\u0131d\u0131r.<\/p>\n<p>\u0130kinci vacib m\u0259s\u0259l\u0259, t\u0259r\u0259fl\u0259rin m\u00fcharib\u0259nin yenid\u0259n ba\u015flamas\u0131na qar\u015f\u0131 olmas\u0131d\u0131r. D\u00fczd\u00fcr, Erm\u0259nistan\u0131 Hindistan, Fransa, B\u018f\u018f v\u0259 ba\u015fqalar\u0131 yenid\u0259n silahland\u0131r\u0131rlar. Bu onlar\u0131n perspektivd\u0259 m\u00fcharib\u0259y\u0259 ba\u015flamaq ist\u0259yini istisna etmir. Ancaq r\u0259smil\u0259r yenid\u0259n silahlanman\u0131n yeni h\u0259rbi \u0259m\u0259liyyatlara ba\u015flamaq \u00fc\u00e7\u00fcn n\u0259z\u0259rd\u0259 tutmad\u0131qlar\u0131n\u0131 iddia edirl\u0259r. H\u0259r halda bu, s\u00fclhl\u0259 ba\u011fl\u0131 dan\u0131\u015f\u0131qlar zaman\u0131 h\u0259ll edil\u0259 bil\u0259c\u0259k m\u0259s\u0259l\u0259l\u0259rd\u0259ndir.<\/p>\n<p>Erm\u0259nistan\u0131n silahlanmas\u0131, yaxud silahland\u0131r\u0131lmas\u0131, habel\u0259 q\u0131c\u0131qland\u0131r\u0131c\u0131, g\u0259rginliyin yaranmas\u0131na s\u0259b\u0259b olacaq m\u00fcxt\u0259lif a\u00e7\u0131qlamalar da s\u00fcbut edir ki, C\u0259nubi Qafqazdan k\u0259nar q\u00fcvv\u0259l\u0259r iki \u00f6lk\u0259 aras\u0131nda m\u00fcnasib\u0259tl\u0259rin normalla\u015fmas\u0131na mane olurlar.<\/p>\n<p><img src=\"https:\/\/cdn.oxu.az\/uploads\/W1siZiIsIjIwMjMvMTEvMTcvMTYvNDgvNDEvYmVlMzNmMGYtZTlkOC00YzAwLTg5NWEtNTEyZjdjNjYxNWViLzQ4MGM3Y2Y3LTg0ZDAtM2U5Mi04MzY2LTFjN2NlZmM5NjkwYS5qcGVnIl0sWyJwIiwiZW5jb2RlIiwianBnIiwiLXF1YWxpdHkgODAiXSxbInAiLCJ0aHVtYiIsIjU5MHg1OTBcdTAwM2UiXV0?sha=8df0535c0ab8ab38\" alt=\"\" \/><\/p>\n<p>\u00c7\u00fcnki regionda maraqlar\u0131n\u0131n t\u0259min olunmas\u0131n\u0131 ist\u0259y\u0259nl\u0259r \u00fc\u00e7\u00fcn onlar\u0131n i\u015ftirak\u0131 olmadan \u0130r\u0259van-Bak\u0131 aras\u0131nda birba\u015fa dialoq s\u0259rf etmir.<\/p>\n<p>30 il m\u00fcxt\u0259lif formatlara Az\u0259rbaycan-Erm\u0259nistan m\u00fcnasib\u0259tl\u0259rinin normalla\u015fmas\u0131, m\u00fcnaqi\u015f\u0259nin h\u0259ll olunmas\u0131 il\u0259 ba\u011fl\u0131 minl\u0259rl\u0259 saat g\u00f6r\u00fc\u015fl\u0259r ke\u00e7irilib, minl\u0259rl\u0259 kilometr yol q\u0259t edilib. N\u0259tic\u0259 is\u0259 s\u0131f\u0131r olub. Az qala, bu problemin h\u0259lli \u00fc\u00e7\u00fcn y\u00fcz il ke\u00e7\u0259c\u0259kdi. Bu g\u00fcn vasit\u0259\u00e7ilik iddias\u0131nda olanlar Az\u0259rbaycan\u0131n torpaqlar\u0131n\u0131n i\u015f\u011fal\u0131 il\u0259 bar\u0131\u015fmas\u0131na \u00e7al\u0131\u015f\u0131rd\u0131lar.<\/p>\n<p>Bu ilin sentyabr\u0131nda Az\u0259rbaycan SSR\u0130-d\u0259n \u00e7\u0131xark\u0259n malik oldu\u011fu \u0259razid\u0259 suverenliyini b\u0259rpa etdi. Erm\u0259nistanla m\u00fcnasib\u0259tl\u0259rin normalla\u015fmas\u0131 \u00fc\u00e7\u00fcn at\u0131lacaq bir ne\u00e7\u0259 add\u0131m qal\u0131b: s\u0259kkiz anklav k\u0259ndin qaytar\u0131lmas\u0131, s\u0259rh\u0259dl\u0259rin m\u00fc\u0259yy\u0259nl\u0259\u015fm\u0259si, q\u0259rbi az\u0259rbaycanl\u0131lar\u0131n Erm\u0259nistan v\u0259t\u0259nda\u015fl\u0131\u011f\u0131n\u0131n b\u0259rpas\u0131.<\/p>\n<p>Az\u0259rbaycan v\u0259 Erm\u0259nistan bu m\u0259s\u0259l\u0259l\u0259ri \u00fc\u00e7\u00fcnc\u00fc, d\u00f6rd\u00fcnc\u00fc v\u0259 s. t\u0259r\u0259fl\u0259rin i\u015ftirak\u0131 olmadan da h\u0259ll ed\u0259 bil\u0259r.<\/p>\n<p><img src=\"https:\/\/cdn.oxu.az\/uploads\/W1siZiIsIjIwMjMvMTEvMTcvMTYvNDgvNDEvYjQwODI1ZTQtNjA3Mi00ODkzLWEzZjAtMTE3ODkwZGJlZGY2L2YyYzU2MGM5LTRmM2MtMzgyOS1hYTE3LTc0ZTg1YzlmZDlmNy5qcGciXSxbInAiLCJlbmNvZGUiLCJqcGciLCItcXVhbGl0eSA4MCJdLFsicCIsInRodW1iIiwiNTkweDU5MFx1MDAzZSJdXQ?sha=6537c3c54c565f6f\" alt=\"\" \/><\/p>\n<p>44 g\u00fcnl\u00fck m\u00fcharib\u0259d\u0259n sonra Avropa \u0130ttifaq\u0131, AB\u015e v\u0259 Rusiya yenid\u0259n iki \u00f6lk\u0259 aras\u0131nda m\u00fcnasib\u0259tl\u0259rin normalla\u015fmas\u0131 v\u0259 s\u00fclh m\u00fcqavil\u0259sinin imzalanmas\u0131 istiqam\u0259tind\u0259 vasit\u0259\u00e7ilik etm\u0259y\u0259 ba\u015flad\u0131lar. N\u0259 ba\u015f verdi?<\/p>\n<p>A\u0130 s\u0259rh\u0259dl\u0259r m\u00fc\u0259yy\u0259nl\u0259\u015fm\u0259diyi halda, habel\u0259 r\u0259smi Bak\u0131n\u0131n icaz\u0259si olmadan Az\u0259rbaycan-Erm\u0259nistan s\u0259rh\u0259dyan\u0131 m\u0259nt\u0259q\u0259y\u0259 m\u00fclki m\u00fc\u015fahid\u0259 missiyas\u0131 yerl\u0259\u015fdirdi. Bu missiyan\u0131n t\u0259\u015f\u0259bb\u00fcs\u00e7\u00fcs\u00fc v\u0259 icra\u00e7\u0131s\u0131 Fransa Erm\u0259nistan\u0131 birm\u0259nal\u0131 \u015f\u0259kild\u0259 m\u00fcdafi\u0259 etm\u0259kl\u0259 dan\u0131\u015f\u0131qlarda A\u0130-nin t\u0259r\u0259f oldu\u011funu n\u00fcmayi\u015f etdirdi. Bunun ard\u0131nca Fransa Erm\u0259nistan\u0131 silahland\u0131rma\u011fa, h\u0259rbi yard\u0131m etm\u0259y\u0259 ba\u015flad\u0131.<\/p>\n<p>Halbuki dan\u0131\u015f\u0131qlara ba\u015flayark\u0259n Az\u0259rbaycan dialoqun u\u011furlu olaca\u011f\u0131na \u00fcmid edirdi. M\u0259lum oldu ki, A\u0130 d\u0259 v\u0259ziyy\u0259ti d\u0259y\u0259rl\u0259ndirib \u0259dal\u0259tli m\u00f6vqe tutmaq niyy\u0259tind\u0259 deyil.<\/p>\n<p><img src=\"https:\/\/cdn.oxu.az\/uploads\/W1siZiIsIjIwMjMvMTEvMTcvMTYvNDgvNDEvNDFiNGRkZjctNjBmNy00YjliLTg4M2UtZDVhN2M4MzNmMGE3LzM5ODk1MThlLWZkOGUtM2E5Mi04NjMzLTM5NjQyOGQ1MDE3Zi5qcGciXSxbInAiLCJlbmNvZGUiLCJqcGciLCItcXVhbGl0eSA4MCJdLFsicCIsInRodW1iIiwiNTkweDU5MFx1MDAzZSJdXQ?sha=3f93eb2a8e201854\" alt=\"\" \/><\/p>\n<p>D\u00fcnyaya liderlik ed\u0259n, etm\u0259k ist\u0259y\u0259n AB\u015e-d\u0259 d\u0259 g\u00f6r\u00fc\u015fl\u0259r ke\u00e7irildi. Yen\u0259 yekunda normalla\u015fma v\u0259 s\u00fclhl\u0259 ba\u011fl\u0131 he\u00e7 bir add\u0131m bel\u0259 at\u0131lmad\u0131. A\u0130 v\u0259 Va\u015finqton g\u00f6r\u00fc\u015fl\u0259rind\u0259 yegan\u0259 n\u0259tic\u0259 n\u00f6vb\u0259ti g\u00f6r\u00fc\u015f\u00fcn ke\u00e7irilm\u0259si il\u0259 ba\u011fl\u0131 raz\u0131l\u0131\u011f\u0131n \u0259ld\u0259 edilm\u0259si idi. Tutaq ki, o g\u00f6r\u00fc\u015fl\u0259r d\u0259 realla\u015fd\u0131. Ax\u0131 ba\u015fl\u0131ca m\u0259s\u0259l\u0259 \u00f6z h\u0259llini tapm\u0131r. \u018fksin\u0259, h\u0259min g\u00f6r\u00fc\u015fl\u0259rd\u0259n sonra Erm\u0259nistan Az\u0259rbaycanla m\u00fcnasib\u0259tl\u0259ri qurmaqdan bir az da uzaqla\u015f\u0131r. Ehtimal etm\u0259k olar ki, h\u0259min vasit\u0259\u00e7i-havadarlar r\u0259smi \u0130r\u0259vana ictimaiyy\u0259t \u00fc\u00e7\u00fcn m\u0259lum olmayan v\u0259dl\u0259r verirl\u0259r. O da \u00fczd\u0259 s\u00fclhd\u0259n dan\u0131\u015f\u0131b, sonradan m\u00fcxt\u0259lif iddialar ir\u0259li s\u00fcr\u00fcr.<\/p>\n<p>Rusiya da \u00f6z n\u00f6vb\u0259sind\u0259 Avropa \u0130ttifaq\u0131 v\u0259 AB\u015e-d\u0259n geri qalmamaq \u00fc\u00e7\u00fcn Bak\u0131 v\u0259 \u0130r\u0259van r\u0259smil\u0259rini Moskvaya d\u0259v\u0259t edir, i\u015f\u00e7i qrupunun g\u00f6r\u00fc\u015f\u00fcn\u00fcn ke\u00e7iril\u0259c\u0259yi, n\u00f6vb\u0259ti sammitl\u0259 ba\u011fl\u0131 raz\u0131l\u0131\u011f\u0131n \u0259ld\u0259 edildiyi haqq\u0131nda a\u00e7\u0131qlamalar verir. Ancaq n\u0259 i\u015f\u00e7i qrup topla\u015f\u0131r, n\u0259 d\u0259 sammit ke\u00e7irilir.<\/p>\n<p><img src=\"https:\/\/cdn.oxu.az\/uploads\/W1siZiIsIjIwMjMvMTEvMTcvMTYvNDgvNDEvNGI1Njg3MTEtMzZlYS00OWI0LTk1NzQtZTA2ODg5NWNjYjljL2NkNWE5MjNmLWVlOTgtMzg0Yy05MzBjLTEyNDdhMzEwNTkwZS5qcGciXSxbInAiLCJlbmNvZGUiLCJqcGciLCItcXVhbGl0eSA4MCJdLFsicCIsInRodW1iIiwiNTkweDU5MFx1MDAzZSJdXQ?sha=c0c27fde01a35fb6\" alt=\"\" \/><\/p>\n<p>Bel\u0259c\u0259, at\u0259\u015fk\u0259s haqq\u0131nda b\u0259yanat\u0131n imzalanmas\u0131ndan \u00fc\u00e7 ild\u0259n art\u0131q vaxt ke\u00e7m\u0259sin\u0259 baxmayaraq, beyn\u0259lxalq vasit\u0259\u00e7il\u0259rin f\u0259aliyy\u0259tinin n\u0259tic\u0259si s\u0131f\u0131rdan da a\u015fa\u011f\u0131 s\u0259viyy\u0259d\u0259dir. \u00c7\u00fcnki \u00f6t\u0259n m\u00fcdd\u0259t \u0259rzind\u0259 vasit\u0259\u00e7il\u0259r d\u0259 etimad\u0131n\u0131 itiribl\u0259r.<\/p>\n<p>Odur ki, yeni formatda g\u00f6r\u00fc\u015f\u00fcn ke\u00e7irilm\u0259sin\u0259 ehtiyac yaran\u0131r. Az\u0259rbaycanla Erm\u0259nistan aras\u0131nda s\u00fclh m\u00fcqavil\u0259sinin imzalanmas\u0131, normalla\u015fma prosesinin u\u011furlu n\u0259tic\u0259si ilk n\u00f6vb\u0259d\u0259 region \u00fc\u00e7\u00fcn daha \u0259h\u0259miyy\u0259tlidir. Ba\u015fqa s\u00f6zl\u0259, bu hadis\u0259nin ba\u015f verm\u0259sini Az\u0259rbaycan v\u0259 Erm\u0259nistan kimi G\u00fcrc\u00fcstan da ist\u0259yir. Bu, r\u0259smi Tbilisinin d\u0259 t\u0259hl\u00fck\u0259sizliyinin t\u0259min olunmas\u0131 \u00fc\u00e7\u00fcn vacibdir. AB\u015e, A\u0130 v\u0259 Rusiya regionda maraqlar\u0131n\u0131n t\u0259min olunmas\u0131 \u00fc\u00e7\u00fcn vasit\u0259\u00e7iliyi \u0259ll\u0259rind\u0259 bayraq etdikl\u0259ri, yaxud C\u0259nubi Qafqazda bir-birin\u0259 \u201ckim daha g\u00fccl\u00fcd\u00fcr?\u201d ismar\u0131\u015f\u0131n\u0131 verdikl\u0259ri halda G\u00fcrc\u00fcstan \u00fc\u00e7\u00fcn regionda h\u0259yati vacib m\u0259s\u0259l\u0259l\u0259rd\u0259ndir. Odur ki, r\u0259smi Tbilisi Az\u0259rbaycan-Erm\u0259nistan m\u00fcnasib\u0259tl\u0259rinin normalla\u015fmas\u0131 il\u0259 ba\u011fl\u0131 m\u0259s\u0259l\u0259y\u0259 vasit\u0259\u00e7ilik etm\u0259yi daha \u00e7ox haqq edir.<\/p>\n<p>M\u00f6vcud \u015f\u0259rait v\u0259 v\u0259ziyy\u0259t\u0259 \u0259sas\u0259n, dem\u0259k olar ki, Az\u0259rbaycan v\u0259 Erm\u0259nistan aras\u0131nda ikit\u0259r\u0259fli g\u00f6r\u00fc\u015f\u00fcn ke\u00e7irilm\u0259si daha u\u011furlu n\u0259tic\u0259 ver\u0259 bil\u0259r. Ona g\u00f6r\u0259 d\u0259 Bak\u0131-\u0130r\u0259van format\u0131nda g\u00f6r\u00fc\u015fl\u0259rin Tbilisid\u0259 ke\u00e7irilm\u0259si v\u0259 \u0259n \u0259sas\u0131 vasit\u0259\u00e7il\u0259rsiz, birba\u015fa dan\u0131\u015f\u0131qlar\u0131n apar\u0131lmas\u0131 regional v\u0259 qlobal bax\u0131mdan \u0259n uy\u011funudur.<\/p>\n<p><strong>\u201cReport\u201d \u0130nformasiya Agentliyi<\/strong><\/p>\n","protected":false},"excerpt":{"rendered":"<p>Az\u0259rbaycanla Erm\u0259nistan aras\u0131nda normalla\u015fma prosesi niy\u0259 ba\u015f tutmur? Yaxud t\u0259r\u0259fl\u0259r aras\u0131nda s\u00fclh m\u00fcqavil\u0259sinin imzalanmas\u0131na n\u0259 mane olur? R\u0259smi Bak\u0131 s\u00fclh m\u00fcqavil\u0259sinin imzalanmas\u0131, m\u00fcnasib\u0259tl\u0259rin normalla\u015fmas\u0131 il\u0259 ba\u011fl\u0131 t\u0259klifl\u0259r z\u0259rfini \u0130r\u0259vana t\u0259qdim edib. Bu onu g\u00f6st\u0259rir ki, Az\u0259rbaycan t\u0259r\u0259fi h\u0259r iki istiqam\u0259td\u0259 m\u0259s\u0259l\u0259nin h\u0259llind\u0259 daha maraql\u0131d\u0131r. Prezident\u00a0\u0130lham \u018fliyev\u00a0d\u0259 r\u0259smi Bak\u0131n\u0131n s\u00fclh\u0259 v\u0259 normalla\u015fmaya haz\u0131r oldu\u011funu d\u0259f\u0259l\u0259rl\u0259 bildirib. Erm\u0259nistan t\u0259r\u0259fi cavab verm\u0259s\u0259 d\u0259, t\u0259klifl\u0259ri ald\u0131qlar\u0131n\u0131 etiraf edib. \u0130r\u0259van r\u0259smil\u0259ri d\u0259 bu ist\u0259y\u0259 m\u00fcsb\u0259t yana\u015fd\u0131qlar\u0131n\u0131 bildiribl\u0259r. \u018fsas m\u0259s\u0259l\u0259 &#8211; Az\u0259rbaycan v\u0259 Erm\u0259nistan liderl\u0259rinin s\u00fclh v\u0259 normalla\u015fmaya m\u00fcsb\u0259t yana\u015fmas\u0131d\u0131r. \u0130kinci vacib m\u0259s\u0259l\u0259, t\u0259r\u0259fl\u0259rin m\u00fcharib\u0259nin yenid\u0259n&hellip;<\/p>\n","protected":false},"author":2,"featured_media":657846,"comment_status":"closed","ping_status":"closed","sticky":false,"template":"","format":"standard","meta":{"om_disable_all_campaigns":false,"_monsterinsights_skip_tracking":false,"_monsterinsights_sitenote_active":false,"_monsterinsights_sitenote_note":"","_monsterinsights_sitenote_category":0},"categories":[4],"tags":[],"aioseo_notices":[],"gutentor_comment":0,"rttpg_featured_image_url":{"full":["https:\/\/arantv.az\/wp-content\/uploads\/2023\/11\/2f3003f8-1223-3c3a-8f77-6d98fe898ddc_850.jpg",620,413,false],"landscape":["https:\/\/arantv.az\/wp-content\/uploads\/2023\/11\/2f3003f8-1223-3c3a-8f77-6d98fe898ddc_850.jpg",620,413,false],"portraits":["https:\/\/arantv.az\/wp-content\/uploads\/2023\/11\/2f3003f8-1223-3c3a-8f77-6d98fe898ddc_850.jpg",620,413,false],"thumbnail":["https:\/\/arantv.az\/wp-content\/uploads\/2023\/11\/2f3003f8-1223-3c3a-8f77-6d98fe898ddc_850-500x280.jpg",500,280,true],"medium":["https:\/\/arantv.az\/wp-content\/uploads\/2023\/11\/2f3003f8-1223-3c3a-8f77-6d98fe898ddc_850-548x365.jpg",548,365,true],"large":["https:\/\/arantv.az\/wp-content\/uploads\/2023\/11\/2f3003f8-1223-3c3a-8f77-6d98fe898ddc_850.jpg",620,413,false],"1536x1536":["https:\/\/arantv.az\/wp-content\/uploads\/2023\/11\/2f3003f8-1223-3c3a-8f77-6d98fe898ddc_850.jpg",620,413,false],"2048x2048":["https:\/\/arantv.az\/wp-content\/uploads\/2023\/11\/2f3003f8-1223-3c3a-8f77-6d98fe898ddc_850.jpg",620,413,false],"post-thumbnail":["https:\/\/arantv.az\/wp-content\/uploads\/2023\/11\/2f3003f8-1223-3c3a-8f77-6d98fe898ddc_850-240x172.jpg",240,172,true],"advps-thumb-one":["https:\/\/arantv.az\/wp-content\/uploads\/2023\/11\/2f3003f8-1223-3c3a-8f77-6d98fe898ddc_850.jpg",620,413,false]},"rttpg_author":{"display_name":"V\u00fcsal Rafiqo\u011flu","author_link":"https:\/\/arantv.az\/?author=2"},"rttpg_comment":0,"rttpg_category":"<a href=\"https:\/\/arantv.az\/?cat=4\" rel=\"category\">Siyas\u0259t<\/a>","rttpg_excerpt":"Az\u0259rbaycanla Erm\u0259nistan aras\u0131nda normalla\u015fma prosesi niy\u0259 ba\u015f tutmur? Yaxud t\u0259r\u0259fl\u0259r aras\u0131nda s\u00fclh m\u00fcqavil\u0259sinin imzalanmas\u0131na n\u0259 mane olur? R\u0259smi Bak\u0131 s\u00fclh m\u00fcqavil\u0259sinin imzalanmas\u0131, m\u00fcnasib\u0259tl\u0259rin normalla\u015fmas\u0131 il\u0259 ba\u011fl\u0131 t\u0259klifl\u0259r z\u0259rfini \u0130r\u0259vana t\u0259qdim edib. Bu onu g\u00f6st\u0259rir ki, Az\u0259rbaycan t\u0259r\u0259fi h\u0259r iki istiqam\u0259td\u0259 m\u0259s\u0259l\u0259nin h\u0259llind\u0259 daha maraql\u0131d\u0131r. Prezident\u00a0\u0130lham \u018fliyev\u00a0d\u0259 r\u0259smi Bak\u0131n\u0131n s\u00fclh\u0259 v\u0259 normalla\u015fmaya haz\u0131r oldu\u011funu d\u0259f\u0259l\u0259rl\u0259 bildirib.&hellip;","_links":{"self":[{"href":"https:\/\/arantv.az\/index.php?rest_route=\/wp\/v2\/posts\/657843"}],"collection":[{"href":"https:\/\/arantv.az\/index.php?rest_route=\/wp\/v2\/posts"}],"about":[{"href":"https:\/\/arantv.az\/index.php?rest_route=\/wp\/v2\/types\/post"}],"author":[{"embeddable":true,"href":"https:\/\/arantv.az\/index.php?rest_route=\/wp\/v2\/users\/2"}],"replies":[{"embeddable":true,"href":"https:\/\/arantv.az\/index.php?rest_route=%2Fwp%2Fv2%2Fcomments&post=657843"}],"version-history":[{"count":0,"href":"https:\/\/arantv.az\/index.php?rest_route=\/wp\/v2\/posts\/657843\/revisions"}],"wp:featuredmedia":[{"embeddable":true,"href":"https:\/\/arantv.az\/index.php?rest_route=\/wp\/v2\/media\/657846"}],"wp:attachment":[{"href":"https:\/\/arantv.az\/index.php?rest_route=%2Fwp%2Fv2%2Fmedia&parent=657843"}],"wp:term":[{"taxonomy":"category","embeddable":true,"href":"https:\/\/arantv.az\/index.php?rest_route=%2Fwp%2Fv2%2Fcategories&post=657843"},{"taxonomy":"post_tag","embeddable":true,"href":"https:\/\/arantv.az\/index.php?rest_route=%2Fwp%2Fv2%2Ftags&post=657843"}],"curies":[{"name":"wp","href":"https:\/\/api.w.org\/{rel}","templated":true}]}}