{"id":657849,"date":"2023-11-17T18:46:18","date_gmt":"2023-11-17T14:46:18","guid":{"rendered":"https:\/\/arantv.az\/?p=657849"},"modified":"2023-11-17T18:46:18","modified_gmt":"2023-11-17T14:46:18","slug":"q%c9%99rbi-az%c9%99rbaycan-icmasi-ai-r%c9%99smisinin-b%c9%99yanatlarini-qinayib","status":"publish","type":"post","link":"https:\/\/arantv.az\/?p=657849","title":{"rendered":"Q\u0259rbi Az\u0259rbaycan \u0130cmas\u0131 A\u0130 r\u0259smisinin b\u0259yanatlar\u0131n\u0131 q\u0131nay\u0131b"},"content":{"rendered":"<p>\u201cAvropa \u0130ttifaq\u0131n\u0131n (A\u0130) r\u0259smisi Peter Stano Erm\u0259nistan\u0131n \u201cArmenpress\u201d x\u0259b\u0259r agentliyin\u0259 2023-c\u00fc il noyabr\u0131n 17-d\u0259 verdiyi m\u00fcsahib\u0259sind\u0259 t\u0259xribat\u00e7\u0131 v\u0259 ayr\u0131-se\u00e7kilik xarakteri da\u015f\u0131yan b\u0259yanatlar verm\u0259kl\u0259 regionda v\u0259ziyy\u0259ti g\u0259rginl\u0259\u015fdirm\u0259y\u0259 \u00e7al\u0131\u015f\u0131b\u201d.<\/p>\n<p>Bu bar\u0259d\u0259 Q\u0259rbi Az\u0259rbaycan \u0130cmas\u0131n\u0131n son b\u0259yanat\u0131nda bildirilib.<\/p>\n<p>\u201cA\u0130 r\u0259smisi Az\u0259rbaycan\u0131n Qaraba\u011f b\u00f6lg\u0259sind\u0259n Erm\u0259nistana k\u00f6\u00e7m\u00fc\u015f erm\u0259nil\u0259rin qay\u0131tmaq h\u00fcququ bar\u0259d\u0259 dan\u0131\u015fd\u0131\u011f\u0131 halda, Erm\u0259nistandan qovulmu\u015f 300 min az\u0259rbaycanl\u0131n\u0131n qay\u0131d\u0131\u015f\u0131 bar\u0259d\u0259 he\u00e7 n\u0259 dem\u0259mi\u015fdir. Bu, etnik v\u0259 dini z\u0259mind\u0259 ayr\u0131-se\u00e7kilikdir. Xat\u0131rladaq ki, d\u0259f\u0259l\u0259rl\u0259 etdiyimiz m\u00fcraci\u0259tl\u0259r\u0259 baxmayaraq, A\u0130 bizim qay\u0131d\u0131\u015f h\u00fcququmuz bar\u0259d\u0259 m\u00f6vqeyini ictimai \u015f\u0259kild\u0259 ifad\u0259 etm\u0259kd\u0259n imtina edir.<\/p>\n<p>Bundan ba\u015fqa, A\u0130 r\u0259smisi Erm\u0259nistan\u0131n \u0259razi b\u00fct\u00f6vl\u00fcy\u00fcn\u00fcn qorunmas\u0131ndan m\u00fcq\u0259dd\u0259s v\u0259zif\u0259 kimi d\u0259m vuraraq\u00a0Az\u0259rbaycan\u0131 t\u0259hdid etmi\u015fdir. \u018fvv\u0259la, A\u0130-y\u0259 yax\u015f\u0131 m\u0259lumdur ki, Az\u0259rbaycan b\u00fct\u00fcn d\u00f6vl\u0259tl\u0259rin \u0259razi b\u00fct\u00f6vl\u00fcy\u00fcn\u0259 v\u0259 suverenliyin\u0259 h\u00f6rm\u0259tl\u0259 yana\u015f\u0131r. Bundan \u0259lav\u0259, 30 il \u0259rzind\u0259 Az\u0259rbaycan\u0131n \u0259razi b\u00fct\u00f6vl\u00fcy\u00fcn\u00fc pozmu\u015f, i\u015f\u011fal etdiyi Az\u0259rbaycan \u0259razil\u0259rind\u0259n y\u00fcz minl\u0259rl\u0259 az\u0259rbaycanl\u0131n\u0131 qovmu\u015f v\u0259 Az\u0259rbaycan\u0131n min\u0259 yax\u0131n \u015f\u0259h\u0259r v\u0259 k\u0259ndini da\u011f\u0131tm\u0131\u015f Erm\u0259nistan\u0131n \u0259m\u0259ll\u0259rin\u0259 g\u00f6z yuman A\u0130-nin indi Erm\u0259nistan\u0131n he\u00e7 bir t\u0259hdid alt\u0131nda olmayan \u0259razi b\u00fct\u00f6vl\u00fcy\u00fcn\u00fcn m\u00fcdafi\u0259sin\u0259 qalxmas\u0131 iki\u00fczl\u00fcl\u00fckd\u00fcr.<\/p>\n<p>A\u0130 r\u0259smisinin Az\u0259rbaycan\u0131n \u201cQaraba\u011fda birt\u0259r\u0259fli h\u0259rbi add\u0131m atmas\u0131\u201dndan narahatl\u0131q ke\u00e7irm\u0259si riyakarl\u0131qd\u0131r. Az\u0259rbaycan \u00f6z suveren \u0259razisind\u0259 \u0259m\u0259liyyat ke\u00e7irm\u0259y\u0259 g\u00f6r\u0259 he\u00e7 kimd\u0259n, o c\u00fcml\u0259d\u0259n A\u0130-d\u0259n icaz\u0259 alm\u0131r v\u0259 he\u00e7 kim\u0259 hesabat vermir.<\/p>\n<p>Qaraba\u011fda beyn\u0259lxalq q\u00fcvv\u0259l\u0259rin m\u00f6vcudlu\u011funun vacibliyini vur\u011fulayan A\u0130 qoy gedib bel\u0259 missiyalar\u0131n A\u0130 \u00f6lk\u0259l\u0259rin\u0259, m\u0259s\u0259l\u0259n irq\u00e7ilik v\u0259 islamofobiyan\u0131n \u00e7i\u00e7\u0259kl\u0259ndiyi, Korsika dilinin qada\u011fan edildiyi Fransaya v\u0259 ya rus etnik azl\u0131\u011f\u0131na qar\u015f\u0131 ayr\u0131-se\u00e7kilik siyas\u0259ti yerid\u0259n Litvaya g\u00f6nd\u0259rilm\u0259si il\u0259 m\u0259\u015f\u011ful olsun.<\/p>\n<p>A\u0130 Az\u0259rbaycan\u0131n daxili i\u015fl\u0259rin\u0259 m\u00fcdaxil\u0259 kimi d\u00fc\u015f\u00fck v\u0259 t\u0259k\u0259bb\u00fcrl\u00fc \u0259m\u0259ll\u0259rin\u0259 son qoymal\u0131, b\u00f6lg\u0259d\u0259 v\u0259ziyy\u0259ti g\u0259rginl\u0259\u015fdir\u0259n iki\u00fczl\u00fc v\u0259 ayr\u0131-se\u00e7kilik siyas\u0259tind\u0259n \u0259l \u00e7\u0259km\u0259li, Erm\u0259nistan\u0131n silahland\u0131r\u0131lmas\u0131n\u0131 dayand\u0131rmal\u0131 v\u0259 bu \u00f6lk\u0259d\u0259n qovulmu\u015f az\u0259rbaycanl\u0131lar\u0131n \u00f6z evl\u0259rin\u0259 qay\u0131tmaq h\u00fcququna h\u00f6rm\u0259t etm\u0259lidir\u201d, &#8211; dey\u0259 a\u00e7\u0131qlamada deyilir.<\/p>\n","protected":false},"excerpt":{"rendered":"<p>\u201cAvropa \u0130ttifaq\u0131n\u0131n (A\u0130) r\u0259smisi Peter Stano Erm\u0259nistan\u0131n \u201cArmenpress\u201d x\u0259b\u0259r agentliyin\u0259 2023-c\u00fc il noyabr\u0131n 17-d\u0259 verdiyi m\u00fcsahib\u0259sind\u0259 t\u0259xribat\u00e7\u0131 v\u0259 ayr\u0131-se\u00e7kilik xarakteri da\u015f\u0131yan b\u0259yanatlar verm\u0259kl\u0259 regionda v\u0259ziyy\u0259ti g\u0259rginl\u0259\u015fdirm\u0259y\u0259 \u00e7al\u0131\u015f\u0131b\u201d. Bu bar\u0259d\u0259 Q\u0259rbi Az\u0259rbaycan \u0130cmas\u0131n\u0131n son b\u0259yanat\u0131nda bildirilib. \u201cA\u0130 r\u0259smisi Az\u0259rbaycan\u0131n Qaraba\u011f b\u00f6lg\u0259sind\u0259n Erm\u0259nistana k\u00f6\u00e7m\u00fc\u015f erm\u0259nil\u0259rin qay\u0131tmaq h\u00fcququ bar\u0259d\u0259 dan\u0131\u015fd\u0131\u011f\u0131 halda, Erm\u0259nistandan qovulmu\u015f 300 min az\u0259rbaycanl\u0131n\u0131n qay\u0131d\u0131\u015f\u0131 bar\u0259d\u0259 he\u00e7 n\u0259 dem\u0259mi\u015fdir. Bu, etnik v\u0259 dini z\u0259mind\u0259 ayr\u0131-se\u00e7kilikdir. Xat\u0131rladaq ki, d\u0259f\u0259l\u0259rl\u0259 etdiyimiz m\u00fcraci\u0259tl\u0259r\u0259 baxmayaraq, A\u0130 bizim qay\u0131d\u0131\u015f h\u00fcququmuz bar\u0259d\u0259 m\u00f6vqeyini ictimai \u015f\u0259kild\u0259 ifad\u0259 etm\u0259kd\u0259n imtina edir. Bundan ba\u015fqa, A\u0130 r\u0259smisi Erm\u0259nistan\u0131n \u0259razi b\u00fct\u00f6vl\u00fcy\u00fcn\u00fcn qorunmas\u0131ndan&hellip;<\/p>\n","protected":false},"author":2,"featured_media":657853,"comment_status":"closed","ping_status":"closed","sticky":false,"template":"","format":"standard","meta":{"om_disable_all_campaigns":false,"_monsterinsights_skip_tracking":false,"_monsterinsights_sitenote_active":false,"_monsterinsights_sitenote_note":"","_monsterinsights_sitenote_category":0},"categories":[4],"tags":[],"aioseo_notices":[],"gutentor_comment":0,"rttpg_featured_image_url":{"full":["https:\/\/arantv.az\/wp-content\/uploads\/2023\/11\/6557701e780a26557701e780a317002291506557701e780a06557701e780a1.jpg",620,413,false],"landscape":["https:\/\/arantv.az\/wp-content\/uploads\/2023\/11\/6557701e780a26557701e780a317002291506557701e780a06557701e780a1.jpg",620,413,false],"portraits":["https:\/\/arantv.az\/wp-content\/uploads\/2023\/11\/6557701e780a26557701e780a317002291506557701e780a06557701e780a1.jpg",620,413,false],"thumbnail":["https:\/\/arantv.az\/wp-content\/uploads\/2023\/11\/6557701e780a26557701e780a317002291506557701e780a06557701e780a1-500x280.jpg",500,280,true],"medium":["https:\/\/arantv.az\/wp-content\/uploads\/2023\/11\/6557701e780a26557701e780a317002291506557701e780a06557701e780a1-548x365.jpg",548,365,true],"large":["https:\/\/arantv.az\/wp-content\/uploads\/2023\/11\/6557701e780a26557701e780a317002291506557701e780a06557701e780a1.jpg",620,413,false],"1536x1536":["https:\/\/arantv.az\/wp-content\/uploads\/2023\/11\/6557701e780a26557701e780a317002291506557701e780a06557701e780a1.jpg",620,413,false],"2048x2048":["https:\/\/arantv.az\/wp-content\/uploads\/2023\/11\/6557701e780a26557701e780a317002291506557701e780a06557701e780a1.jpg",620,413,false],"post-thumbnail":["https:\/\/arantv.az\/wp-content\/uploads\/2023\/11\/6557701e780a26557701e780a317002291506557701e780a06557701e780a1-240x172.jpg",240,172,true],"advps-thumb-one":["https:\/\/arantv.az\/wp-content\/uploads\/2023\/11\/6557701e780a26557701e780a317002291506557701e780a06557701e780a1.jpg",620,413,false]},"rttpg_author":{"display_name":"V\u00fcsal Rafiqo\u011flu","author_link":"https:\/\/arantv.az\/?author=2"},"rttpg_comment":0,"rttpg_category":"<a href=\"https:\/\/arantv.az\/?cat=4\" rel=\"category\">Siyas\u0259t<\/a>","rttpg_excerpt":"\u201cAvropa \u0130ttifaq\u0131n\u0131n (A\u0130) r\u0259smisi Peter Stano Erm\u0259nistan\u0131n \u201cArmenpress\u201d x\u0259b\u0259r agentliyin\u0259 2023-c\u00fc il noyabr\u0131n 17-d\u0259 verdiyi m\u00fcsahib\u0259sind\u0259 t\u0259xribat\u00e7\u0131 v\u0259 ayr\u0131-se\u00e7kilik xarakteri da\u015f\u0131yan b\u0259yanatlar verm\u0259kl\u0259 regionda v\u0259ziyy\u0259ti g\u0259rginl\u0259\u015fdirm\u0259y\u0259 \u00e7al\u0131\u015f\u0131b\u201d. Bu bar\u0259d\u0259 Q\u0259rbi Az\u0259rbaycan \u0130cmas\u0131n\u0131n son b\u0259yanat\u0131nda bildirilib. \u201cA\u0130 r\u0259smisi Az\u0259rbaycan\u0131n Qaraba\u011f b\u00f6lg\u0259sind\u0259n Erm\u0259nistana k\u00f6\u00e7m\u00fc\u015f erm\u0259nil\u0259rin qay\u0131tmaq h\u00fcququ bar\u0259d\u0259 dan\u0131\u015fd\u0131\u011f\u0131 halda, Erm\u0259nistandan qovulmu\u015f 300 min az\u0259rbaycanl\u0131n\u0131n qay\u0131d\u0131\u015f\u0131 bar\u0259d\u0259&hellip;","_links":{"self":[{"href":"https:\/\/arantv.az\/index.php?rest_route=\/wp\/v2\/posts\/657849"}],"collection":[{"href":"https:\/\/arantv.az\/index.php?rest_route=\/wp\/v2\/posts"}],"about":[{"href":"https:\/\/arantv.az\/index.php?rest_route=\/wp\/v2\/types\/post"}],"author":[{"embeddable":true,"href":"https:\/\/arantv.az\/index.php?rest_route=\/wp\/v2\/users\/2"}],"replies":[{"embeddable":true,"href":"https:\/\/arantv.az\/index.php?rest_route=%2Fwp%2Fv2%2Fcomments&post=657849"}],"version-history":[{"count":0,"href":"https:\/\/arantv.az\/index.php?rest_route=\/wp\/v2\/posts\/657849\/revisions"}],"wp:featuredmedia":[{"embeddable":true,"href":"https:\/\/arantv.az\/index.php?rest_route=\/wp\/v2\/media\/657853"}],"wp:attachment":[{"href":"https:\/\/arantv.az\/index.php?rest_route=%2Fwp%2Fv2%2Fmedia&parent=657849"}],"wp:term":[{"taxonomy":"category","embeddable":true,"href":"https:\/\/arantv.az\/index.php?rest_route=%2Fwp%2Fv2%2Fcategories&post=657849"},{"taxonomy":"post_tag","embeddable":true,"href":"https:\/\/arantv.az\/index.php?rest_route=%2Fwp%2Fv2%2Ftags&post=657849"}],"curies":[{"name":"wp","href":"https:\/\/api.w.org\/{rel}","templated":true}]}}